{"id":1747,"date":"2023-04-24T11:50:16","date_gmt":"2023-04-24T11:50:16","guid":{"rendered":"https:\/\/insalmenar.cat\/?p=1747"},"modified":"2023-04-24T11:50:16","modified_gmt":"2023-04-24T11:50:16","slug":"lliurament-de-premis-sant-jordi-2023","status":"publish","type":"post","link":"https:\/\/agora.xtec.cat\/iesalmenar\/noticies\/lliurament-de-premis-sant-jordi-2023\/","title":{"rendered":"Lliurament de premis &#8211; Sant Jordi 2023"},"content":{"rendered":"\n<p>El passat divendres 21 de mar\u00e7 vam celebrar a l&#8217;institut la diada de Sant Jordi.<\/p>\n\n\n\n<p>A banda d&#8217;activitats esportives, reptes ling\u00fc\u00edstics, jocs de taula i jocs tradicionals vam fer el lliurament de premis de Sant Jordi. Es van entregar els seg\u00fcents premis:<\/p>\n\n\n\n<ul class=\"wp-block-list\">\n<li>Concurs literari &#8211; llengua catalana.<\/li>\n\n\n\n<li>Concurs literari &#8211; llengua castellana.<\/li>\n\n\n\n<li>Concurs literari &#8211; llengua anglesa. <\/li>\n\n\n\n<li>Concurs de c\u00f2mics en angl\u00e8s.<\/li>\n\n\n\n<li>Jocs de taula en angl\u00e8s.<\/li>\n\n\n\n<li>Torneig multiesportiu de patis &#8220;INS Almenar Patis Actius League&#8221;.<\/li>\n\n\n\n<li>Concurs de punts de llibre. <\/li>\n<\/ul>\n\n\n\n<p>Podeu veure les fotos dels guanyadors i les guanyadores a la nostra <a href=\"https:\/\/photos.app.goo.gl\/AXbj5XgN8zZHaqbu7\" target=\"_blank\" rel=\"noreferrer noopener\">GALERIA<\/a>.<\/p>\n","protected":false},"excerpt":{"rendered":"<p>El passat divendres 21 de mar\u00e7 vam celebrar a l&#8217;institut la diada de Sant Jordi.<\/p>\n<p>A banda d&#8217;activitats esportives, reptes ling\u00fc\u00edstics, jocs de taula i jocs tradicionals vam fer el lliurament de premis de Sant Jordi. Es van entregar els seg\u00fcents premis:<\/p>\n<ul class=\"wp-block-list\">\n<li>Concurs literari &#8211; llengua&hellip;  <a href=\"https:\/\/agora.xtec.cat\/iesalmenar\/noticies\/lliurament-de-premis-sant-jordi-2023\/\" title=\"Read Lliurament de premis &#8211; Sant Jordi 2023\">Llegeix m\u00e9s\u00bb<\/a><br \/>\n","protected":false},"author":1,"featured_media":1748,"comment_status":"closed","ping_status":"closed","sticky":false,"template":"","format":"standard","meta":{"_bbp_topic_count":0,"_bbp_reply_count":0,"_bbp_total_topic_count":0,"_bbp_total_reply_count":0,"_bbp_voice_count":0,"_bbp_anonymous_reply_count":0,"_bbp_topic_count_hidden":0,"_bbp_reply_count_hidden":0,"_bbp_forum_subforum_count":0,"footnotes":""},"categories":[262],"tags":[],"class_list":["post-1747","post","type-post","status-publish","format-standard","has-post-thumbnail","hentry","category-noticies"],"post_mailing_queue_ids":[],"_links":{"self":[{"href":"https:\/\/agora.xtec.cat\/iesalmenar\/wp-json\/wp\/v2\/posts\/1747","targetHints":{"allow":["GET"]}}],"collection":[{"href":"https:\/\/agora.xtec.cat\/iesalmenar\/wp-json\/wp\/v2\/posts"}],"about":[{"href":"https:\/\/agora.xtec.cat\/iesalmenar\/wp-json\/wp\/v2\/types\/post"}],"author":[{"embeddable":true,"href":"https:\/\/agora.xtec.cat\/iesalmenar\/wp-json\/wp\/v2\/users\/1"}],"replies":[{"embeddable":true,"href":"https:\/\/agora.xtec.cat\/iesalmenar\/wp-json\/wp\/v2\/comments?post=1747"}],"version-history":[{"count":0,"href":"https:\/\/agora.xtec.cat\/iesalmenar\/wp-json\/wp\/v2\/posts\/1747\/revisions"}],"wp:featuredmedia":[{"embeddable":true,"href":"https:\/\/agora.xtec.cat\/iesalmenar\/wp-json\/"}],"wp:attachment":[{"href":"https:\/\/agora.xtec.cat\/iesalmenar\/wp-json\/wp\/v2\/media?parent=1747"}],"wp:term":[{"taxonomy":"category","embeddable":true,"href":"https:\/\/agora.xtec.cat\/iesalmenar\/wp-json\/wp\/v2\/categories?post=1747"},{"taxonomy":"post_tag","embeddable":true,"href":"https:\/\/agora.xtec.cat\/iesalmenar\/wp-json\/wp\/v2\/tags?post=1747"}],"curies":[{"name":"wp","href":"https:\/\/api.w.org\/{rel}","templated":true}]}}