{"id":1707,"date":"2023-03-31T09:47:44","date_gmt":"2023-03-31T09:47:44","guid":{"rendered":"https:\/\/insalmenar.cat\/?p=1707"},"modified":"2023-03-31T09:47:44","modified_gmt":"2023-03-31T09:47:44","slug":"sortida-3r-eso","status":"publish","type":"post","link":"https:\/\/agora.xtec.cat\/iesalmenar\/noticies\/sortida-3r-eso\/","title":{"rendered":"Sortida 3r ESO"},"content":{"rendered":"\n<p>El passat dimarts dia 28 l&#8217;alumnat de 3r d&#8217;ESO va visitar la b\u00f2bila de Tealsa on van poder aprendre el procediment de formaci\u00f3 de les totxanes. Despr\u00e9s van veure el funcionament de la cooperativa de Sant Gaiet\u00e0. Tot va formar part del projecte del 2n trimestre.<\/p>\n\n\n\n<figure class=\"wp-block-image size-large is-resized\"><img loading=\"lazy\" decoding=\"async\" src=\"https:\/\/insalmenar.cat\/wp-content\/uploads\/2023\/03\/WhatsApp-Image-2023-03-28-at-10.11.20-AM-1024x766.jpeg\" alt=\"\" class=\"wp-image-1708\" width=\"411\" height=\"307\" \/><\/figure>\n","protected":false},"excerpt":{"rendered":"<p>El passat dimarts dia 28 l&#8217;alumnat de 3r d&#8217;ESO va visitar la b\u00f2bila de Tealsa on van poder aprendre el procediment de formaci\u00f3 de les totxanes. Despr\u00e9s van veure el funcionament de la cooperativa de Sant Gaiet\u00e0. Tot va formar part del projecte del 2n&hellip;  <a href=\"https:\/\/agora.xtec.cat\/iesalmenar\/noticies\/sortida-3r-eso\/\" title=\"Read Sortida 3r ESO\">Llegeix m\u00e9s\u00bb<\/a><\/p>\n","protected":false},"author":1,"featured_media":1709,"comment_status":"closed","ping_status":"closed","sticky":false,"template":"","format":"standard","meta":{"_bbp_topic_count":0,"_bbp_reply_count":0,"_bbp_total_topic_count":0,"_bbp_total_reply_count":0,"_bbp_voice_count":0,"_bbp_anonymous_reply_count":0,"_bbp_topic_count_hidden":0,"_bbp_reply_count_hidden":0,"_bbp_forum_subforum_count":0,"footnotes":""},"categories":[262],"tags":[],"class_list":["post-1707","post","type-post","status-publish","format-standard","has-post-thumbnail","hentry","category-noticies"],"post_mailing_queue_ids":[],"_links":{"self":[{"href":"https:\/\/agora.xtec.cat\/iesalmenar\/wp-json\/wp\/v2\/posts\/1707","targetHints":{"allow":["GET"]}}],"collection":[{"href":"https:\/\/agora.xtec.cat\/iesalmenar\/wp-json\/wp\/v2\/posts"}],"about":[{"href":"https:\/\/agora.xtec.cat\/iesalmenar\/wp-json\/wp\/v2\/types\/post"}],"author":[{"embeddable":true,"href":"https:\/\/agora.xtec.cat\/iesalmenar\/wp-json\/wp\/v2\/users\/1"}],"replies":[{"embeddable":true,"href":"https:\/\/agora.xtec.cat\/iesalmenar\/wp-json\/wp\/v2\/comments?post=1707"}],"version-history":[{"count":0,"href":"https:\/\/agora.xtec.cat\/iesalmenar\/wp-json\/wp\/v2\/posts\/1707\/revisions"}],"wp:featuredmedia":[{"embeddable":true,"href":"https:\/\/agora.xtec.cat\/iesalmenar\/wp-json\/"}],"wp:attachment":[{"href":"https:\/\/agora.xtec.cat\/iesalmenar\/wp-json\/wp\/v2\/media?parent=1707"}],"wp:term":[{"taxonomy":"category","embeddable":true,"href":"https:\/\/agora.xtec.cat\/iesalmenar\/wp-json\/wp\/v2\/categories?post=1707"},{"taxonomy":"post_tag","embeddable":true,"href":"https:\/\/agora.xtec.cat\/iesalmenar\/wp-json\/wp\/v2\/tags?post=1707"}],"curies":[{"name":"wp","href":"https:\/\/api.w.org\/{rel}","templated":true}]}}