{"id":1694,"date":"2023-03-23T10:55:28","date_gmt":"2023-03-23T10:55:28","guid":{"rendered":"https:\/\/insalmenar.cat\/?p=1694"},"modified":"2023-03-23T10:55:28","modified_gmt":"2023-03-23T10:55:28","slug":"dia-mundial-de-la-poesia-2","status":"publish","type":"post","link":"https:\/\/agora.xtec.cat\/iesalmenar\/noticies\/dia-mundial-de-la-poesia-2\/","title":{"rendered":"Dia Mundial de la Poesia"},"content":{"rendered":"\n<p>El passat dia 21 de mar\u00e7, vam celebrar la setzena edici\u00f3 del Dia Mundial de la Poesia<br>a la Biblioteca de l\u2019Institut d\u2019Almenar.<br>Des de l\u2019any 2008, la Instituci\u00f3 de les Lletres Catalanes i la Federaci\u00f3 Catalana<br>d\u2019Associacions i Clubs Unesco promocionen aquesta celebraci\u00f3 amb l\u2019elecci\u00f3 d\u2019un<br>poeta per a l\u2019ocasi\u00f3.<br>Enguany, alumnes i professors de l\u2019institut han protagonitzat la lectura del poema<br>escollit per la ILC \u201cTant si baixes la vista vers la immunda\u201d de Francesc Vicent Garcia<br>(Rector de Vallfogona), de qui commemorem el quatricentenari de la seva mort.<br>Durant l\u2019acte commemoratiu, han llegit l\u2019original en catal\u00e0 i la traducci\u00f3 en diverses<br>lleng\u00fces.<\/p>\n\n\n\n<figure class=\"wp-block-image size-large is-resized\"><img loading=\"lazy\" decoding=\"async\" src=\"https:\/\/insalmenar.cat\/wp-content\/uploads\/2023\/03\/8aaad438-a908-4571-9cad-5b030791fe87-768x1024.jpg\" alt=\"\" class=\"wp-image-1696\" width=\"330\" height=\"439\" \/><\/figure>\n","protected":false},"excerpt":{"rendered":"<p>El passat dia 21 de mar\u00e7, vam celebrar la setzena edici\u00f3 del Dia Mundial de la Poesiaa la Biblioteca de l\u2019Institut d\u2019Almenar.Des de l\u2019any 2008, la Instituci\u00f3 de les Lletres Catalanes i la Federaci\u00f3 Catalanad\u2019Associacions i Clubs Unesco promocionen aquesta celebraci\u00f3 amb l\u2019elecci\u00f3 d\u2019unpoeta per&hellip;  <a href=\"https:\/\/agora.xtec.cat\/iesalmenar\/noticies\/dia-mundial-de-la-poesia-2\/\" title=\"Read Dia Mundial de la Poesia\">Llegeix m\u00e9s\u00bb<\/a><\/p>\n","protected":false},"author":1,"featured_media":1695,"comment_status":"closed","ping_status":"closed","sticky":false,"template":"","format":"standard","meta":{"_bbp_topic_count":0,"_bbp_reply_count":0,"_bbp_total_topic_count":0,"_bbp_total_reply_count":0,"_bbp_voice_count":0,"_bbp_anonymous_reply_count":0,"_bbp_topic_count_hidden":0,"_bbp_reply_count_hidden":0,"_bbp_forum_subforum_count":0,"footnotes":""},"categories":[262],"tags":[],"class_list":["post-1694","post","type-post","status-publish","format-standard","has-post-thumbnail","hentry","category-noticies"],"post_mailing_queue_ids":[],"_links":{"self":[{"href":"https:\/\/agora.xtec.cat\/iesalmenar\/wp-json\/wp\/v2\/posts\/1694","targetHints":{"allow":["GET"]}}],"collection":[{"href":"https:\/\/agora.xtec.cat\/iesalmenar\/wp-json\/wp\/v2\/posts"}],"about":[{"href":"https:\/\/agora.xtec.cat\/iesalmenar\/wp-json\/wp\/v2\/types\/post"}],"author":[{"embeddable":true,"href":"https:\/\/agora.xtec.cat\/iesalmenar\/wp-json\/wp\/v2\/users\/1"}],"replies":[{"embeddable":true,"href":"https:\/\/agora.xtec.cat\/iesalmenar\/wp-json\/wp\/v2\/comments?post=1694"}],"version-history":[{"count":0,"href":"https:\/\/agora.xtec.cat\/iesalmenar\/wp-json\/wp\/v2\/posts\/1694\/revisions"}],"wp:featuredmedia":[{"embeddable":true,"href":"https:\/\/agora.xtec.cat\/iesalmenar\/wp-json\/"}],"wp:attachment":[{"href":"https:\/\/agora.xtec.cat\/iesalmenar\/wp-json\/wp\/v2\/media?parent=1694"}],"wp:term":[{"taxonomy":"category","embeddable":true,"href":"https:\/\/agora.xtec.cat\/iesalmenar\/wp-json\/wp\/v2\/categories?post=1694"},{"taxonomy":"post_tag","embeddable":true,"href":"https:\/\/agora.xtec.cat\/iesalmenar\/wp-json\/wp\/v2\/tags?post=1694"}],"curies":[{"name":"wp","href":"https:\/\/api.w.org\/{rel}","templated":true}]}}