{"id":1671,"date":"2023-03-09T18:07:39","date_gmt":"2023-03-09T18:07:39","guid":{"rendered":"https:\/\/insalmenar.cat\/?p=1671"},"modified":"2023-03-09T18:07:39","modified_gmt":"2023-03-09T18:07:39","slug":"plastic-pirates","status":"publish","type":"post","link":"https:\/\/agora.xtec.cat\/iesalmenar\/noticies\/plastic-pirates\/","title":{"rendered":"PLASTIC PIRATES"},"content":{"rendered":"\n<p>Els alumnes de Biologia de 4t d&#8217;ESO han participat en un estudi cient\u00edfic a escala europea sobre la distribuci\u00f3 de residus pl\u00e0stics al llarg dels rius europeus. Aquesta campanya pret\u00e9n refor\u00e7ar la conscienciaci\u00f3 a tot Europa sobre la import\u00e0ncia dels rius com art\u00e8ries de vida compartides i per a la protecci\u00f3 dels recursos naturals.<\/p>\n\n\n\n<p>Podeu trobar tota la informaci\u00f3 als seg\u00fcents enlla\u00e7os:<\/p>\n\n\n\n<p>P\u00c0GINA PLASTIC PIRATES:&nbsp;<a href=\"https:\/\/www.plastic-pirates.eu\/es\" target=\"_blank\" rel=\"noreferrer noopener\">https:\/\/www.plastic-pirates.eu\/es<\/a><\/p>\n\n\n\n<p>ENLLA\u00c7 ON SURTEN ELS RESULTATS I FOTOS DELS NOSTRES ALUMNES:\u00a0<a href=\"https:\/\/www.plastic-pirates.eu\/es\/results\/data\/6528\" target=\"_blank\" rel=\"noreferrer noopener\">https:\/\/www.plastic-pirates.eu\/es\/results\/data\/6528<\/a><\/p>\n\n\n\n<figure class=\"wp-block-image size-full is-resized\"><img loading=\"lazy\" decoding=\"async\" src=\"https:\/\/insalmenar.cat\/wp-content\/uploads\/2023\/03\/Collocant-la-xraxa.jpg\" alt=\"\" class=\"wp-image-1673\" width=\"195\" height=\"346\" \/><\/figure>\n\n\n\n<figure class=\"wp-block-image size-full is-resized\"><img loading=\"lazy\" decoding=\"async\" src=\"https:\/\/insalmenar.cat\/wp-content\/uploads\/2023\/03\/aa.jpg\" alt=\"\" class=\"wp-image-1675\" width=\"195\" height=\"262\" \/><\/figure>\n","protected":false},"excerpt":{"rendered":"<p>Els alumnes de Biologia de 4t d&#8217;ESO han participat en un estudi cient\u00edfic a escala europea sobre la distribuci\u00f3 de residus pl\u00e0stics al llarg dels rius europeus. Aquesta campanya pret\u00e9n refor\u00e7ar la conscienciaci\u00f3 a tot Europa sobre la import\u00e0ncia dels rius com art\u00e8ries de vida&hellip;  <a href=\"https:\/\/agora.xtec.cat\/iesalmenar\/noticies\/plastic-pirates\/\" title=\"Read PLASTIC PIRATES\">Llegeix m\u00e9s\u00bb<\/a><\/p>\n","protected":false},"author":1,"featured_media":1672,"comment_status":"closed","ping_status":"closed","sticky":false,"template":"","format":"standard","meta":{"_bbp_topic_count":0,"_bbp_reply_count":0,"_bbp_total_topic_count":0,"_bbp_total_reply_count":0,"_bbp_voice_count":0,"_bbp_anonymous_reply_count":0,"_bbp_topic_count_hidden":0,"_bbp_reply_count_hidden":0,"_bbp_forum_subforum_count":0,"footnotes":""},"categories":[262],"tags":[],"class_list":["post-1671","post","type-post","status-publish","format-standard","has-post-thumbnail","hentry","category-noticies"],"post_mailing_queue_ids":[],"_links":{"self":[{"href":"https:\/\/agora.xtec.cat\/iesalmenar\/wp-json\/wp\/v2\/posts\/1671","targetHints":{"allow":["GET"]}}],"collection":[{"href":"https:\/\/agora.xtec.cat\/iesalmenar\/wp-json\/wp\/v2\/posts"}],"about":[{"href":"https:\/\/agora.xtec.cat\/iesalmenar\/wp-json\/wp\/v2\/types\/post"}],"author":[{"embeddable":true,"href":"https:\/\/agora.xtec.cat\/iesalmenar\/wp-json\/wp\/v2\/users\/1"}],"replies":[{"embeddable":true,"href":"https:\/\/agora.xtec.cat\/iesalmenar\/wp-json\/wp\/v2\/comments?post=1671"}],"version-history":[{"count":0,"href":"https:\/\/agora.xtec.cat\/iesalmenar\/wp-json\/wp\/v2\/posts\/1671\/revisions"}],"wp:featuredmedia":[{"embeddable":true,"href":"https:\/\/agora.xtec.cat\/iesalmenar\/wp-json\/"}],"wp:attachment":[{"href":"https:\/\/agora.xtec.cat\/iesalmenar\/wp-json\/wp\/v2\/media?parent=1671"}],"wp:term":[{"taxonomy":"category","embeddable":true,"href":"https:\/\/agora.xtec.cat\/iesalmenar\/wp-json\/wp\/v2\/categories?post=1671"},{"taxonomy":"post_tag","embeddable":true,"href":"https:\/\/agora.xtec.cat\/iesalmenar\/wp-json\/wp\/v2\/tags?post=1671"}],"curies":[{"name":"wp","href":"https:\/\/api.w.org\/{rel}","templated":true}]}}