{"id":1646,"date":"2023-02-23T18:47:53","date_gmt":"2023-02-23T18:47:53","guid":{"rendered":"https:\/\/insalmenar.cat\/?p=1646"},"modified":"2023-02-23T18:47:53","modified_gmt":"2023-02-23T18:47:53","slug":"concurs-pica-lletres-tv-2023","status":"publish","type":"post","link":"https:\/\/agora.xtec.cat\/iesalmenar\/noticies\/concurs-pica-lletres-tv-2023\/","title":{"rendered":"Concurs Pica Lletres TV 2023"},"content":{"rendered":"\n<p>La Martina Rodr\u00edguez, l\u2019Adri\u00e1n Pe\u00f1afiel i el Marc Maj\u00f3s, alumnes de 3r d\u2019ESO, han participat al concurs televisiu&nbsp;<strong>Pica Lletres<\/strong>&nbsp;que s\u2019emet per Lleida TV. Es posen a prova els coneixements d\u2019ortografia catalana d\u2019alumnes d\u2019arreu del pa\u00eds, amb l\u2019objectiu de motivar l\u2019aprenentatge de la llengua catalana, aix\u00ed com de fomentar-ne l\u2019\u00fas d\u2019una manera l\u00fadica.<\/p>\n\n\n\n<p>L\u2019enregistrament del programa va tenir lloc el 22 de febrer al Teatre de l\u2019Escorxador de Lleida. Enhorabona!<\/p>\n\n\n\n<figure class=\"wp-block-image size-large is-resized\"><img loading=\"lazy\" decoding=\"async\" src=\"https:\/\/insalmenar.cat\/wp-content\/uploads\/2023\/02\/pica-lletres-1-1024x1024.jpg\" alt=\"\" class=\"wp-image-1648\" width=\"277\" height=\"277\" \/><\/figure>\n\n\n\n<figure class=\"wp-block-image size-large is-resized\"><img loading=\"lazy\" decoding=\"async\" src=\"https:\/\/insalmenar.cat\/wp-content\/uploads\/2023\/02\/pica-lletres--1024x1024.jpg\" alt=\"\" class=\"wp-image-1649\" width=\"470\" height=\"470\" \/><\/figure>\n","protected":false},"excerpt":{"rendered":"<p>La Martina Rodr\u00edguez, l\u2019Adri\u00e1n Pe\u00f1afiel i el Marc Maj\u00f3s, alumnes de 3r d\u2019ESO, han participat al concurs televisiu&nbsp;Pica Lletres&nbsp;que s\u2019emet per Lleida TV. Es posen a prova els coneixements d\u2019ortografia catalana d\u2019alumnes d\u2019arreu del pa\u00eds, amb l\u2019objectiu de motivar l\u2019aprenentatge de la llengua catalana, aix\u00ed&hellip;  <a href=\"https:\/\/agora.xtec.cat\/iesalmenar\/noticies\/concurs-pica-lletres-tv-2023\/\" title=\"Read Concurs Pica Lletres TV 2023\">Llegeix m\u00e9s\u00bb<\/a><\/p>\n","protected":false},"author":1,"featured_media":1647,"comment_status":"closed","ping_status":"closed","sticky":false,"template":"","format":"standard","meta":{"_bbp_topic_count":0,"_bbp_reply_count":0,"_bbp_total_topic_count":0,"_bbp_total_reply_count":0,"_bbp_voice_count":0,"_bbp_anonymous_reply_count":0,"_bbp_topic_count_hidden":0,"_bbp_reply_count_hidden":0,"_bbp_forum_subforum_count":0,"footnotes":""},"categories":[262],"tags":[],"class_list":["post-1646","post","type-post","status-publish","format-standard","has-post-thumbnail","hentry","category-noticies"],"post_mailing_queue_ids":[],"_links":{"self":[{"href":"https:\/\/agora.xtec.cat\/iesalmenar\/wp-json\/wp\/v2\/posts\/1646","targetHints":{"allow":["GET"]}}],"collection":[{"href":"https:\/\/agora.xtec.cat\/iesalmenar\/wp-json\/wp\/v2\/posts"}],"about":[{"href":"https:\/\/agora.xtec.cat\/iesalmenar\/wp-json\/wp\/v2\/types\/post"}],"author":[{"embeddable":true,"href":"https:\/\/agora.xtec.cat\/iesalmenar\/wp-json\/wp\/v2\/users\/1"}],"replies":[{"embeddable":true,"href":"https:\/\/agora.xtec.cat\/iesalmenar\/wp-json\/wp\/v2\/comments?post=1646"}],"version-history":[{"count":0,"href":"https:\/\/agora.xtec.cat\/iesalmenar\/wp-json\/wp\/v2\/posts\/1646\/revisions"}],"wp:featuredmedia":[{"embeddable":true,"href":"https:\/\/agora.xtec.cat\/iesalmenar\/wp-json\/"}],"wp:attachment":[{"href":"https:\/\/agora.xtec.cat\/iesalmenar\/wp-json\/wp\/v2\/media?parent=1646"}],"wp:term":[{"taxonomy":"category","embeddable":true,"href":"https:\/\/agora.xtec.cat\/iesalmenar\/wp-json\/wp\/v2\/categories?post=1646"},{"taxonomy":"post_tag","embeddable":true,"href":"https:\/\/agora.xtec.cat\/iesalmenar\/wp-json\/wp\/v2\/tags?post=1646"}],"curies":[{"name":"wp","href":"https:\/\/api.w.org\/{rel}","templated":true}]}}