{"id":1638,"date":"2023-02-16T09:11:35","date_gmt":"2023-02-16T09:11:35","guid":{"rendered":"https:\/\/insalmenar.cat\/?p=1638"},"modified":"2023-02-16T09:11:35","modified_gmt":"2023-02-16T09:11:35","slug":"i-despres-de-leso-que","status":"publish","type":"post","link":"https:\/\/agora.xtec.cat\/iesalmenar\/noticies\/i-despres-de-leso-que\/","title":{"rendered":"I despr\u00e8s de l&#8217;ESO qu\u00e8&#8230;?"},"content":{"rendered":"\n<p>Us facilitem a totes aquelles fam\u00edlies la presentaci\u00f3 que va tenir lloc ahir, 15 de febrer, en que es va presentar una orientaci\u00f3 per a l&#8217;alumnat quan acaba la ESO.<\/p>\n\n\n\n<figure class=\"wp-block-video\"><video controls src=\"https:\/\/insalmenar.cat\/wp-content\/uploads\/2023\/02\/Video-Presentacio-ESO.mp4\"><\/video><\/figure>\n","protected":false},"excerpt":{"rendered":"<p>Us facilitem a totes aquelles fam\u00edlies la presentaci\u00f3 que va tenir lloc ahir, 15 de febrer, en que es va presentar una orientaci\u00f3 per a l&#8217;alumnat quan acaba la ESO.<\/p>\n","protected":false},"author":1,"featured_media":0,"comment_status":"closed","ping_status":"closed","sticky":false,"template":"","format":"standard","meta":{"_bbp_topic_count":0,"_bbp_reply_count":0,"_bbp_total_topic_count":0,"_bbp_total_reply_count":0,"_bbp_voice_count":0,"_bbp_anonymous_reply_count":0,"_bbp_topic_count_hidden":0,"_bbp_reply_count_hidden":0,"_bbp_forum_subforum_count":0,"footnotes":""},"categories":[262],"tags":[],"class_list":["post-1638","post","type-post","status-publish","format-standard","hentry","category-noticies"],"post_mailing_queue_ids":[],"_links":{"self":[{"href":"https:\/\/agora.xtec.cat\/iesalmenar\/wp-json\/wp\/v2\/posts\/1638","targetHints":{"allow":["GET"]}}],"collection":[{"href":"https:\/\/agora.xtec.cat\/iesalmenar\/wp-json\/wp\/v2\/posts"}],"about":[{"href":"https:\/\/agora.xtec.cat\/iesalmenar\/wp-json\/wp\/v2\/types\/post"}],"author":[{"embeddable":true,"href":"https:\/\/agora.xtec.cat\/iesalmenar\/wp-json\/wp\/v2\/users\/1"}],"replies":[{"embeddable":true,"href":"https:\/\/agora.xtec.cat\/iesalmenar\/wp-json\/wp\/v2\/comments?post=1638"}],"version-history":[{"count":0,"href":"https:\/\/agora.xtec.cat\/iesalmenar\/wp-json\/wp\/v2\/posts\/1638\/revisions"}],"wp:attachment":[{"href":"https:\/\/agora.xtec.cat\/iesalmenar\/wp-json\/wp\/v2\/media?parent=1638"}],"wp:term":[{"taxonomy":"category","embeddable":true,"href":"https:\/\/agora.xtec.cat\/iesalmenar\/wp-json\/wp\/v2\/categories?post=1638"},{"taxonomy":"post_tag","embeddable":true,"href":"https:\/\/agora.xtec.cat\/iesalmenar\/wp-json\/wp\/v2\/tags?post=1638"}],"curies":[{"name":"wp","href":"https:\/\/api.w.org\/{rel}","templated":true}]}}