{"id":1584,"date":"2022-12-21T11:19:53","date_gmt":"2022-12-21T11:19:53","guid":{"rendered":"https:\/\/insalmenar.cat\/?p=1584"},"modified":"2022-12-21T11:19:53","modified_gmt":"2022-12-21T11:19:53","slug":"projecte-fighting-against-inequalities-de-2n-eso","status":"publish","type":"post","link":"https:\/\/agora.xtec.cat\/iesalmenar\/noticies\/projecte-fighting-against-inequalities-de-2n-eso\/","title":{"rendered":"Projecte &#8220;FIGHTING AGAINST INEQUALITIES&#8221; de\u00a02n ESO.\u00a0"},"content":{"rendered":"\n<p>\u00daltim dia de projecte de<strong>\u00a02n ESO &#8220;FIGHTING AGAINST INEQUALITIES&#8221;.<\/strong>\u00a0L&#8217;alumnat ha preparat amb l&#8217;ajuda de les seves fam\u00edlies plats t\u00edpics del seu lloc d&#8217;origen indicant els al.l\u00e8rgens de cada plat.\u00a0<\/p>\n\n\n\n<p>Podeu trobar totes les imatges a la nostra <a href=\"https:\/\/photos.app.goo.gl\/pCrs4GgprqzZGbvP9\" target=\"_blank\" rel=\"noreferrer noopener\">GALERIA<\/a>.<\/p>\n","protected":false},"excerpt":{"rendered":"<p>\u00daltim dia de projecte de\u00a02n ESO &#8220;FIGHTING AGAINST INEQUALITIES&#8221;.\u00a0L&#8217;alumnat ha preparat amb l&#8217;ajuda de les seves fam\u00edlies plats t\u00edpics del seu lloc d&#8217;origen indicant els al.l\u00e8rgens de cada plat.\u00a0<\/p>\n<p>Podeu trobar totes les imatges a la nostra <a href=\"https:\/\/photos.app.goo.gl\/pCrs4GgprqzZGbvP9\" target=\"_blank\" rel=\"noreferrer noopener\">GALERIA<\/a>.<\/p>\n","protected":false},"author":1,"featured_media":1585,"comment_status":"closed","ping_status":"closed","sticky":false,"template":"","format":"standard","meta":{"_bbp_topic_count":0,"_bbp_reply_count":0,"_bbp_total_topic_count":0,"_bbp_total_reply_count":0,"_bbp_voice_count":0,"_bbp_anonymous_reply_count":0,"_bbp_topic_count_hidden":0,"_bbp_reply_count_hidden":0,"_bbp_forum_subforum_count":0,"footnotes":""},"categories":[262],"tags":[],"class_list":["post-1584","post","type-post","status-publish","format-standard","has-post-thumbnail","hentry","category-noticies"],"post_mailing_queue_ids":[],"_links":{"self":[{"href":"https:\/\/agora.xtec.cat\/iesalmenar\/wp-json\/wp\/v2\/posts\/1584","targetHints":{"allow":["GET"]}}],"collection":[{"href":"https:\/\/agora.xtec.cat\/iesalmenar\/wp-json\/wp\/v2\/posts"}],"about":[{"href":"https:\/\/agora.xtec.cat\/iesalmenar\/wp-json\/wp\/v2\/types\/post"}],"author":[{"embeddable":true,"href":"https:\/\/agora.xtec.cat\/iesalmenar\/wp-json\/wp\/v2\/users\/1"}],"replies":[{"embeddable":true,"href":"https:\/\/agora.xtec.cat\/iesalmenar\/wp-json\/wp\/v2\/comments?post=1584"}],"version-history":[{"count":0,"href":"https:\/\/agora.xtec.cat\/iesalmenar\/wp-json\/wp\/v2\/posts\/1584\/revisions"}],"wp:featuredmedia":[{"embeddable":true,"href":"https:\/\/agora.xtec.cat\/iesalmenar\/wp-json\/"}],"wp:attachment":[{"href":"https:\/\/agora.xtec.cat\/iesalmenar\/wp-json\/wp\/v2\/media?parent=1584"}],"wp:term":[{"taxonomy":"category","embeddable":true,"href":"https:\/\/agora.xtec.cat\/iesalmenar\/wp-json\/wp\/v2\/categories?post=1584"},{"taxonomy":"post_tag","embeddable":true,"href":"https:\/\/agora.xtec.cat\/iesalmenar\/wp-json\/wp\/v2\/tags?post=1584"}],"curies":[{"name":"wp","href":"https:\/\/api.w.org\/{rel}","templated":true}]}}