{"id":1558,"date":"2022-12-19T08:27:01","date_gmt":"2022-12-19T08:27:01","guid":{"rendered":"https:\/\/insalmenar.cat\/?p=1558"},"modified":"2022-12-19T08:27:01","modified_gmt":"2022-12-19T08:27:01","slug":"collaboracio-dels-serveis-comunitaris-amb-caritas-dalfarras","status":"publish","type":"post","link":"https:\/\/agora.xtec.cat\/iesalmenar\/noticies\/collaboracio-dels-serveis-comunitaris-amb-caritas-dalfarras\/","title":{"rendered":"Col\u00b7laboraci\u00f3 dels Serveis Comunitaris amb C\u00c0RITAS\u00a0D&#8217;ALFARR\u00c0S."},"content":{"rendered":"\n<p>Alguns alumnes de SERVEIS COMUNITARIS van participar el passat 25 i 26 de novembre en el Gran Recapte d\u2019Aliments, col\u00b7laborant amb C\u00c0RITAS D\u2019ALFARR\u00c0S.<\/p>\n\n\n\n<p>Volem agrair a les volunt\u00e0ries de C\u00e0ritas la seva predisposici\u00f3 i ajuda.<\/p>\n\n\n\n<p>Podeu veure\u2019n totes les imatges a la nostra <a href=\"https:\/\/photos.app.goo.gl\/neU8BezC5ihgf1yp7\" target=\"_blank\" rel=\"noreferrer noopener\">GALERIA<\/a>.<\/p>\n","protected":false},"excerpt":{"rendered":"<p>Alguns alumnes de SERVEIS COMUNITARIS van participar el passat 25 i 26 de novembre en el Gran Recapte d\u2019Aliments, col\u00b7laborant amb C\u00c0RITAS D\u2019ALFARR\u00c0S.<\/p>\n<p>Volem agrair a les volunt\u00e0ries de C\u00e0ritas la seva predisposici\u00f3 i ajuda.<\/p>\n<p>Podeu veure\u2019n totes les imatges a la nostra <a href=\"https:\/\/photos.app.goo.gl\/neU8BezC5ihgf1yp7\" target=\"_blank\" rel=\"noreferrer&hellip;  <a href=\"https:\/\/agora.xtec.cat\/iesalmenar\/noticies\/collaboracio-dels-serveis-comunitaris-amb-caritas-dalfarras\/\" title=\"Read Col\u00b7laboraci\u00f3 dels Serveis Comunitaris amb C\u00c0RITAS\u00a0D&#8217;ALFARR\u00c0S.\">Llegeix m\u00e9s\u00bb<\/a><\/p>\n","protected":false},"author":1,"featured_media":1559,"comment_status":"closed","ping_status":"closed","sticky":false,"template":"","format":"standard","meta":{"_bbp_topic_count":0,"_bbp_reply_count":0,"_bbp_total_topic_count":0,"_bbp_total_reply_count":0,"_bbp_voice_count":0,"_bbp_anonymous_reply_count":0,"_bbp_topic_count_hidden":0,"_bbp_reply_count_hidden":0,"_bbp_forum_subforum_count":0,"footnotes":""},"categories":[262],"tags":[],"class_list":["post-1558","post","type-post","status-publish","format-standard","has-post-thumbnail","hentry","category-noticies"],"post_mailing_queue_ids":[],"_links":{"self":[{"href":"https:\/\/agora.xtec.cat\/iesalmenar\/wp-json\/wp\/v2\/posts\/1558","targetHints":{"allow":["GET"]}}],"collection":[{"href":"https:\/\/agora.xtec.cat\/iesalmenar\/wp-json\/wp\/v2\/posts"}],"about":[{"href":"https:\/\/agora.xtec.cat\/iesalmenar\/wp-json\/wp\/v2\/types\/post"}],"author":[{"embeddable":true,"href":"https:\/\/agora.xtec.cat\/iesalmenar\/wp-json\/wp\/v2\/users\/1"}],"replies":[{"embeddable":true,"href":"https:\/\/agora.xtec.cat\/iesalmenar\/wp-json\/wp\/v2\/comments?post=1558"}],"version-history":[{"count":0,"href":"https:\/\/agora.xtec.cat\/iesalmenar\/wp-json\/wp\/v2\/posts\/1558\/revisions"}],"wp:featuredmedia":[{"embeddable":true,"href":"https:\/\/agora.xtec.cat\/iesalmenar\/wp-json\/"}],"wp:attachment":[{"href":"https:\/\/agora.xtec.cat\/iesalmenar\/wp-json\/wp\/v2\/media?parent=1558"}],"wp:term":[{"taxonomy":"category","embeddable":true,"href":"https:\/\/agora.xtec.cat\/iesalmenar\/wp-json\/wp\/v2\/categories?post=1558"},{"taxonomy":"post_tag","embeddable":true,"href":"https:\/\/agora.xtec.cat\/iesalmenar\/wp-json\/wp\/v2\/tags?post=1558"}],"curies":[{"name":"wp","href":"https:\/\/api.w.org\/{rel}","templated":true}]}}