{"id":1506,"date":"2022-11-24T19:42:48","date_gmt":"2022-11-24T19:42:48","guid":{"rendered":"https:\/\/insalmenar.cat\/?p=1506"},"modified":"2022-11-24T19:42:48","modified_gmt":"2022-11-24T19:42:48","slug":"sortida-dels-alumnes-deconomia-de-1r-de-batxillerat","status":"publish","type":"post","link":"https:\/\/agora.xtec.cat\/iesalmenar\/noticies\/sortida-dels-alumnes-deconomia-de-1r-de-batxillerat\/","title":{"rendered":"Sortida dels alumnes d&#8217;economia de 1r de batxillerat"},"content":{"rendered":"\n<p>El 22 de novembre i en el marc del programa Arrenca promogut pel grup LEADER Noguera Segri\u00e0 Nord, els alumnes d&#8217;economia de 1r de batxillerat de l&#8217;INS d&#8217;Almenar han visitat les empreses Eguren met\u00e0l\u00b7lics i Hostal Castell Pradell per tal d&#8217;apropar la realitat empresarial als alumnes i compartir les experi\u00e8ncies d&#8217;emprenedoria dins del nostre territori per tal que siguin un est\u00edmul a l&#8217;esperit emprenedor dels nostres alumnes. Un any m\u00e9s cal agrair les facilitats per part del grup LEADER i l&#8217;acollida per part de les empreses.<\/p>\n\n\n\n<p><\/p>\n\n\n\n<figure class=\"wp-block-image size-large is-resized\"><img loading=\"lazy\" decoding=\"async\" src=\"https:\/\/insalmenar.cat\/wp-content\/uploads\/2022\/11\/WhatsApp-Image-2022-11-22-at-12.54.46-1-1024x768.jpeg\" alt=\"\" class=\"wp-image-1510\" width=\"476\" height=\"357\" \/><\/figure>\n","protected":false},"excerpt":{"rendered":"<p>El 22 de novembre i en el marc del programa Arrenca promogut pel grup LEADER Noguera Segri\u00e0 Nord, els alumnes d&#8217;economia de 1r de batxillerat de l&#8217;INS d&#8217;Almenar han visitat les empreses Eguren met\u00e0l\u00b7lics i Hostal Castell Pradell per tal d&#8217;apropar la realitat empresarial als&hellip;  <a href=\"https:\/\/agora.xtec.cat\/iesalmenar\/noticies\/sortida-dels-alumnes-deconomia-de-1r-de-batxillerat\/\" title=\"Read Sortida dels alumnes d&#8217;economia de 1r de batxillerat\">Llegeix m\u00e9s\u00bb<\/a><\/p>\n","protected":false},"author":1,"featured_media":1508,"comment_status":"closed","ping_status":"closed","sticky":false,"template":"","format":"standard","meta":{"_bbp_topic_count":0,"_bbp_reply_count":0,"_bbp_total_topic_count":0,"_bbp_total_reply_count":0,"_bbp_voice_count":0,"_bbp_anonymous_reply_count":0,"_bbp_topic_count_hidden":0,"_bbp_reply_count_hidden":0,"_bbp_forum_subforum_count":0,"footnotes":""},"categories":[262],"tags":[],"class_list":["post-1506","post","type-post","status-publish","format-standard","has-post-thumbnail","hentry","category-noticies"],"post_mailing_queue_ids":[],"_links":{"self":[{"href":"https:\/\/agora.xtec.cat\/iesalmenar\/wp-json\/wp\/v2\/posts\/1506","targetHints":{"allow":["GET"]}}],"collection":[{"href":"https:\/\/agora.xtec.cat\/iesalmenar\/wp-json\/wp\/v2\/posts"}],"about":[{"href":"https:\/\/agora.xtec.cat\/iesalmenar\/wp-json\/wp\/v2\/types\/post"}],"author":[{"embeddable":true,"href":"https:\/\/agora.xtec.cat\/iesalmenar\/wp-json\/wp\/v2\/users\/1"}],"replies":[{"embeddable":true,"href":"https:\/\/agora.xtec.cat\/iesalmenar\/wp-json\/wp\/v2\/comments?post=1506"}],"version-history":[{"count":0,"href":"https:\/\/agora.xtec.cat\/iesalmenar\/wp-json\/wp\/v2\/posts\/1506\/revisions"}],"wp:featuredmedia":[{"embeddable":true,"href":"https:\/\/agora.xtec.cat\/iesalmenar\/wp-json\/"}],"wp:attachment":[{"href":"https:\/\/agora.xtec.cat\/iesalmenar\/wp-json\/wp\/v2\/media?parent=1506"}],"wp:term":[{"taxonomy":"category","embeddable":true,"href":"https:\/\/agora.xtec.cat\/iesalmenar\/wp-json\/wp\/v2\/categories?post=1506"},{"taxonomy":"post_tag","embeddable":true,"href":"https:\/\/agora.xtec.cat\/iesalmenar\/wp-json\/wp\/v2\/tags?post=1506"}],"curies":[{"name":"wp","href":"https:\/\/api.w.org\/{rel}","templated":true}]}}