{"id":1439,"date":"2022-07-06T17:04:56","date_gmt":"2022-07-06T17:04:56","guid":{"rendered":"https:\/\/insalmenar.cat\/?p=1439"},"modified":"2022-07-06T17:04:56","modified_gmt":"2022-07-06T17:04:56","slug":"matricula-cicles-formatius","status":"publish","type":"post","link":"https:\/\/agora.xtec.cat\/iesalmenar\/secretaria\/matricula-cicles-formatius\/","title":{"rendered":"Matr\u00edcula Cicles Formatius"},"content":{"rendered":"\n<p>Benvolguts i benvolgudes,<\/p>\n\n\n\n<p>Del 11 al 15 de juliol s&#8217;obre el per\u00edode de matr\u00edcula per als cicles formatius.<\/p>\n\n\n\n<p>Podeu trobar tota la informaci\u00f3 necess\u00e0ria en els seg\u00fcents documents:<\/p>\n\n\n\n<ul class=\"wp-block-list\"><li>Alumnat que es matricula a <strong>1r de CFGM Gesti\u00f3 Administrativa<\/strong> (<a href=\"https:\/\/drive.google.com\/file\/d\/1l30NCEX709InMhyF025NE75kl2BSHGVi\/view?usp=sharing\" target=\"_blank\" rel=\"noreferrer noopener\">Documentaci\u00f3<\/a>)<\/li><li>Alumnat que es matricula a <strong>2n de CFGM Gesti\u00f3 Administrativa<\/strong> (<a href=\"https:\/\/drive.google.com\/file\/d\/1Rq6dBiCVVOZ-IS-UmPX_CWjzBT7pNTh8\/view?usp=sharing\" target=\"_blank\" rel=\"noreferrer noopener\">Documentaci\u00f3<\/a>)<\/li><\/ul>\n\n\n\n<p><\/p>\n\n\n\n<p>Per a qualsevol consulta poden enviar un correu electr\u00f2nic a <strong>secretaria@insalmenar.cat<\/strong> o b\u00e9, trucar al <a href=\"tel:973770130\"><strong>973 770 130<\/strong><\/a>, en horari de 9h a 14h.<\/p>\n\n\n\n<p><\/p>\n\n\n\n<p>Us esperem!<\/p>\n\n\n\n<p><\/p>\n","protected":false},"excerpt":{"rendered":"<p>Benvolguts i benvolgudes,<\/p>\n<p>Del 11 al 15 de juliol s&#8217;obre el per\u00edode de matr\u00edcula per als cicles formatius.<\/p>\n<p>Podeu trobar tota la informaci\u00f3 necess\u00e0ria en els seg\u00fcents documents:<\/p>\n<ul class=\"wp-block-list\">\n<li>Alumnat que es matricula a 1r de CFGM Gesti\u00f3 Administrativa (<a href=\"https:\/\/drive.google.com\/file\/d\/1l30NCEX709InMhyF025NE75kl2BSHGVi\/view?usp=sharing\" target=\"_blank\" rel=\"noreferrer noopener\">Documentaci\u00f3<\/a>)<\/li>\n<li>Alumnat que es matricula a&hellip;  <a href=\"https:\/\/agora.xtec.cat\/iesalmenar\/secretaria\/matricula-cicles-formatius\/\" title=\"Read Matr\u00edcula Cicles Formatius\">Llegeix m\u00e9s\u00bb<\/a><br \/>\n","protected":false},"author":1,"featured_media":1440,"comment_status":"closed","ping_status":"closed","sticky":false,"template":"","format":"standard","meta":{"_bbp_topic_count":0,"_bbp_reply_count":0,"_bbp_total_topic_count":0,"_bbp_total_reply_count":0,"_bbp_voice_count":0,"_bbp_anonymous_reply_count":0,"_bbp_topic_count_hidden":0,"_bbp_reply_count_hidden":0,"_bbp_forum_subforum_count":0,"footnotes":""},"categories":[262,72],"tags":[],"class_list":["post-1439","post","type-post","status-publish","format-standard","has-post-thumbnail","hentry","category-noticies","category-secretaria"],"post_mailing_queue_ids":[],"_links":{"self":[{"href":"https:\/\/agora.xtec.cat\/iesalmenar\/wp-json\/wp\/v2\/posts\/1439","targetHints":{"allow":["GET"]}}],"collection":[{"href":"https:\/\/agora.xtec.cat\/iesalmenar\/wp-json\/wp\/v2\/posts"}],"about":[{"href":"https:\/\/agora.xtec.cat\/iesalmenar\/wp-json\/wp\/v2\/types\/post"}],"author":[{"embeddable":true,"href":"https:\/\/agora.xtec.cat\/iesalmenar\/wp-json\/wp\/v2\/users\/1"}],"replies":[{"embeddable":true,"href":"https:\/\/agora.xtec.cat\/iesalmenar\/wp-json\/wp\/v2\/comments?post=1439"}],"version-history":[{"count":0,"href":"https:\/\/agora.xtec.cat\/iesalmenar\/wp-json\/wp\/v2\/posts\/1439\/revisions"}],"wp:featuredmedia":[{"embeddable":true,"href":"https:\/\/agora.xtec.cat\/iesalmenar\/wp-json\/"}],"wp:attachment":[{"href":"https:\/\/agora.xtec.cat\/iesalmenar\/wp-json\/wp\/v2\/media?parent=1439"}],"wp:term":[{"taxonomy":"category","embeddable":true,"href":"https:\/\/agora.xtec.cat\/iesalmenar\/wp-json\/wp\/v2\/categories?post=1439"},{"taxonomy":"post_tag","embeddable":true,"href":"https:\/\/agora.xtec.cat\/iesalmenar\/wp-json\/wp\/v2\/tags?post=1439"}],"curies":[{"name":"wp","href":"https:\/\/api.w.org\/{rel}","templated":true}]}}