{"id":1424,"date":"2022-06-22T20:17:55","date_gmt":"2022-06-22T20:17:55","guid":{"rendered":"https:\/\/insalmenar.cat\/?p=1424"},"modified":"2022-06-22T20:17:55","modified_gmt":"2022-06-22T20:17:55","slug":"untima-sortida-de-curs-portaventura-2022","status":"publish","type":"post","link":"https:\/\/agora.xtec.cat\/iesalmenar\/noticies\/untima-sortida-de-curs-portaventura-2022\/","title":{"rendered":"\u00daltima sortida del curs: PortAventura 2022!"},"content":{"rendered":"\n<p>Aquest dimecres 22 de juny hem celebrat l&#8217;\u00faltim dia del curs a PortAventura. \u00c9s una sortida molt esperada per la gran part de l&#8217;alumnat del centre, de manera que l&#8217;aprofitem al m\u00e0xim fins el tancament del parc.\u00a0<\/p>\n\n\n\n<p>Ens ho hem passat super b\u00e9!\u00a0<\/p>\n\n\n\n<figure class=\"wp-block-image size-large\"><img decoding=\"async\" src=\"https:\/\/insalmenar.cat\/wp-content\/uploads\/2022\/06\/WhatsApp-Image-2022-06-22-at-18.54.54-1024x576.jpeg\" alt=\"\" class=\"wp-image-1425\"\/><\/figure>\n","protected":false},"excerpt":{"rendered":"<p>Aquest dimecres 22 de juny hem celebrat l&#8217;\u00faltim dia del curs a PortAventura. \u00c9s una sortida molt esperada per la gran part de l&#8217;alumnat del centre, de manera que l&#8217;aprofitem al m\u00e0xim fins el tancament del parc.\u00a0<\/p>\n<p>Ens ho hem passat super b\u00e9!\u00a0<\/p>\n","protected":false},"author":1,"featured_media":1426,"comment_status":"closed","ping_status":"closed","sticky":false,"template":"","format":"standard","meta":{"_bbp_topic_count":0,"_bbp_reply_count":0,"_bbp_total_topic_count":0,"_bbp_total_reply_count":0,"_bbp_voice_count":0,"_bbp_anonymous_reply_count":0,"_bbp_topic_count_hidden":0,"_bbp_reply_count_hidden":0,"_bbp_forum_subforum_count":0,"footnotes":""},"categories":[262],"tags":[],"class_list":["post-1424","post","type-post","status-publish","format-standard","has-post-thumbnail","hentry","category-noticies"],"post_mailing_queue_ids":[],"_links":{"self":[{"href":"https:\/\/agora.xtec.cat\/iesalmenar\/wp-json\/wp\/v2\/posts\/1424","targetHints":{"allow":["GET"]}}],"collection":[{"href":"https:\/\/agora.xtec.cat\/iesalmenar\/wp-json\/wp\/v2\/posts"}],"about":[{"href":"https:\/\/agora.xtec.cat\/iesalmenar\/wp-json\/wp\/v2\/types\/post"}],"author":[{"embeddable":true,"href":"https:\/\/agora.xtec.cat\/iesalmenar\/wp-json\/wp\/v2\/users\/1"}],"replies":[{"embeddable":true,"href":"https:\/\/agora.xtec.cat\/iesalmenar\/wp-json\/wp\/v2\/comments?post=1424"}],"version-history":[{"count":0,"href":"https:\/\/agora.xtec.cat\/iesalmenar\/wp-json\/wp\/v2\/posts\/1424\/revisions"}],"wp:featuredmedia":[{"embeddable":true,"href":"https:\/\/agora.xtec.cat\/iesalmenar\/wp-json\/"}],"wp:attachment":[{"href":"https:\/\/agora.xtec.cat\/iesalmenar\/wp-json\/wp\/v2\/media?parent=1424"}],"wp:term":[{"taxonomy":"category","embeddable":true,"href":"https:\/\/agora.xtec.cat\/iesalmenar\/wp-json\/wp\/v2\/categories?post=1424"},{"taxonomy":"post_tag","embeddable":true,"href":"https:\/\/agora.xtec.cat\/iesalmenar\/wp-json\/wp\/v2\/tags?post=1424"}],"curies":[{"name":"wp","href":"https:\/\/api.w.org\/{rel}","templated":true}]}}