{"id":1417,"date":"2022-06-15T11:47:09","date_gmt":"2022-06-15T11:47:09","guid":{"rendered":"https:\/\/insalmenar.cat\/?p=1417"},"modified":"2022-06-15T11:47:09","modified_gmt":"2022-06-15T11:47:09","slug":"cantabria-22-23","status":"publish","type":"post","link":"https:\/\/agora.xtec.cat\/iesalmenar\/noticies\/cantabria-22-23\/","title":{"rendered":"Cant\u00e0bria 22\/23"},"content":{"rendered":"\n<p>El nostre alumnat de 4t d&#8217;ESO ha marxat de viatge per la cordillera cant\u00e0brica  per a dur a terme el projecte de recerca.<\/p>\n\n\n\n<p>A continuaci\u00f3, podeu veure el planning del viatge. Segur que ho gaudeixen d&#8217;all\u00f2 m\u00e9s!<\/p>\n\n\n\n<div data-wp-interactive=\"core\/file\" class=\"wp-block-file\"><object data-wp-bind--hidden=\"!state.hasPdfPreview\" hidden class=\"wp-block-file__embed\" data=\"https:\/\/insalmenar.cat\/wp-content\/uploads\/2022\/06\/Cantabria-4t-ESO-21_22.pdf\" type=\"application\/pdf\" style=\"width:100%;height:600px\" aria-label=\"Incrustaci\u00f3 del fitxer Incrustaci\u00f3 del fitxer Cantabria-4t-ESO-2122..\"><\/object><a id=\"wp-block-file--media-300b2997-0012-4125-ab81-3e83ffbbe1be\" href=\"https:\/\/insalmenar.cat\/wp-content\/uploads\/2022\/06\/Cantabria-4t-ESO-21_22.pdf\">Cantabria-4t-ESO-2122<\/a><a href=\"https:\/\/insalmenar.cat\/wp-content\/uploads\/2022\/06\/Cantabria-4t-ESO-21_22.pdf\" class=\"wp-block-file__button\" download aria-describedby=\"wp-block-file--media-300b2997-0012-4125-ab81-3e83ffbbe1be\">Baixa<\/a><\/div>\n\n\n\n<p>En podeu veure totes les imatges en la nostra <a href=\"https:\/\/photos.app.goo.gl\/oXBFtFWBQ98qKRoHA\" target=\"_blank\" rel=\"noreferrer noopener\">GALERIA<\/a>.<\/p>\n","protected":false},"excerpt":{"rendered":"<p>El nostre alumnat de 4t d&#8217;ESO ha marxat de viatge per la cordillera cant\u00e0brica  per a dur a terme el projecte de recerca.<\/p>\n<p>A continuaci\u00f3, podeu veure el planning del viatge. Segur que ho gaudeixen d&#8217;all\u00f2 m\u00e9s!<\/p>\n<p><a id=\"wp-block-file--media-300b2997-0012-4125-ab81-3e83ffbbe1be\" href=\"https:\/\/insalmenar.cat\/wp-content\/uploads\/2022\/06\/Cantabria-4t-ESO-21_22.pdf\">Cantabria-4t-ESO-2122<\/a><a href=\"https:\/\/insalmenar.cat\/wp-content\/uploads\/2022\/06\/Cantabria-4t-ESO-21_22.pdf\" class=\"wp-block-file__button\" download aria-describedby=\"wp-block-file--media-300b2997-0012-4125-ab81-3e83ffbbe1be\">Baixa<\/a><\/p>\n<p>En podeu veure&hellip;  <a href=\"https:\/\/agora.xtec.cat\/iesalmenar\/noticies\/cantabria-22-23\/\" title=\"Read Cant\u00e0bria 22\/23\">Llegeix m\u00e9s\u00bb<\/a><\/p>\n","protected":false},"author":1,"featured_media":1420,"comment_status":"closed","ping_status":"closed","sticky":false,"template":"","format":"standard","meta":{"_bbp_topic_count":0,"_bbp_reply_count":0,"_bbp_total_topic_count":0,"_bbp_total_reply_count":0,"_bbp_voice_count":0,"_bbp_anonymous_reply_count":0,"_bbp_topic_count_hidden":0,"_bbp_reply_count_hidden":0,"_bbp_forum_subforum_count":0,"footnotes":""},"categories":[262],"tags":[],"class_list":["post-1417","post","type-post","status-publish","format-standard","has-post-thumbnail","hentry","category-noticies"],"post_mailing_queue_ids":[],"_links":{"self":[{"href":"https:\/\/agora.xtec.cat\/iesalmenar\/wp-json\/wp\/v2\/posts\/1417","targetHints":{"allow":["GET"]}}],"collection":[{"href":"https:\/\/agora.xtec.cat\/iesalmenar\/wp-json\/wp\/v2\/posts"}],"about":[{"href":"https:\/\/agora.xtec.cat\/iesalmenar\/wp-json\/wp\/v2\/types\/post"}],"author":[{"embeddable":true,"href":"https:\/\/agora.xtec.cat\/iesalmenar\/wp-json\/wp\/v2\/users\/1"}],"replies":[{"embeddable":true,"href":"https:\/\/agora.xtec.cat\/iesalmenar\/wp-json\/wp\/v2\/comments?post=1417"}],"version-history":[{"count":0,"href":"https:\/\/agora.xtec.cat\/iesalmenar\/wp-json\/wp\/v2\/posts\/1417\/revisions"}],"wp:featuredmedia":[{"embeddable":true,"href":"https:\/\/agora.xtec.cat\/iesalmenar\/wp-json\/"}],"wp:attachment":[{"href":"https:\/\/agora.xtec.cat\/iesalmenar\/wp-json\/wp\/v2\/media?parent=1417"}],"wp:term":[{"taxonomy":"category","embeddable":true,"href":"https:\/\/agora.xtec.cat\/iesalmenar\/wp-json\/wp\/v2\/categories?post=1417"},{"taxonomy":"post_tag","embeddable":true,"href":"https:\/\/agora.xtec.cat\/iesalmenar\/wp-json\/wp\/v2\/tags?post=1417"}],"curies":[{"name":"wp","href":"https:\/\/api.w.org\/{rel}","templated":true}]}}