{"id":1298,"date":"2022-03-24T08:52:50","date_gmt":"2022-03-24T08:52:50","guid":{"rendered":"https:\/\/insalmenar.cat\/?p=1298"},"modified":"2022-03-24T08:52:50","modified_gmt":"2022-03-24T08:52:50","slug":"dia-mundial-de-la-poesia","status":"publish","type":"post","link":"https:\/\/agora.xtec.cat\/iesalmenar\/noticies\/dia-mundial-de-la-poesia\/","title":{"rendered":"Dia Mundial de la Poesia"},"content":{"rendered":"\n<p>El dia 20 de mar\u00e7 a Almenar es va celebrar el Dia Mundial de la Poesia. El Robert Ristea de 4t C i la Marie Rouse Habli de 2n A han recitat un poema de Ferrater per col\u00b7laborar al Recital poeticomusical a c\u00e0rrec de l&#8217;Agn\u00e8s Sell\u00e9s (rapsoda) i la pianista Cristina Morales.<\/p>\n\n\n\n<p>L&#8217;acte ha estat molt emotiu. <\/p>\n\n\n\n<p>Felicitats!<\/p>\n\n\n\n<p><\/p>\n\n\n\n<p><\/p>\n\n\n\n<div class=\"wp-block-image\"><figure class=\"aligncenter is-resized\"><img loading=\"lazy\" decoding=\"async\" src=\"https:\/\/insalmenar.cat\/wp-content\/uploads\/2022\/03\/image-576x1024.png\" alt=\"\" class=\"wp-image-1299\" width=\"237\" height=\"422\"\/><\/figure><\/div>\n\n\n\n<div class=\"wp-block-columns is-layout-flex wp-container-core-columns-is-layout-1 wp-block-columns-is-layout-flex\">\n<div class=\"wp-block-column is-layout-flow wp-block-column-is-layout-flow\">\n<figure class=\"wp-block-image size-large is-resized\"><img loading=\"lazy\" decoding=\"async\" src=\"https:\/\/insalmenar.cat\/wp-content\/uploads\/2022\/03\/IMG_0366-1024x591.jpg\" alt=\"\" class=\"wp-image-1300\" width=\"466\" height=\"269\"\/><\/figure>\n<\/div>\n\n\n\n<div class=\"wp-block-column is-layout-flow wp-block-column-is-layout-flow\">\n<figure class=\"wp-block-image size-large is-resized\"><img loading=\"lazy\" decoding=\"async\" src=\"https:\/\/insalmenar.cat\/wp-content\/uploads\/2022\/03\/IMG_0367-1024x638.jpg\" alt=\"\" class=\"wp-image-1301\" width=\"437\" height=\"272\"\/><\/figure>\n<\/div>\n<\/div>\n","protected":false},"excerpt":{"rendered":"<p>El dia 20 de mar\u00e7 a Almenar es va celebrar el Dia Mundial de la Poesia. El Robert Ristea de 4t C i la Marie Rouse Habli de 2n A han recitat un poema de Ferrater per col\u00b7laborar al Recital poeticomusical a c\u00e0rrec de l&#8217;Agn\u00e8s&hellip;  <a href=\"https:\/\/agora.xtec.cat\/iesalmenar\/noticies\/dia-mundial-de-la-poesia\/\" title=\"Read Dia Mundial de la Poesia\">Llegeix m\u00e9s\u00bb<\/a><\/p>\n","protected":false},"author":1,"featured_media":1303,"comment_status":"closed","ping_status":"closed","sticky":false,"template":"","format":"standard","meta":{"_bbp_topic_count":0,"_bbp_reply_count":0,"_bbp_total_topic_count":0,"_bbp_total_reply_count":0,"_bbp_voice_count":0,"_bbp_anonymous_reply_count":0,"_bbp_topic_count_hidden":0,"_bbp_reply_count_hidden":0,"_bbp_forum_subforum_count":0,"footnotes":""},"categories":[262,263],"tags":[],"class_list":["post-1298","post","type-post","status-publish","format-standard","has-post-thumbnail","hentry","category-noticies","category-sin-categoria"],"post_mailing_queue_ids":[],"_links":{"self":[{"href":"https:\/\/agora.xtec.cat\/iesalmenar\/wp-json\/wp\/v2\/posts\/1298","targetHints":{"allow":["GET"]}}],"collection":[{"href":"https:\/\/agora.xtec.cat\/iesalmenar\/wp-json\/wp\/v2\/posts"}],"about":[{"href":"https:\/\/agora.xtec.cat\/iesalmenar\/wp-json\/wp\/v2\/types\/post"}],"author":[{"embeddable":true,"href":"https:\/\/agora.xtec.cat\/iesalmenar\/wp-json\/wp\/v2\/users\/1"}],"replies":[{"embeddable":true,"href":"https:\/\/agora.xtec.cat\/iesalmenar\/wp-json\/wp\/v2\/comments?post=1298"}],"version-history":[{"count":0,"href":"https:\/\/agora.xtec.cat\/iesalmenar\/wp-json\/wp\/v2\/posts\/1298\/revisions"}],"wp:featuredmedia":[{"embeddable":true,"href":"https:\/\/agora.xtec.cat\/iesalmenar\/wp-json\/"}],"wp:attachment":[{"href":"https:\/\/agora.xtec.cat\/iesalmenar\/wp-json\/wp\/v2\/media?parent=1298"}],"wp:term":[{"taxonomy":"category","embeddable":true,"href":"https:\/\/agora.xtec.cat\/iesalmenar\/wp-json\/wp\/v2\/categories?post=1298"},{"taxonomy":"post_tag","embeddable":true,"href":"https:\/\/agora.xtec.cat\/iesalmenar\/wp-json\/wp\/v2\/tags?post=1298"}],"curies":[{"name":"wp","href":"https:\/\/api.w.org\/{rel}","templated":true}]}}