{"id":1287,"date":"2022-03-10T11:17:13","date_gmt":"2022-03-10T11:17:13","guid":{"rendered":"https:\/\/insalmenar.cat\/?p=1287"},"modified":"2022-03-10T11:17:13","modified_gmt":"2022-03-10T11:17:13","slug":"esquiada-a-boi-taull","status":"publish","type":"post","link":"https:\/\/agora.xtec.cat\/iesalmenar\/sin-categoria\/esquiada-a-boi-taull\/","title":{"rendered":"Esquiada a Bo\u00ed-Ta\u00fcll"},"content":{"rendered":"\n<p>El passat dijous dia 24 de febrer els alumnes de 1r, 2n, 3r i 4t d&#8217;ESO van realitzar una sortida a les pistes d&#8217;esqu\u00ed de Bo\u00ed-Ta\u00fcll. <\/p>\n\n\n\n<p>Els alumnes van poder triar entre practicar esqu\u00ed alp\u00ed o snowboard. Tamb\u00e9 van realitzar un curs de 2 hores amb monitors on dividits per nivells van perfeccionar la t\u00e8cnica d&#8217;aquests esports.<\/p>\n\n\n\n<p>La resta del dia vam gaudir d&#8217;un temps fant\u00e0stic i de la neu esquiant per les diferents pistes de l&#8217;estaci\u00f3 d&#8217;esqu\u00ed.<\/p>\n\n\n\n<p>Podeu veure totes les imatges de la sortida a la nostra:<\/p>\n\n\n\n<p><a href=\"https:\/\/photos.app.goo.gl\/omuwBUVDA79Mj7g18\" target=\"_blank\" rel=\"noreferrer noopener\">GALERIA<\/a><\/p>\n","protected":false},"excerpt":{"rendered":"<p>El passat dijous dia 24 de febrer els alumnes de 1r, 2n, 3r i 4t d&#8217;ESO van realitzar una sortida a les pistes d&#8217;esqu\u00ed de Bo\u00ed-Ta\u00fcll. <\/p>\n<p>Els alumnes van poder triar entre practicar esqu\u00ed alp\u00ed o snowboard. Tamb\u00e9 van realitzar un curs de 2 hores&hellip;  <a href=\"https:\/\/agora.xtec.cat\/iesalmenar\/sin-categoria\/esquiada-a-boi-taull\/\" title=\"Read Esquiada a Bo\u00ed-Ta\u00fcll\">Llegeix m\u00e9s\u00bb<\/a><\/p>\n","protected":false},"author":1,"featured_media":1288,"comment_status":"closed","ping_status":"closed","sticky":false,"template":"","format":"standard","meta":{"_bbp_topic_count":0,"_bbp_reply_count":0,"_bbp_total_topic_count":0,"_bbp_total_reply_count":0,"_bbp_voice_count":0,"_bbp_anonymous_reply_count":0,"_bbp_topic_count_hidden":0,"_bbp_reply_count_hidden":0,"_bbp_forum_subforum_count":0,"footnotes":""},"categories":[263],"tags":[],"class_list":["post-1287","post","type-post","status-publish","format-standard","has-post-thumbnail","hentry","category-sin-categoria"],"post_mailing_queue_ids":[],"_links":{"self":[{"href":"https:\/\/agora.xtec.cat\/iesalmenar\/wp-json\/wp\/v2\/posts\/1287","targetHints":{"allow":["GET"]}}],"collection":[{"href":"https:\/\/agora.xtec.cat\/iesalmenar\/wp-json\/wp\/v2\/posts"}],"about":[{"href":"https:\/\/agora.xtec.cat\/iesalmenar\/wp-json\/wp\/v2\/types\/post"}],"author":[{"embeddable":true,"href":"https:\/\/agora.xtec.cat\/iesalmenar\/wp-json\/wp\/v2\/users\/1"}],"replies":[{"embeddable":true,"href":"https:\/\/agora.xtec.cat\/iesalmenar\/wp-json\/wp\/v2\/comments?post=1287"}],"version-history":[{"count":0,"href":"https:\/\/agora.xtec.cat\/iesalmenar\/wp-json\/wp\/v2\/posts\/1287\/revisions"}],"wp:featuredmedia":[{"embeddable":true,"href":"https:\/\/agora.xtec.cat\/iesalmenar\/wp-json\/"}],"wp:attachment":[{"href":"https:\/\/agora.xtec.cat\/iesalmenar\/wp-json\/wp\/v2\/media?parent=1287"}],"wp:term":[{"taxonomy":"category","embeddable":true,"href":"https:\/\/agora.xtec.cat\/iesalmenar\/wp-json\/wp\/v2\/categories?post=1287"},{"taxonomy":"post_tag","embeddable":true,"href":"https:\/\/agora.xtec.cat\/iesalmenar\/wp-json\/wp\/v2\/tags?post=1287"}],"curies":[{"name":"wp","href":"https:\/\/api.w.org\/{rel}","templated":true}]}}