{"id":1088,"date":"2022-01-26T11:16:42","date_gmt":"2022-01-26T11:16:42","guid":{"rendered":"http:\/\/insalmenar.cat\/?p=1088"},"modified":"2022-01-26T11:16:42","modified_gmt":"2022-01-26T11:16:42","slug":"taller-elevator-pitch-a-ccff","status":"publish","type":"post","link":"https:\/\/agora.xtec.cat\/iesalmenar\/noticies\/taller-elevator-pitch-a-ccff\/","title":{"rendered":"Taller Elevator Pitch a CCFF"},"content":{"rendered":"\n<p>Els alumnes de CFGM Gesti\u00f3 Adminisitrativa van participar en un taller sobre l&#8217;Elevator Pitch que els va resultar molt profit\u00f3s. Per qui no conegui qu\u00e8 \u00e9s, us en fem cinc c\u00e8ntims.<\/p>\n\n\n\n<p>Elevator pitch o elevator speech \u00e9s un anglicisme que s&#8217;utilitza en el discurs de presentaci\u00f3 sobre un projecte o emprenedoria, davant de potencials clients o accionistes cobrant especial rellev\u00e0ncia per a aquest segon col\u00b7lectiu que se suposa que busca projectes i emprenedors amb idees clares, concises i sint\u00e8tiques per a prendre decisions sobre si invertir o no. <\/p>\n\n\n\n<p>Podeu veure les imatges a la:<\/p>\n\n\n\n<p><a rel=\"noreferrer noopener\" href=\"https:\/\/photos.app.goo.gl\/bVZezmHGecz5RrX98\" target=\"_blank\"><strong>GALERI<\/strong><\/a><a href=\"https:\/\/photos.app.goo.gl\/bVZezmHGecz5RrX98\" target=\"_blank\" rel=\"noreferrer noopener\"><strong>A<\/strong><\/a><\/p>\n","protected":false},"excerpt":{"rendered":"<p>Els alumnes de CFGM Gesti\u00f3 Adminisitrativa van participar en un taller sobre l&#8217;Elevator Pitch que els va resultar molt profit\u00f3s. Per qui no conegui qu\u00e8 \u00e9s, us en fem cinc c\u00e8ntims.<\/p>\n<p>Elevator pitch o elevator speech \u00e9s un anglicisme que s&#8217;utilitza en el discurs de presentaci\u00f3&hellip;  <a href=\"https:\/\/agora.xtec.cat\/iesalmenar\/noticies\/taller-elevator-pitch-a-ccff\/\" title=\"Read Taller Elevator Pitch a CCFF\">Llegeix m\u00e9s\u00bb<\/a><\/p>\n","protected":false},"author":1,"featured_media":1089,"comment_status":"closed","ping_status":"closed","sticky":false,"template":"","format":"standard","meta":{"_bbp_topic_count":0,"_bbp_reply_count":0,"_bbp_total_topic_count":0,"_bbp_total_reply_count":0,"_bbp_voice_count":0,"_bbp_anonymous_reply_count":0,"_bbp_topic_count_hidden":0,"_bbp_reply_count_hidden":0,"_bbp_forum_subforum_count":0,"footnotes":""},"categories":[262],"tags":[],"class_list":["post-1088","post","type-post","status-publish","format-standard","has-post-thumbnail","hentry","category-noticies"],"post_mailing_queue_ids":[],"_links":{"self":[{"href":"https:\/\/agora.xtec.cat\/iesalmenar\/wp-json\/wp\/v2\/posts\/1088","targetHints":{"allow":["GET"]}}],"collection":[{"href":"https:\/\/agora.xtec.cat\/iesalmenar\/wp-json\/wp\/v2\/posts"}],"about":[{"href":"https:\/\/agora.xtec.cat\/iesalmenar\/wp-json\/wp\/v2\/types\/post"}],"author":[{"embeddable":true,"href":"https:\/\/agora.xtec.cat\/iesalmenar\/wp-json\/wp\/v2\/users\/1"}],"replies":[{"embeddable":true,"href":"https:\/\/agora.xtec.cat\/iesalmenar\/wp-json\/wp\/v2\/comments?post=1088"}],"version-history":[{"count":0,"href":"https:\/\/agora.xtec.cat\/iesalmenar\/wp-json\/wp\/v2\/posts\/1088\/revisions"}],"wp:featuredmedia":[{"embeddable":true,"href":"https:\/\/agora.xtec.cat\/iesalmenar\/wp-json\/"}],"wp:attachment":[{"href":"https:\/\/agora.xtec.cat\/iesalmenar\/wp-json\/wp\/v2\/media?parent=1088"}],"wp:term":[{"taxonomy":"category","embeddable":true,"href":"https:\/\/agora.xtec.cat\/iesalmenar\/wp-json\/wp\/v2\/categories?post=1088"},{"taxonomy":"post_tag","embeddable":true,"href":"https:\/\/agora.xtec.cat\/iesalmenar\/wp-json\/wp\/v2\/tags?post=1088"}],"curies":[{"name":"wp","href":"https:\/\/api.w.org\/{rel}","templated":true}]}}