{"id":1070,"date":"2022-01-19T13:15:19","date_gmt":"2022-01-19T13:15:19","guid":{"rendered":"http:\/\/insalmenar.cat\/?p=1070"},"modified":"2022-01-19T13:15:19","modified_gmt":"2022-01-19T13:15:19","slug":"mural-al-pati","status":"publish","type":"post","link":"https:\/\/agora.xtec.cat\/iesalmenar\/sin-categoria\/mural-al-pati\/","title":{"rendered":"Mural al pati"},"content":{"rendered":"\n<p>El mural va ser pintat la primavera del 2021, pels alumnes de 1r de la ESO.<br>Tots a classe van dibuixar un arbre inventat amb la copa, el tronc i les arrels.<br>Despr\u00e9s es van triar els elements que podien funcionar m\u00e9s, per pintar el mural. Per a pintar els ocells vam fer el mateix proc\u00e9s.<\/p>\n\n\n\n<p><br>Els colors del mural, tenen a veure amb el terme d\u2019Almenar, Alguaire, Alfarr\u00e0s.<br>Per pintar van utilitzar esponges.<\/p>\n\n\n\n<figure class=\"wp-block-embed is-type-video is-provider-youtube wp-block-embed-youtube wp-embed-aspect-16-9 wp-has-aspect-ratio\"><div class=\"wp-block-embed__wrapper\">\n<iframe loading=\"lazy\" title=\"Mural al pati de l&#039;institut dels alumnes 1r ESO\" width=\"500\" height=\"281\" src=\"https:\/\/www.youtube.com\/embed\/MM8vOCbjZLY?feature=oembed\" frameborder=\"0\" allow=\"accelerometer; autoplay; clipboard-write; encrypted-media; gyroscope; picture-in-picture; web-share\" referrerpolicy=\"strict-origin-when-cross-origin\" allowfullscreen><\/iframe>\n<\/div><\/figure>\n","protected":false},"excerpt":{"rendered":"<p>El mural va ser pintat la primavera del 2021, pels alumnes de 1r de la ESO.Tots a classe van dibuixar un arbre inventat amb la copa, el tronc i les arrels.Despr\u00e9s es van triar els elements que podien funcionar m\u00e9s, per pintar el mural. Per&hellip;  <a href=\"https:\/\/agora.xtec.cat\/iesalmenar\/sin-categoria\/mural-al-pati\/\" title=\"Read Mural al pati\">Llegeix m\u00e9s\u00bb<\/a><\/p>\n","protected":false},"author":1,"featured_media":0,"comment_status":"closed","ping_status":"closed","sticky":false,"template":"","format":"standard","meta":{"_bbp_topic_count":0,"_bbp_reply_count":0,"_bbp_total_topic_count":0,"_bbp_total_reply_count":0,"_bbp_voice_count":0,"_bbp_anonymous_reply_count":0,"_bbp_topic_count_hidden":0,"_bbp_reply_count_hidden":0,"_bbp_forum_subforum_count":0,"footnotes":""},"categories":[263],"tags":[],"class_list":["post-1070","post","type-post","status-publish","format-standard","hentry","category-sin-categoria"],"post_mailing_queue_ids":[],"_links":{"self":[{"href":"https:\/\/agora.xtec.cat\/iesalmenar\/wp-json\/wp\/v2\/posts\/1070","targetHints":{"allow":["GET"]}}],"collection":[{"href":"https:\/\/agora.xtec.cat\/iesalmenar\/wp-json\/wp\/v2\/posts"}],"about":[{"href":"https:\/\/agora.xtec.cat\/iesalmenar\/wp-json\/wp\/v2\/types\/post"}],"author":[{"embeddable":true,"href":"https:\/\/agora.xtec.cat\/iesalmenar\/wp-json\/wp\/v2\/users\/1"}],"replies":[{"embeddable":true,"href":"https:\/\/agora.xtec.cat\/iesalmenar\/wp-json\/wp\/v2\/comments?post=1070"}],"version-history":[{"count":0,"href":"https:\/\/agora.xtec.cat\/iesalmenar\/wp-json\/wp\/v2\/posts\/1070\/revisions"}],"wp:attachment":[{"href":"https:\/\/agora.xtec.cat\/iesalmenar\/wp-json\/wp\/v2\/media?parent=1070"}],"wp:term":[{"taxonomy":"category","embeddable":true,"href":"https:\/\/agora.xtec.cat\/iesalmenar\/wp-json\/wp\/v2\/categories?post=1070"},{"taxonomy":"post_tag","embeddable":true,"href":"https:\/\/agora.xtec.cat\/iesalmenar\/wp-json\/wp\/v2\/tags?post=1070"}],"curies":[{"name":"wp","href":"https:\/\/api.w.org\/{rel}","templated":true}]}}