{"id":6092,"date":"2023-11-27T18:07:35","date_gmt":"2023-11-27T17:07:35","guid":{"rendered":"https:\/\/www.almata.cat\/?p=6092"},"modified":"2026-03-23T11:25:35","modified_gmt":"2026-03-23T10:25:35","slug":"acte-amb-motiu-del-25n","status":"publish","type":"post","link":"https:\/\/agora.xtec.cat\/iesalmata\/general\/acte-amb-motiu-del-25n\/","title":{"rendered":"Acte amb motiu del 25N"},"content":{"rendered":"<p>Divendres <strong>24 de novembre de 2023<\/strong> ens vam trobar tot l&#8217;alumnat del centre al pati, per llegir el manifest amb motiu del dia internacional de la viol\u00e8ncia envers les dones i anomenar totes les v\u00edctimes d&#8217;aquest any.<\/p>\n<p>\t\t\t\t\t\t\t\t\t\t\t\t\t\t\t<img decoding=\"async\" width=\"1024\" height=\"768\" src=\"https:\/\/www.almata.cat\/wp-content\/uploads\/2023\/12\/IMG_7850-1024x768.jpg\" alt=\"\" loading=\"lazy\" srcset=\"https:\/\/www.almata.cat\/wp-content\/uploads\/2023\/12\/IMG_7850-1024x768.jpg 1024w, https:\/\/www.almata.cat\/wp-content\/uploads\/2023\/12\/IMG_7850-300x225.jpg 300w, https:\/\/www.almata.cat\/wp-content\/uploads\/2023\/12\/IMG_7850-768x576.jpg 768w, https:\/\/www.almata.cat\/wp-content\/uploads\/2023\/12\/IMG_7850-1536x1152.jpg 1536w, https:\/\/www.almata.cat\/wp-content\/uploads\/2023\/12\/IMG_7850-2048x1536.jpg 2048w\" sizes=\"auto, (max-width: 1024px) 100vw, 1024px\" \/><br \/>\n\t\t\t\t\t\t\t\t\t\t\t\t\t\t\t<img decoding=\"async\" width=\"1024\" height=\"768\" src=\"https:\/\/www.almata.cat\/wp-content\/uploads\/2023\/12\/IMG_7836-1024x768.jpg\" alt=\"\" loading=\"lazy\" srcset=\"https:\/\/www.almata.cat\/wp-content\/uploads\/2023\/12\/IMG_7836-1024x768.jpg 1024w, https:\/\/www.almata.cat\/wp-content\/uploads\/2023\/12\/IMG_7836-300x225.jpg 300w, https:\/\/www.almata.cat\/wp-content\/uploads\/2023\/12\/IMG_7836-768x576.jpg 768w, https:\/\/www.almata.cat\/wp-content\/uploads\/2023\/12\/IMG_7836-1536x1152.jpg 1536w, https:\/\/www.almata.cat\/wp-content\/uploads\/2023\/12\/IMG_7836-2048x1536.jpg 2048w\" sizes=\"auto, (max-width: 1024px) 100vw, 1024px\" \/>\t\t\t\t\t\t\t\t\t\t\t\t\t\t\t<\/p>\n<p>Aix\u00ed mateix vam fer entrega dels premis del II Concurs de P\u00f2sters que havia organitzat l&#8217;institut.<\/p>\n<p>Les classes premiades van ser 2n d&#8217;ESO A, 4t d&#8217;ESO B i CFGS d&#8217;Integraci\u00f3 Social.<\/p>\n<p>\t\t\t\t\t\t\t\t\t\t\t\t\t\t\t<img decoding=\"async\" width=\"1024\" height=\"768\" src=\"https:\/\/www.almata.cat\/wp-content\/uploads\/2023\/12\/IMG_4769-1024x768.jpg\" alt=\"\" loading=\"lazy\" srcset=\"https:\/\/www.almata.cat\/wp-content\/uploads\/2023\/12\/IMG_4769-1024x768.jpg 1024w, https:\/\/www.almata.cat\/wp-content\/uploads\/2023\/12\/IMG_4769-300x225.jpg 300w, https:\/\/www.almata.cat\/wp-content\/uploads\/2023\/12\/IMG_4769-768x576.jpg 768w, https:\/\/www.almata.cat\/wp-content\/uploads\/2023\/12\/IMG_4769-1536x1152.jpg 1536w, https:\/\/www.almata.cat\/wp-content\/uploads\/2023\/12\/IMG_4769-2048x1536.jpg 2048w\" sizes=\"auto, (max-width: 1024px) 100vw, 1024px\" \/><br \/>\n\t\t\t\t\t\t\t\t\t\t\t\t\t\t\t<img decoding=\"async\" width=\"1024\" height=\"768\" src=\"https:\/\/www.almata.cat\/wp-content\/uploads\/2023\/12\/IMG_4782-1024x768.jpg\" alt=\"\" loading=\"lazy\" srcset=\"https:\/\/www.almata.cat\/wp-content\/uploads\/2023\/12\/IMG_4782-1024x768.jpg 1024w, https:\/\/www.almata.cat\/wp-content\/uploads\/2023\/12\/IMG_4782-300x225.jpg 300w, https:\/\/www.almata.cat\/wp-content\/uploads\/2023\/12\/IMG_4782-768x576.jpg 768w, https:\/\/www.almata.cat\/wp-content\/uploads\/2023\/12\/IMG_4782-1536x1152.jpg 1536w, https:\/\/www.almata.cat\/wp-content\/uploads\/2023\/12\/IMG_4782-2048x1536.jpg 2048w\" sizes=\"auto, (max-width: 1024px) 100vw, 1024px\" \/><br \/>\n\t\t\t\t\t\t\t\t\t\t\t\t\t\t\t<img decoding=\"async\" width=\"1024\" height=\"768\" src=\"https:\/\/www.almata.cat\/wp-content\/uploads\/2023\/12\/IMG_4785-1024x768.jpg\" alt=\"\" loading=\"lazy\" srcset=\"https:\/\/www.almata.cat\/wp-content\/uploads\/2023\/12\/IMG_4785-1024x768.jpg 1024w, https:\/\/www.almata.cat\/wp-content\/uploads\/2023\/12\/IMG_4785-300x225.jpg 300w, https:\/\/www.almata.cat\/wp-content\/uploads\/2023\/12\/IMG_4785-768x576.jpg 768w, https:\/\/www.almata.cat\/wp-content\/uploads\/2023\/12\/IMG_4785-1536x1152.jpg 1536w, https:\/\/www.almata.cat\/wp-content\/uploads\/2023\/12\/IMG_4785-2048x1536.jpg 2048w\" sizes=\"auto, (max-width: 1024px) 100vw, 1024px\" \/><br \/>\n\t\t\t\t\t\t\t\t\t\t\t\t\t\t\t<img decoding=\"async\" width=\"576\" height=\"1024\" src=\"https:\/\/www.almata.cat\/wp-content\/uploads\/2023\/12\/IMG_20231124_133000_Original-1-576x1024.jpg\" alt=\"\" loading=\"lazy\" srcset=\"https:\/\/www.almata.cat\/wp-content\/uploads\/2023\/12\/IMG_20231124_133000_Original-1-576x1024.jpg 576w, https:\/\/www.almata.cat\/wp-content\/uploads\/2023\/12\/IMG_20231124_133000_Original-1-169x300.jpg 169w, https:\/\/www.almata.cat\/wp-content\/uploads\/2023\/12\/IMG_20231124_133000_Original-1-768x1365.jpg 768w, https:\/\/www.almata.cat\/wp-content\/uploads\/2023\/12\/IMG_20231124_133000_Original-1-864x1536.jpg 864w, https:\/\/www.almata.cat\/wp-content\/uploads\/2023\/12\/IMG_20231124_133000_Original-1-1152x2048.jpg 1152w, https:\/\/www.almata.cat\/wp-content\/uploads\/2023\/12\/IMG_20231124_133000_Original-1-scaled.jpg 1440w\" sizes=\"auto, (max-width: 576px) 100vw, 576px\" \/><br \/>\n\t\t\t\t\t\t\t\t\t\t\t\t\t\t\t<img decoding=\"async\" width=\"1024\" height=\"768\" src=\"https:\/\/www.almata.cat\/wp-content\/uploads\/2023\/12\/IMG_7848-1024x768.jpg\" alt=\"\" loading=\"lazy\" srcset=\"https:\/\/www.almata.cat\/wp-content\/uploads\/2023\/12\/IMG_7848-1024x768.jpg 1024w, https:\/\/www.almata.cat\/wp-content\/uploads\/2023\/12\/IMG_7848-300x225.jpg 300w, https:\/\/www.almata.cat\/wp-content\/uploads\/2023\/12\/IMG_7848-768x576.jpg 768w, https:\/\/www.almata.cat\/wp-content\/uploads\/2023\/12\/IMG_7848-1536x1152.jpg 1536w, https:\/\/www.almata.cat\/wp-content\/uploads\/2023\/12\/IMG_7848-2048x1536.jpg 2048w\" sizes=\"auto, (max-width: 1024px) 100vw, 1024px\" \/><br \/>\n\t\t\t\t\t\t\t\t\t\t\t\t\t\t\t<img decoding=\"async\" width=\"768\" height=\"1024\" src=\"https:\/\/www.almata.cat\/wp-content\/uploads\/2023\/12\/PHOTO-2023-11-24-16-01-06.jpg\" alt=\"\" loading=\"lazy\" srcset=\"https:\/\/www.almata.cat\/wp-content\/uploads\/2023\/12\/PHOTO-2023-11-24-16-01-06.jpg 768w, https:\/\/www.almata.cat\/wp-content\/uploads\/2023\/12\/PHOTO-2023-11-24-16-01-06-225x300.jpg 225w\" sizes=\"auto, (max-width: 768px) 100vw, 768px\" \/>\t\t\t\t\t\t\t\t\t\t\t\t\t\t\t<\/p>\n<p>Va tenir una menci\u00f3 art\u00edstica el p\u00f2ster de 1r de Batxillerat A.<\/p>\n<p>\t\t\t\t\t\t\t\t\t\t\t\t\t\t\t<img decoding=\"async\" width=\"1024\" height=\"576\" src=\"https:\/\/www.almata.cat\/wp-content\/uploads\/2023\/12\/IMG_20231124_132647_Original-1024x576.jpg\" alt=\"\" loading=\"lazy\" srcset=\"https:\/\/www.almata.cat\/wp-content\/uploads\/2023\/12\/IMG_20231124_132647_Original-1024x576.jpg 1024w, https:\/\/www.almata.cat\/wp-content\/uploads\/2023\/12\/IMG_20231124_132647_Original-300x169.jpg 300w, https:\/\/www.almata.cat\/wp-content\/uploads\/2023\/12\/IMG_20231124_132647_Original-768x432.jpg 768w, https:\/\/www.almata.cat\/wp-content\/uploads\/2023\/12\/IMG_20231124_132647_Original-1536x864.jpg 1536w, https:\/\/www.almata.cat\/wp-content\/uploads\/2023\/12\/IMG_20231124_132647_Original-2048x1152.jpg 2048w\" sizes=\"auto, (max-width: 1024px) 100vw, 1024px\" \/>\t\t\t\t\t\t\t\t\t\t\t\t\t\t\t<\/p>\n<p>I, alguns alumnes de 4t d&#8217;ESO de Visual i Pl\u00e0stica van participar en l&#8217;elaboraci\u00f3 d&#8217;un mural col\u00b7lectiu a la pla\u00e7a Mercadal.<\/p>\n<p>\t\t\t\t\t\t\t\t\t\t\t\t\t\t\t<img decoding=\"async\" width=\"1024\" height=\"768\" src=\"https:\/\/www.almata.cat\/wp-content\/uploads\/2023\/12\/IMG_7879-1024x768.jpg\" alt=\"\" loading=\"lazy\" srcset=\"https:\/\/www.almata.cat\/wp-content\/uploads\/2023\/12\/IMG_7879-1024x768.jpg 1024w, https:\/\/www.almata.cat\/wp-content\/uploads\/2023\/12\/IMG_7879-300x225.jpg 300w, https:\/\/www.almata.cat\/wp-content\/uploads\/2023\/12\/IMG_7879-768x576.jpg 768w, https:\/\/www.almata.cat\/wp-content\/uploads\/2023\/12\/IMG_7879-1536x1152.jpg 1536w, https:\/\/www.almata.cat\/wp-content\/uploads\/2023\/12\/IMG_7879.jpg 1600w\" sizes=\"auto, (max-width: 1024px) 100vw, 1024px\" \/><br \/>\n\t\t\t\t\t\t\t\t\t\t\t\t\t\t\t<img decoding=\"async\" width=\"1024\" height=\"1024\" src=\"https:\/\/www.almata.cat\/wp-content\/uploads\/2023\/12\/IMG_7871-1024x1024.jpg\" alt=\"\" loading=\"lazy\" srcset=\"https:\/\/www.almata.cat\/wp-content\/uploads\/2023\/12\/IMG_7871-1024x1024.jpg 1024w, https:\/\/www.almata.cat\/wp-content\/uploads\/2023\/12\/IMG_7871-300x300.jpg 300w, https:\/\/www.almata.cat\/wp-content\/uploads\/2023\/12\/IMG_7871-150x150.jpg 150w, https:\/\/www.almata.cat\/wp-content\/uploads\/2023\/12\/IMG_7871-768x768.jpg 768w, https:\/\/www.almata.cat\/wp-content\/uploads\/2023\/12\/IMG_7871-1536x1536.jpg 1536w, https:\/\/www.almata.cat\/wp-content\/uploads\/2023\/12\/IMG_7871.jpg 1600w\" sizes=\"auto, (max-width: 1024px) 100vw, 1024px\" \/><br \/>\n\t\t\t\t\t\t\t\t\t\t\t\t\t\t\t<img decoding=\"async\" width=\"768\" height=\"1024\" src=\"https:\/\/www.almata.cat\/wp-content\/uploads\/2023\/12\/IMG_7880-768x1024.jpg\" alt=\"\" loading=\"lazy\" srcset=\"https:\/\/www.almata.cat\/wp-content\/uploads\/2023\/12\/IMG_7880-768x1024.jpg 768w, https:\/\/www.almata.cat\/wp-content\/uploads\/2023\/12\/IMG_7880-225x300.jpg 225w, https:\/\/www.almata.cat\/wp-content\/uploads\/2023\/12\/IMG_7880-1152x1536.jpg 1152w, https:\/\/www.almata.cat\/wp-content\/uploads\/2023\/12\/IMG_7880.jpg 1200w\" sizes=\"auto, (max-width: 768px) 100vw, 768px\" \/>\t\t\t\t\t\t\t\t\t\t\t\t\t\t\t<\/p>\n<p>I els p\u00f2sters presentats en el nostre concurs van servir per la cursa de la dona que va organitzar el Consell Comarcal.<\/p>\n<p>\t\t\t\t\t\t\t\t\t\t\t\t\t\t\t<img decoding=\"async\" width=\"1024\" height=\"576\" src=\"https:\/\/www.almata.cat\/wp-content\/uploads\/2023\/12\/PHOTO-2023-11-26-10-15-49-1024x576.jpg\" alt=\"\" loading=\"lazy\" srcset=\"https:\/\/www.almata.cat\/wp-content\/uploads\/2023\/12\/PHOTO-2023-11-26-10-15-49-1024x576.jpg 1024w, https:\/\/www.almata.cat\/wp-content\/uploads\/2023\/12\/PHOTO-2023-11-26-10-15-49-300x169.jpg 300w, https:\/\/www.almata.cat\/wp-content\/uploads\/2023\/12\/PHOTO-2023-11-26-10-15-49-768x432.jpg 768w, https:\/\/www.almata.cat\/wp-content\/uploads\/2023\/12\/PHOTO-2023-11-26-10-15-49-1536x864.jpg 1536w, https:\/\/www.almata.cat\/wp-content\/uploads\/2023\/12\/PHOTO-2023-11-26-10-15-49.jpg 1599w\" sizes=\"auto, (max-width: 1024px) 100vw, 1024px\" \/><\/p>\n","protected":false},"excerpt":{"rendered":"<p>Divendres 24 de novembre de 2023 ens vam trobar tot l&#8217;alumnat del centre al pati, per llegir el manifest amb [&hellip;]<\/p>\n","protected":false},"author":4,"featured_media":6111,"comment_status":"closed","ping_status":"closed","sticky":false,"template":"","format":"standard","meta":{"_bbp_topic_count":0,"_bbp_reply_count":0,"_bbp_total_topic_count":0,"_bbp_total_reply_count":0,"_bbp_voice_count":0,"_bbp_anonymous_reply_count":0,"_bbp_topic_count_hidden":0,"_bbp_reply_count_hidden":0,"_bbp_forum_subforum_count":0,"site-sidebar-layout":"default","site-content-layout":"","ast-site-content-layout":"","site-content-style":"default","site-sidebar-style":"default","ast-global-header-display":"","ast-banner-title-visibility":"","ast-main-header-display":"","ast-hfb-above-header-display":"","ast-hfb-below-header-display":"","ast-hfb-mobile-header-display":"","site-post-title":"","ast-breadcrumbs-content":"","ast-featured-img":"","footer-sml-layout":"","theme-transparent-header-meta":"","adv-header-id-meta":"","stick-header-meta":"","header-above-stick-meta":"","header-main-stick-meta":"","header-below-stick-meta":"","astra-migrate-meta-layouts":"default","ast-page-background-enabled":"default","ast-page-background-meta":{"desktop":{"background-color":"var(--ast-global-color-4)","background-image":"","background-repeat":"repeat","background-position":"center center","background-size":"auto","background-attachment":"scroll","background-type":"","background-media":"","overlay-type":"","overlay-color":"","overlay-opacity":"","overlay-gradient":""},"tablet":{"background-color":"","background-image":"","background-repeat":"repeat","background-position":"center center","background-size":"auto","background-attachment":"scroll","background-type":"","background-media":"","overlay-type":"","overlay-color":"","overlay-opacity":"","overlay-gradient":""},"mobile":{"background-color":"","background-image":"","background-repeat":"repeat","background-position":"center center","background-size":"auto","background-attachment":"scroll","background-type":"","background-media":"","overlay-type":"","overlay-color":"","overlay-opacity":"","overlay-gradient":""}},"ast-content-background-meta":{"desktop":{"background-color":"var(--ast-global-color-5)","background-image":"","background-repeat":"repeat","background-position":"center center","background-size":"auto","background-attachment":"scroll","background-type":"","background-media":"","overlay-type":"","overlay-color":"","overlay-opacity":"","overlay-gradient":""},"tablet":{"background-color":"var(--ast-global-color-5)","background-image":"","background-repeat":"repeat","background-position":"center center","background-size":"auto","background-attachment":"scroll","background-type":"","background-media":"","overlay-type":"","overlay-color":"","overlay-opacity":"","overlay-gradient":""},"mobile":{"background-color":"var(--ast-global-color-5)","background-image":"","background-repeat":"repeat","background-position":"center center","background-size":"auto","background-attachment":"scroll","background-type":"","background-media":"","overlay-type":"","overlay-color":"","overlay-opacity":"","overlay-gradient":""}},"footnotes":""},"categories":[1],"tags":[],"class_list":["post-6092","post","type-post","status-publish","format-standard","has-post-thumbnail","hentry","category-general"],"post_mailing_queue_ids":[],"_links":{"self":[{"href":"https:\/\/agora.xtec.cat\/iesalmata\/wp-json\/wp\/v2\/posts\/6092","targetHints":{"allow":["GET"]}}],"collection":[{"href":"https:\/\/agora.xtec.cat\/iesalmata\/wp-json\/wp\/v2\/posts"}],"about":[{"href":"https:\/\/agora.xtec.cat\/iesalmata\/wp-json\/wp\/v2\/types\/post"}],"author":[{"embeddable":true,"href":"https:\/\/agora.xtec.cat\/iesalmata\/wp-json\/wp\/v2\/users\/4"}],"replies":[{"embeddable":true,"href":"https:\/\/agora.xtec.cat\/iesalmata\/wp-json\/wp\/v2\/comments?post=6092"}],"version-history":[{"count":1,"href":"https:\/\/agora.xtec.cat\/iesalmata\/wp-json\/wp\/v2\/posts\/6092\/revisions"}],"predecessor-version":[{"id":7724,"href":"https:\/\/agora.xtec.cat\/iesalmata\/wp-json\/wp\/v2\/posts\/6092\/revisions\/7724"}],"wp:featuredmedia":[{"embeddable":true,"href":"https:\/\/agora.xtec.cat\/iesalmata\/wp-json\/wp\/v2\/media\/6111"}],"wp:attachment":[{"href":"https:\/\/agora.xtec.cat\/iesalmata\/wp-json\/wp\/v2\/media?parent=6092"}],"wp:term":[{"taxonomy":"category","embeddable":true,"href":"https:\/\/agora.xtec.cat\/iesalmata\/wp-json\/wp\/v2\/categories?post=6092"},{"taxonomy":"post_tag","embeddable":true,"href":"https:\/\/agora.xtec.cat\/iesalmata\/wp-json\/wp\/v2\/tags?post=6092"}],"curies":[{"name":"wp","href":"https:\/\/api.w.org\/{rel}","templated":true}]}}