{"id":6291,"date":"2023-06-22T13:29:32","date_gmt":"2023-06-22T11:29:32","guid":{"rendered":"https:\/\/agora.xtec.cat\/iesalfacs\/?p=6291"},"modified":"2023-06-22T13:31:13","modified_gmt":"2023-06-22T11:31:13","slug":"1r-premi-emprenedoria-i-excel%c2%b7lencia-docent-als-premis-impulsfp","status":"publish","type":"post","link":"https:\/\/agora.xtec.cat\/iesalfacs\/general\/1r-premi-emprenedoria-i-excel%c2%b7lencia-docent-als-premis-impulsfp\/","title":{"rendered":"1r PREMI EMPRENEDORIA I EXCEL\u00b7L\u00c8NCIA DOCENT ALS PREMIS impulsFP"},"content":{"rendered":"<p>L&#8217;institut Els Alfacs participa en els Premis impulsFP 2023 i obt\u00e9 un 1r Premi en la Modalitat Premis emprenedors i un 1r Premi en la Modalitat Premis Excel\u00b7l\u00e8ncia. Els guardonats van rebre el dilluns 22 de maig la distinci\u00f3 de la m\u00e0 de l&#8217;inspector Jordi Cervera, la Coordinadora d&#8217;FP dels Serveis Territorials Mari Fandos i la directora de l&#8217;institut Dertosa, ja que va ser el centre seu per a l&#8217;entrega de premis aquest curs.<\/p>\n<p>El concurs Premis impulsFP \u00e9s una oportunitat per donar reconeixement i posar en relleu els projectes i bones pr\u00e0ctiques com a mecanisme d\u2019est\u00edmul en la millora de l&#8217;excel\u00b7l\u00e8ncia de la formaci\u00f3 professional, especialment en l\u2019\u00e0mbit de les compet\u00e8ncies transversals de l\u2019alumnat i les pr\u00e0ctiques pedag\u00f2giques\u00a0 del professorat.<\/p>\n<p>En la Modalitat Premis emprenedors, el projecte <a href=\"file:\/\/\/C:\/Users\/20475112Y\/Downloads\/PRESENTACI%C3%93%20GEBRENT%20-MODALITAT%20PREMIS%20EMPRENEDORS.pdf\">Gebrent<\/a>, realitzat des del M\u00f2dul Empresa a l&#8217;aula el curs 2021-2022 ha sigut el que s&#8217;emporta el 1r Premi en el nivell Grau Mitj\u00e0. Gebrent \u00e9s una empresa simulada que t\u00e9 com a missi\u00f3 organitzar experi\u00e8ncies gastron\u00f2miques a llocs id\u00edl\u00b7lics de les Terres de l&#8217;Ebre.<\/p>\n<p>En la Modalitat Premis excel\u00b7l\u00e8ncia, que valora l\u2019acci\u00f3 docent a trav\u00e9s de projectes d\u2019innovaci\u00f3 pedag\u00f2gica i excel\u00b7l\u00e8ncia, el <a href=\"file:\/\/\/C:\/Users\/20475112Y\/Downloads\/PRESENTACI%C3%93%20II%20CHALLENGE%20TTEE%20-MODALITAT%20PREMIS%20EXCEL%C2%B7L%C3%88NCIA%20(1).pdf\">II Challenge Terres de l&#8217;Ebre<\/a> que es va realitzar el curs passat a l&#8217;Auditori Sixto Mir de la R\u00e0pita, organitzat per la Coordinaci\u00f3 d&#8217;Empr\u00e8nFP de l&#8217;institut Els Alfacs, institut Montsi\u00e0 i institut de l&#8217;Ebre s&#8217;emporta el 1r Premi, premi \u00fanic, en la categoria de Grau Mitj\u00e0.<\/p>\n<p>L&#8217;alumnat premiat ha estat Al\u00e8xia Cerd\u00e0, Cristina Ciurel, Jordi D\u00edaz i Marc Guzm\u00e1n amb el projecte Gebrent, i el professorat premiat del nostre centre ha estat Lina Meseguer Carb\u00f3 amb el projecte II Challenge Terres de l&#8217;Ebre. Enhorabona per la feina ben feta!<\/p>\n<p>&nbsp;<\/p>\n<p><a href=\"https:\/\/agora.xtec.cat\/iesalfacs\/wp-content\/uploads\/usu209\/2023\/06\/c64291a0-90e7-4210-8bea-b0db9683cbc8.jpg\"><img loading=\"lazy\" decoding=\"async\" class=\"alignnone size-large wp-image-6300\" src=\"https:\/\/agora.xtec.cat\/iesalfacs\/wp-content\/uploads\/usu209\/2023\/06\/c64291a0-90e7-4210-8bea-b0db9683cbc8-1024x771.jpg\" alt=\"\" width=\"1024\" height=\"771\" srcset=\"https:\/\/agora.xtec.cat\/iesalfacs\/wp-content\/uploads\/usu209\/2023\/06\/c64291a0-90e7-4210-8bea-b0db9683cbc8-1024x771.jpg 1024w, https:\/\/agora.xtec.cat\/iesalfacs\/wp-content\/uploads\/usu209\/2023\/06\/c64291a0-90e7-4210-8bea-b0db9683cbc8-300x226.jpg 300w, https:\/\/agora.xtec.cat\/iesalfacs\/wp-content\/uploads\/usu209\/2023\/06\/c64291a0-90e7-4210-8bea-b0db9683cbc8-768x578.jpg 768w, https:\/\/agora.xtec.cat\/iesalfacs\/wp-content\/uploads\/usu209\/2023\/06\/c64291a0-90e7-4210-8bea-b0db9683cbc8-1536x1157.jpg 1536w, https:\/\/agora.xtec.cat\/iesalfacs\/wp-content\/uploads\/usu209\/2023\/06\/c64291a0-90e7-4210-8bea-b0db9683cbc8-200x150.jpg 200w, https:\/\/agora.xtec.cat\/iesalfacs\/wp-content\/uploads\/usu209\/2023\/06\/c64291a0-90e7-4210-8bea-b0db9683cbc8.jpg 2040w\" sizes=\"auto, (max-width: 1024px) 100vw, 1024px\" \/><\/a> <a href=\"https:\/\/agora.xtec.cat\/iesalfacs\/wp-content\/uploads\/usu209\/2023\/06\/2710ee41-703a-4f13-a625-f22d1aff8326.jpg\"><img loading=\"lazy\" decoding=\"async\" class=\"alignnone size-large wp-image-6301\" src=\"https:\/\/agora.xtec.cat\/iesalfacs\/wp-content\/uploads\/usu209\/2023\/06\/2710ee41-703a-4f13-a625-f22d1aff8326-1024x771.jpg\" alt=\"\" width=\"1024\" height=\"771\" srcset=\"https:\/\/agora.xtec.cat\/iesalfacs\/wp-content\/uploads\/usu209\/2023\/06\/2710ee41-703a-4f13-a625-f22d1aff8326-1024x771.jpg 1024w, https:\/\/agora.xtec.cat\/iesalfacs\/wp-content\/uploads\/usu209\/2023\/06\/2710ee41-703a-4f13-a625-f22d1aff8326-300x226.jpg 300w, https:\/\/agora.xtec.cat\/iesalfacs\/wp-content\/uploads\/usu209\/2023\/06\/2710ee41-703a-4f13-a625-f22d1aff8326-768x578.jpg 768w, https:\/\/agora.xtec.cat\/iesalfacs\/wp-content\/uploads\/usu209\/2023\/06\/2710ee41-703a-4f13-a625-f22d1aff8326-1536x1156.jpg 1536w, https:\/\/agora.xtec.cat\/iesalfacs\/wp-content\/uploads\/usu209\/2023\/06\/2710ee41-703a-4f13-a625-f22d1aff8326-200x150.jpg 200w, https:\/\/agora.xtec.cat\/iesalfacs\/wp-content\/uploads\/usu209\/2023\/06\/2710ee41-703a-4f13-a625-f22d1aff8326.jpg 1600w\" sizes=\"auto, (max-width: 1024px) 100vw, 1024px\" \/><\/a> <a href=\"https:\/\/agora.xtec.cat\/iesalfacs\/wp-content\/uploads\/usu209\/2023\/06\/IMG-2219-scaled.jpg\"><img loading=\"lazy\" decoding=\"async\" class=\"alignnone size-large wp-image-6302\" src=\"https:\/\/agora.xtec.cat\/iesalfacs\/wp-content\/uploads\/usu209\/2023\/06\/IMG-2219-1024x768.jpg\" alt=\"\" width=\"1024\" height=\"768\" srcset=\"https:\/\/agora.xtec.cat\/iesalfacs\/wp-content\/uploads\/usu209\/2023\/06\/IMG-2219-1024x768.jpg 1024w, https:\/\/agora.xtec.cat\/iesalfacs\/wp-content\/uploads\/usu209\/2023\/06\/IMG-2219-300x225.jpg 300w, https:\/\/agora.xtec.cat\/iesalfacs\/wp-content\/uploads\/usu209\/2023\/06\/IMG-2219-768x576.jpg 768w, https:\/\/agora.xtec.cat\/iesalfacs\/wp-content\/uploads\/usu209\/2023\/06\/IMG-2219-1536x1152.jpg 1536w, https:\/\/agora.xtec.cat\/iesalfacs\/wp-content\/uploads\/usu209\/2023\/06\/IMG-2219-2048x1536.jpg 2048w, https:\/\/agora.xtec.cat\/iesalfacs\/wp-content\/uploads\/usu209\/2023\/06\/IMG-2219-200x150.jpg 200w\" sizes=\"auto, (max-width: 1024px) 100vw, 1024px\" \/><\/a> <a href=\"https:\/\/agora.xtec.cat\/iesalfacs\/wp-content\/uploads\/usu209\/2023\/06\/IMG-2218-scaled.jpg\"><img loading=\"lazy\" decoding=\"async\" class=\"alignnone size-large wp-image-6303\" src=\"https:\/\/agora.xtec.cat\/iesalfacs\/wp-content\/uploads\/usu209\/2023\/06\/IMG-2218-1024x768.jpg\" alt=\"\" width=\"1024\" height=\"768\" srcset=\"https:\/\/agora.xtec.cat\/iesalfacs\/wp-content\/uploads\/usu209\/2023\/06\/IMG-2218-1024x768.jpg 1024w, https:\/\/agora.xtec.cat\/iesalfacs\/wp-content\/uploads\/usu209\/2023\/06\/IMG-2218-300x225.jpg 300w, https:\/\/agora.xtec.cat\/iesalfacs\/wp-content\/uploads\/usu209\/2023\/06\/IMG-2218-768x576.jpg 768w, https:\/\/agora.xtec.cat\/iesalfacs\/wp-content\/uploads\/usu209\/2023\/06\/IMG-2218-1536x1152.jpg 1536w, https:\/\/agora.xtec.cat\/iesalfacs\/wp-content\/uploads\/usu209\/2023\/06\/IMG-2218-2048x1536.jpg 2048w, https:\/\/agora.xtec.cat\/iesalfacs\/wp-content\/uploads\/usu209\/2023\/06\/IMG-2218-200x150.jpg 200w\" sizes=\"auto, (max-width: 1024px) 100vw, 1024px\" \/><\/a> <a href=\"https:\/\/agora.xtec.cat\/iesalfacs\/wp-content\/uploads\/usu209\/2023\/06\/81e6f7df-300a-4f62-99d5-55b45bc29450.jpg\"><img loading=\"lazy\" decoding=\"async\" class=\"alignnone size-large wp-image-6304\" src=\"https:\/\/agora.xtec.cat\/iesalfacs\/wp-content\/uploads\/usu209\/2023\/06\/81e6f7df-300a-4f62-99d5-55b45bc29450-1024x771.jpg\" alt=\"\" width=\"1024\" height=\"771\" srcset=\"https:\/\/agora.xtec.cat\/iesalfacs\/wp-content\/uploads\/usu209\/2023\/06\/81e6f7df-300a-4f62-99d5-55b45bc29450-1024x771.jpg 1024w, https:\/\/agora.xtec.cat\/iesalfacs\/wp-content\/uploads\/usu209\/2023\/06\/81e6f7df-300a-4f62-99d5-55b45bc29450-300x226.jpg 300w, https:\/\/agora.xtec.cat\/iesalfacs\/wp-content\/uploads\/usu209\/2023\/06\/81e6f7df-300a-4f62-99d5-55b45bc29450-768x578.jpg 768w, https:\/\/agora.xtec.cat\/iesalfacs\/wp-content\/uploads\/usu209\/2023\/06\/81e6f7df-300a-4f62-99d5-55b45bc29450-1536x1157.jpg 1536w, https:\/\/agora.xtec.cat\/iesalfacs\/wp-content\/uploads\/usu209\/2023\/06\/81e6f7df-300a-4f62-99d5-55b45bc29450-200x150.jpg 200w, https:\/\/agora.xtec.cat\/iesalfacs\/wp-content\/uploads\/usu209\/2023\/06\/81e6f7df-300a-4f62-99d5-55b45bc29450.jpg 2040w\" sizes=\"auto, (max-width: 1024px) 100vw, 1024px\" \/><\/a><\/p>\n","protected":false},"excerpt":{"rendered":"<p>L&#8217;institut Els Alfacs participa en els Premis impulsFP 2023 i obt\u00e9 un 1r Premi en la Modalitat Premis emprenedors i un 1r Premi en la Modalitat Premis Excel\u00b7l\u00e8ncia. Els guardonats van rebre el dilluns 22 de maig la distinci\u00f3 de la m\u00e0 de l&#8217;inspector Jordi Cervera, la Coordinadora d&#8217;FP dels Serveis Territorials Mari Fandos i [&hellip;]<\/p>\n","protected":false},"author":268,"featured_media":6300,"comment_status":"open","ping_status":"closed","sticky":false,"template":"","format":"standard","meta":{"_bbp_topic_count":0,"_bbp_reply_count":0,"_bbp_total_topic_count":0,"_bbp_total_reply_count":0,"_bbp_voice_count":0,"_bbp_anonymous_reply_count":0,"_bbp_topic_count_hidden":0,"_bbp_reply_count_hidden":0,"_bbp_forum_subforum_count":0,"site-sidebar-layout":"default","site-content-layout":"","ast-site-content-layout":"","site-content-style":"default","site-sidebar-style":"default","ast-global-header-display":"","ast-banner-title-visibility":"","ast-main-header-display":"","ast-hfb-above-header-display":"","ast-hfb-below-header-display":"","ast-hfb-mobile-header-display":"","site-post-title":"","ast-breadcrumbs-content":"","ast-featured-img":"","footer-sml-layout":"","theme-transparent-header-meta":"","adv-header-id-meta":"","stick-header-meta":"","header-above-stick-meta":"","header-main-stick-meta":"","header-below-stick-meta":"","astra-migrate-meta-layouts":"default","ast-page-background-enabled":"default","ast-page-background-meta":{"desktop":{"background-color":"var(--ast-global-color-4)","background-image":"","background-repeat":"repeat","background-position":"center center","background-size":"auto","background-attachment":"scroll","background-type":"","background-media":"","overlay-type":"","overlay-color":"","overlay-opacity":"","overlay-gradient":""},"tablet":{"background-color":"","background-image":"","background-repeat":"repeat","background-position":"center center","background-size":"auto","background-attachment":"scroll","background-type":"","background-media":"","overlay-type":"","overlay-color":"","overlay-opacity":"","overlay-gradient":""},"mobile":{"background-color":"","background-image":"","background-repeat":"repeat","background-position":"center center","background-size":"auto","background-attachment":"scroll","background-type":"","background-media":"","overlay-type":"","overlay-color":"","overlay-opacity":"","overlay-gradient":""}},"ast-content-background-meta":{"desktop":{"background-color":"var(--ast-global-color-5)","background-image":"","background-repeat":"repeat","background-position":"center center","background-size":"auto","background-attachment":"scroll","background-type":"","background-media":"","overlay-type":"","overlay-color":"","overlay-opacity":"","overlay-gradient":""},"tablet":{"background-color":"var(--ast-global-color-5)","background-image":"","background-repeat":"repeat","background-position":"center center","background-size":"auto","background-attachment":"scroll","background-type":"","background-media":"","overlay-type":"","overlay-color":"","overlay-opacity":"","overlay-gradient":""},"mobile":{"background-color":"var(--ast-global-color-5)","background-image":"","background-repeat":"repeat","background-position":"center center","background-size":"auto","background-attachment":"scroll","background-type":"","background-media":"","overlay-type":"","overlay-color":"","overlay-opacity":"","overlay-gradient":""}},"footnotes":""},"categories":[30,1,29],"tags":[],"class_list":["post-6291","post","type-post","status-publish","format-standard","has-post-thumbnail","hentry","category-cicles-formatius","category-general","category-portada"],"post_mailing_queue_ids":[],"_links":{"self":[{"href":"https:\/\/agora.xtec.cat\/iesalfacs\/wp-json\/wp\/v2\/posts\/6291","targetHints":{"allow":["GET"]}}],"collection":[{"href":"https:\/\/agora.xtec.cat\/iesalfacs\/wp-json\/wp\/v2\/posts"}],"about":[{"href":"https:\/\/agora.xtec.cat\/iesalfacs\/wp-json\/wp\/v2\/types\/post"}],"author":[{"embeddable":true,"href":"https:\/\/agora.xtec.cat\/iesalfacs\/wp-json\/wp\/v2\/users\/268"}],"replies":[{"embeddable":true,"href":"https:\/\/agora.xtec.cat\/iesalfacs\/wp-json\/wp\/v2\/comments?post=6291"}],"version-history":[{"count":3,"href":"https:\/\/agora.xtec.cat\/iesalfacs\/wp-json\/wp\/v2\/posts\/6291\/revisions"}],"predecessor-version":[{"id":6306,"href":"https:\/\/agora.xtec.cat\/iesalfacs\/wp-json\/wp\/v2\/posts\/6291\/revisions\/6306"}],"wp:featuredmedia":[{"embeddable":true,"href":"https:\/\/agora.xtec.cat\/iesalfacs\/wp-json\/wp\/v2\/media\/6300"}],"wp:attachment":[{"href":"https:\/\/agora.xtec.cat\/iesalfacs\/wp-json\/wp\/v2\/media?parent=6291"}],"wp:term":[{"taxonomy":"category","embeddable":true,"href":"https:\/\/agora.xtec.cat\/iesalfacs\/wp-json\/wp\/v2\/categories?post=6291"},{"taxonomy":"post_tag","embeddable":true,"href":"https:\/\/agora.xtec.cat\/iesalfacs\/wp-json\/wp\/v2\/tags?post=6291"}],"curies":[{"name":"wp","href":"https:\/\/api.w.org\/{rel}","templated":true}]}}