{"id":6149,"date":"2023-04-12T17:15:49","date_gmt":"2023-04-12T15:15:49","guid":{"rendered":"https:\/\/agora.xtec.cat\/iesalfacs\/?p=6149"},"modified":"2023-04-12T17:15:49","modified_gmt":"2023-04-12T15:15:49","slug":"visita-a-la-c-n-dasco-1r-i-2n-bat","status":"publish","type":"post","link":"https:\/\/agora.xtec.cat\/iesalfacs\/portada\/visita-a-la-c-n-dasco-1r-i-2n-bat\/","title":{"rendered":"Visita a la C.N. d&#8217;Asc\u00f3 1r i 2n BAT"},"content":{"rendered":"<p>El passat dijous 23 de mar\u00e7 l&#8217;alumnat de f\u00edsica de 1r i de 2n de BAT va realitzar una visita pedag\u00f2gica al Centre d&#8217;Informaci\u00f3 &#8211; Central Nuclear d&#8217;Asc\u00f3. All\u00ed van con\u00e8ixer de 1a m\u00e0 el present de l&#8217;energia nuclear a Catalunya i, a banda de visitar les instal\u00b7lacions sobre l&#8217;energia en general i sobre l&#8217;energia nuclear en particular, van poder establir un di\u00e0leg amb l&#8217;encarregat de comunicaci\u00f3 de la central per tal de resoldre preguntes t\u00e8cniques, socials i mediambientals relacionades amb aquesta energia tan pol\u00e8mica.<a href=\"https:\/\/agora.xtec.cat\/iesalfacs\/wp-content\/uploads\/usu209\/2023\/04\/P11301982.jpg\"><img loading=\"lazy\" decoding=\"async\" class=\"alignnone size-large wp-image-6150\" src=\"https:\/\/agora.xtec.cat\/iesalfacs\/wp-content\/uploads\/usu209\/2023\/04\/P11301982-1024x768.jpg\" alt=\"\" width=\"1024\" height=\"768\" srcset=\"https:\/\/agora.xtec.cat\/iesalfacs\/wp-content\/uploads\/usu209\/2023\/04\/P11301982-1024x768.jpg 1024w, https:\/\/agora.xtec.cat\/iesalfacs\/wp-content\/uploads\/usu209\/2023\/04\/P11301982-300x225.jpg 300w, https:\/\/agora.xtec.cat\/iesalfacs\/wp-content\/uploads\/usu209\/2023\/04\/P11301982-768x576.jpg 768w, https:\/\/agora.xtec.cat\/iesalfacs\/wp-content\/uploads\/usu209\/2023\/04\/P11301982-1536x1152.jpg 1536w, https:\/\/agora.xtec.cat\/iesalfacs\/wp-content\/uploads\/usu209\/2023\/04\/P11301982-2048x1536.jpg 2048w, https:\/\/agora.xtec.cat\/iesalfacs\/wp-content\/uploads\/usu209\/2023\/04\/P11301982-200x150.jpg 200w\" sizes=\"auto, (max-width: 1024px) 100vw, 1024px\" \/><\/a><\/p>\n","protected":false},"excerpt":{"rendered":"<p>El passat dijous 23 de mar\u00e7 l&#8217;alumnat de f\u00edsica de 1r i de 2n de BAT va realitzar una visita pedag\u00f2gica al Centre d&#8217;Informaci\u00f3 &#8211; Central Nuclear d&#8217;Asc\u00f3. All\u00ed van con\u00e8ixer de 1a m\u00e0 el present de l&#8217;energia nuclear a Catalunya i, a banda de visitar les instal\u00b7lacions sobre l&#8217;energia en general i sobre l&#8217;energia [&hellip;]<\/p>\n","protected":false},"author":112,"featured_media":6150,"comment_status":"open","ping_status":"closed","sticky":false,"template":"","format":"standard","meta":{"_bbp_topic_count":0,"_bbp_reply_count":0,"_bbp_total_topic_count":0,"_bbp_total_reply_count":0,"_bbp_voice_count":0,"_bbp_anonymous_reply_count":0,"_bbp_topic_count_hidden":0,"_bbp_reply_count_hidden":0,"_bbp_forum_subforum_count":0,"site-sidebar-layout":"default","site-content-layout":"","ast-site-content-layout":"","site-content-style":"default","site-sidebar-style":"default","ast-global-header-display":"","ast-banner-title-visibility":"","ast-main-header-display":"","ast-hfb-above-header-display":"","ast-hfb-below-header-display":"","ast-hfb-mobile-header-display":"","site-post-title":"","ast-breadcrumbs-content":"","ast-featured-img":"","footer-sml-layout":"","theme-transparent-header-meta":"","adv-header-id-meta":"","stick-header-meta":"","header-above-stick-meta":"","header-main-stick-meta":"","header-below-stick-meta":"","astra-migrate-meta-layouts":"default","ast-page-background-enabled":"default","ast-page-background-meta":{"desktop":{"background-color":"var(--ast-global-color-4)","background-image":"","background-repeat":"repeat","background-position":"center center","background-size":"auto","background-attachment":"scroll","background-type":"","background-media":"","overlay-type":"","overlay-color":"","overlay-opacity":"","overlay-gradient":""},"tablet":{"background-color":"","background-image":"","background-repeat":"repeat","background-position":"center center","background-size":"auto","background-attachment":"scroll","background-type":"","background-media":"","overlay-type":"","overlay-color":"","overlay-opacity":"","overlay-gradient":""},"mobile":{"background-color":"","background-image":"","background-repeat":"repeat","background-position":"center center","background-size":"auto","background-attachment":"scroll","background-type":"","background-media":"","overlay-type":"","overlay-color":"","overlay-opacity":"","overlay-gradient":""}},"ast-content-background-meta":{"desktop":{"background-color":"var(--ast-global-color-5)","background-image":"","background-repeat":"repeat","background-position":"center center","background-size":"auto","background-attachment":"scroll","background-type":"","background-media":"","overlay-type":"","overlay-color":"","overlay-opacity":"","overlay-gradient":""},"tablet":{"background-color":"var(--ast-global-color-5)","background-image":"","background-repeat":"repeat","background-position":"center center","background-size":"auto","background-attachment":"scroll","background-type":"","background-media":"","overlay-type":"","overlay-color":"","overlay-opacity":"","overlay-gradient":""},"mobile":{"background-color":"var(--ast-global-color-5)","background-image":"","background-repeat":"repeat","background-position":"center center","background-size":"auto","background-attachment":"scroll","background-type":"","background-media":"","overlay-type":"","overlay-color":"","overlay-opacity":"","overlay-gradient":""}},"footnotes":""},"categories":[29],"tags":[],"class_list":["post-6149","post","type-post","status-publish","format-standard","has-post-thumbnail","hentry","category-portada"],"post_mailing_queue_ids":[],"_links":{"self":[{"href":"https:\/\/agora.xtec.cat\/iesalfacs\/wp-json\/wp\/v2\/posts\/6149","targetHints":{"allow":["GET"]}}],"collection":[{"href":"https:\/\/agora.xtec.cat\/iesalfacs\/wp-json\/wp\/v2\/posts"}],"about":[{"href":"https:\/\/agora.xtec.cat\/iesalfacs\/wp-json\/wp\/v2\/types\/post"}],"author":[{"embeddable":true,"href":"https:\/\/agora.xtec.cat\/iesalfacs\/wp-json\/wp\/v2\/users\/112"}],"replies":[{"embeddable":true,"href":"https:\/\/agora.xtec.cat\/iesalfacs\/wp-json\/wp\/v2\/comments?post=6149"}],"version-history":[{"count":1,"href":"https:\/\/agora.xtec.cat\/iesalfacs\/wp-json\/wp\/v2\/posts\/6149\/revisions"}],"predecessor-version":[{"id":6152,"href":"https:\/\/agora.xtec.cat\/iesalfacs\/wp-json\/wp\/v2\/posts\/6149\/revisions\/6152"}],"wp:featuredmedia":[{"embeddable":true,"href":"https:\/\/agora.xtec.cat\/iesalfacs\/wp-json\/wp\/v2\/media\/6150"}],"wp:attachment":[{"href":"https:\/\/agora.xtec.cat\/iesalfacs\/wp-json\/wp\/v2\/media?parent=6149"}],"wp:term":[{"taxonomy":"category","embeddable":true,"href":"https:\/\/agora.xtec.cat\/iesalfacs\/wp-json\/wp\/v2\/categories?post=6149"},{"taxonomy":"post_tag","embeddable":true,"href":"https:\/\/agora.xtec.cat\/iesalfacs\/wp-json\/wp\/v2\/tags?post=6149"}],"curies":[{"name":"wp","href":"https:\/\/api.w.org\/{rel}","templated":true}]}}