{"id":5814,"date":"2022-12-24T16:09:14","date_gmt":"2022-12-24T15:09:14","guid":{"rendered":"https:\/\/agora.xtec.cat\/iesalfacs\/?p=5814"},"modified":"2022-12-24T16:10:00","modified_gmt":"2022-12-24T15:10:00","slug":"mostrem-loferta-dfp-a-la-fira-docupacio-damposta","status":"publish","type":"post","link":"https:\/\/agora.xtec.cat\/iesalfacs\/general\/mostrem-loferta-dfp-a-la-fira-docupacio-damposta\/","title":{"rendered":"MOSTREM L&#8217;OFERTA D&#8217;FP A LA FIRA D&#8217;OCUPACI\u00d3 D&#8217;AMPOSTA"},"content":{"rendered":"<p>L&#8217;institut Els Alfacs va estar present a la Fira d&#8217;Ocupaci\u00f3 del passat dijous 24 de novembre que va tenir lloc a l&#8217;Auditori Municipal d&#8217;Amposta. Aquesta fira organitzada des de la Cambra de Comer\u00e7 de Tortosa t\u00e9 per objectiu apropar als joves les ofertes de feina de les empreses aix\u00ed com l&#8217;oferta formativa dels centres educatius. Al nostre estand vam poder presentar l&#8217;oferta dels estudis de Formaci\u00f3 Professional del centre. Agra\u00efm al professorat que participa i ajuda a fer difusi\u00f3 de qu\u00e8 s&#8217;apr\u00e8n en cadascun dels diferents estudis.<\/p>\n<p><a href=\"https:\/\/agora.xtec.cat\/iesalfacs\/wp-content\/uploads\/usu209\/2022\/12\/WhatsApp-Image-2022-12-24-at-16.01.381.jpeg\"><img loading=\"lazy\" decoding=\"async\" class=\"alignnone size-large wp-image-5817\" src=\"https:\/\/agora.xtec.cat\/iesalfacs\/wp-content\/uploads\/usu209\/2022\/12\/WhatsApp-Image-2022-12-24-at-16.01.381.jpeg\" alt=\"\" width=\"1024\" height=\"768\" srcset=\"https:\/\/agora.xtec.cat\/iesalfacs\/wp-content\/uploads\/usu209\/2022\/12\/WhatsApp-Image-2022-12-24-at-16.01.381.jpeg 1024w, https:\/\/agora.xtec.cat\/iesalfacs\/wp-content\/uploads\/usu209\/2022\/12\/WhatsApp-Image-2022-12-24-at-16.01.381-300x225.jpeg 300w, https:\/\/agora.xtec.cat\/iesalfacs\/wp-content\/uploads\/usu209\/2022\/12\/WhatsApp-Image-2022-12-24-at-16.01.381-768x576.jpeg 768w, https:\/\/agora.xtec.cat\/iesalfacs\/wp-content\/uploads\/usu209\/2022\/12\/WhatsApp-Image-2022-12-24-at-16.01.381-200x150.jpeg 200w\" sizes=\"auto, (max-width: 1024px) 100vw, 1024px\" \/><\/a> <a href=\"https:\/\/agora.xtec.cat\/iesalfacs\/wp-content\/uploads\/usu209\/2022\/12\/WhatsApp-Image-2022-12-24-at-16.01.38.jpeg\"><img loading=\"lazy\" decoding=\"async\" class=\"alignnone size-large wp-image-5818\" src=\"https:\/\/agora.xtec.cat\/iesalfacs\/wp-content\/uploads\/usu209\/2022\/12\/WhatsApp-Image-2022-12-24-at-16.01.38.jpeg\" alt=\"\" width=\"1024\" height=\"768\" srcset=\"https:\/\/agora.xtec.cat\/iesalfacs\/wp-content\/uploads\/usu209\/2022\/12\/WhatsApp-Image-2022-12-24-at-16.01.38.jpeg 1024w, https:\/\/agora.xtec.cat\/iesalfacs\/wp-content\/uploads\/usu209\/2022\/12\/WhatsApp-Image-2022-12-24-at-16.01.38-300x225.jpeg 300w, https:\/\/agora.xtec.cat\/iesalfacs\/wp-content\/uploads\/usu209\/2022\/12\/WhatsApp-Image-2022-12-24-at-16.01.38-768x576.jpeg 768w, https:\/\/agora.xtec.cat\/iesalfacs\/wp-content\/uploads\/usu209\/2022\/12\/WhatsApp-Image-2022-12-24-at-16.01.38-200x150.jpeg 200w\" sizes=\"auto, (max-width: 1024px) 100vw, 1024px\" \/><\/a><\/p>\n<p><a href=\"https:\/\/agora.xtec.cat\/iesalfacs\/wp-content\/uploads\/usu209\/2022\/12\/WhatsApp-Image-2022-12-24-at-16.05.38.jpeg\"><img loading=\"lazy\" decoding=\"async\" class=\"alignnone size-full wp-image-5819\" src=\"https:\/\/agora.xtec.cat\/iesalfacs\/wp-content\/uploads\/usu209\/2022\/12\/WhatsApp-Image-2022-12-24-at-16.05.38.jpeg\" alt=\"\" width=\"576\" height=\"1024\" srcset=\"https:\/\/agora.xtec.cat\/iesalfacs\/wp-content\/uploads\/usu209\/2022\/12\/WhatsApp-Image-2022-12-24-at-16.05.38.jpeg 576w, https:\/\/agora.xtec.cat\/iesalfacs\/wp-content\/uploads\/usu209\/2022\/12\/WhatsApp-Image-2022-12-24-at-16.05.38-169x300.jpeg 169w\" sizes=\"auto, (max-width: 576px) 100vw, 576px\" \/><\/a><\/p>\n","protected":false},"excerpt":{"rendered":"<p>L&#8217;institut Els Alfacs va estar present a la Fira d&#8217;Ocupaci\u00f3 del passat dijous 24 de novembre que va tenir lloc a l&#8217;Auditori Municipal d&#8217;Amposta. Aquesta fira organitzada des de la Cambra de Comer\u00e7 de Tortosa t\u00e9 per objectiu apropar als joves les ofertes de feina de les empreses aix\u00ed com l&#8217;oferta formativa dels centres educatius. [&hellip;]<\/p>\n","protected":false},"author":268,"featured_media":5819,"comment_status":"open","ping_status":"closed","sticky":false,"template":"","format":"standard","meta":{"_bbp_topic_count":0,"_bbp_reply_count":0,"_bbp_total_topic_count":0,"_bbp_total_reply_count":0,"_bbp_voice_count":0,"_bbp_anonymous_reply_count":0,"_bbp_topic_count_hidden":0,"_bbp_reply_count_hidden":0,"_bbp_forum_subforum_count":0,"site-sidebar-layout":"default","site-content-layout":"","ast-site-content-layout":"","site-content-style":"default","site-sidebar-style":"default","ast-global-header-display":"","ast-banner-title-visibility":"","ast-main-header-display":"","ast-hfb-above-header-display":"","ast-hfb-below-header-display":"","ast-hfb-mobile-header-display":"","site-post-title":"","ast-breadcrumbs-content":"","ast-featured-img":"","footer-sml-layout":"","theme-transparent-header-meta":"","adv-header-id-meta":"","stick-header-meta":"","header-above-stick-meta":"","header-main-stick-meta":"","header-below-stick-meta":"","astra-migrate-meta-layouts":"default","ast-page-background-enabled":"default","ast-page-background-meta":{"desktop":{"background-color":"var(--ast-global-color-4)","background-image":"","background-repeat":"repeat","background-position":"center center","background-size":"auto","background-attachment":"scroll","background-type":"","background-media":"","overlay-type":"","overlay-color":"","overlay-opacity":"","overlay-gradient":""},"tablet":{"background-color":"","background-image":"","background-repeat":"repeat","background-position":"center center","background-size":"auto","background-attachment":"scroll","background-type":"","background-media":"","overlay-type":"","overlay-color":"","overlay-opacity":"","overlay-gradient":""},"mobile":{"background-color":"","background-image":"","background-repeat":"repeat","background-position":"center center","background-size":"auto","background-attachment":"scroll","background-type":"","background-media":"","overlay-type":"","overlay-color":"","overlay-opacity":"","overlay-gradient":""}},"ast-content-background-meta":{"desktop":{"background-color":"var(--ast-global-color-5)","background-image":"","background-repeat":"repeat","background-position":"center center","background-size":"auto","background-attachment":"scroll","background-type":"","background-media":"","overlay-type":"","overlay-color":"","overlay-opacity":"","overlay-gradient":""},"tablet":{"background-color":"var(--ast-global-color-5)","background-image":"","background-repeat":"repeat","background-position":"center center","background-size":"auto","background-attachment":"scroll","background-type":"","background-media":"","overlay-type":"","overlay-color":"","overlay-opacity":"","overlay-gradient":""},"mobile":{"background-color":"var(--ast-global-color-5)","background-image":"","background-repeat":"repeat","background-position":"center center","background-size":"auto","background-attachment":"scroll","background-type":"","background-media":"","overlay-type":"","overlay-color":"","overlay-opacity":"","overlay-gradient":""}},"footnotes":""},"categories":[30,1,29],"tags":[],"class_list":["post-5814","post","type-post","status-publish","format-standard","has-post-thumbnail","hentry","category-cicles-formatius","category-general","category-portada"],"post_mailing_queue_ids":[],"_links":{"self":[{"href":"https:\/\/agora.xtec.cat\/iesalfacs\/wp-json\/wp\/v2\/posts\/5814","targetHints":{"allow":["GET"]}}],"collection":[{"href":"https:\/\/agora.xtec.cat\/iesalfacs\/wp-json\/wp\/v2\/posts"}],"about":[{"href":"https:\/\/agora.xtec.cat\/iesalfacs\/wp-json\/wp\/v2\/types\/post"}],"author":[{"embeddable":true,"href":"https:\/\/agora.xtec.cat\/iesalfacs\/wp-json\/wp\/v2\/users\/268"}],"replies":[{"embeddable":true,"href":"https:\/\/agora.xtec.cat\/iesalfacs\/wp-json\/wp\/v2\/comments?post=5814"}],"version-history":[{"count":1,"href":"https:\/\/agora.xtec.cat\/iesalfacs\/wp-json\/wp\/v2\/posts\/5814\/revisions"}],"predecessor-version":[{"id":5820,"href":"https:\/\/agora.xtec.cat\/iesalfacs\/wp-json\/wp\/v2\/posts\/5814\/revisions\/5820"}],"wp:featuredmedia":[{"embeddable":true,"href":"https:\/\/agora.xtec.cat\/iesalfacs\/wp-json\/wp\/v2\/media\/5819"}],"wp:attachment":[{"href":"https:\/\/agora.xtec.cat\/iesalfacs\/wp-json\/wp\/v2\/media?parent=5814"}],"wp:term":[{"taxonomy":"category","embeddable":true,"href":"https:\/\/agora.xtec.cat\/iesalfacs\/wp-json\/wp\/v2\/categories?post=5814"},{"taxonomy":"post_tag","embeddable":true,"href":"https:\/\/agora.xtec.cat\/iesalfacs\/wp-json\/wp\/v2\/tags?post=5814"}],"curies":[{"name":"wp","href":"https:\/\/api.w.org\/{rel}","templated":true}]}}