{"id":5689,"date":"2022-11-13T22:26:00","date_gmt":"2022-11-13T21:26:00","guid":{"rendered":"https:\/\/agora.xtec.cat\/iesalfacs\/?p=5689"},"modified":"2022-11-14T00:13:07","modified_gmt":"2022-11-13T23:13:07","slug":"aprendre-a-comentar-poesia-amb-el-poeta-albert-gavalda","status":"publish","type":"post","link":"https:\/\/agora.xtec.cat\/iesalfacs\/general\/aprendre-a-comentar-poesia-amb-el-poeta-albert-gavalda\/","title":{"rendered":"APRENDRE A COMENTAR POESIA AMB EL POETA ALBERT GAVALD\u00c0"},"content":{"rendered":"<p>&nbsp;<\/p>\n<p><a href=\"https:\/\/agora.xtec.cat\/iesalfacs\/wp-content\/uploads\/usu209\/2022\/11\/IMG_20221113_221805_788.jpg\"><img loading=\"lazy\" decoding=\"async\" class=\"wp-image-5690 aligncenter\" src=\"https:\/\/agora.xtec.cat\/iesalfacs\/wp-content\/uploads\/usu209\/2022\/11\/IMG_20221113_221805_788-1024x768.jpg\" alt=\"\" width=\"632\" height=\"475\" srcset=\"https:\/\/agora.xtec.cat\/iesalfacs\/wp-content\/uploads\/usu209\/2022\/11\/IMG_20221113_221805_788-1024x768.jpg 1024w, https:\/\/agora.xtec.cat\/iesalfacs\/wp-content\/uploads\/usu209\/2022\/11\/IMG_20221113_221805_788-300x225.jpg 300w, https:\/\/agora.xtec.cat\/iesalfacs\/wp-content\/uploads\/usu209\/2022\/11\/IMG_20221113_221805_788-768x576.jpg 768w, https:\/\/agora.xtec.cat\/iesalfacs\/wp-content\/uploads\/usu209\/2022\/11\/IMG_20221113_221805_788-200x150.jpg 200w, https:\/\/agora.xtec.cat\/iesalfacs\/wp-content\/uploads\/usu209\/2022\/11\/IMG_20221113_221805_788.jpg 1280w\" sizes=\"auto, (max-width: 632px) 100vw, 632px\" \/><\/a><\/p>\n<p>Aquest mes de novembre, el poeta Albert Gavald\u00e0 Irujo<b> <\/b>(Barcelona, 1964)\u00a0 va tornar a fer una xarrada molt il\u00b7lustrativa a l&#8217;alumnat de 2n de batxillerat que han triat la mat\u00e8ria d&#8217;An\u00e0lisi de Textos de la literatura catalana. Gavald\u00e0 s\u2019inici\u00e0 en la poesia de forma molt primerenca i \u00e9s un poeta d&#8217;aparici\u00f3 tardana. El 1985 va iniciar els estudis de Filologia Catalana, que deix\u00e0 incomplets. El 1997, una <i>plaquette<\/i> de <i>Poemes d\u2019Abiss\u00ednia<\/i> obtingu\u00e9 el Premi de Poesia Sant Gregori i es public\u00e0 a <em>Senhal<\/em> (Llibreria 22 i Ajuntament de Girona). Aquell mateix any particip\u00e0 al II Festival de Poesia de Girona amb un poema recollit a <i>Singulars d\u2019un plura<\/i>l. L&#8217;any 2009 dugu\u00e9 a terme l&#8217;autoedici\u00f3 de Poemes d&#8217;Abiss\u00ednia, publicat el 2019 per Pag\u00e8s Editors. <em>Si l&#8217;oblit no em falla<\/em> obt\u00e9 el XXV Premi de Poesia &#8220;Miquel Mart\u00ed i Pol&#8221; de 2020, es tracta d&#8217;un recull de poemes que parteix de l&#8217;experi\u00e8ncia de l&#8217;alzh\u00e8imer de la mare i culmina amb una secci\u00f3 m\u00e9s extensa farcida d&#8217;aspectes hist\u00f2rics i culturals. en l&#8217;actualitat est\u00e0 treballant en un poemari de tem\u00e0tica c\u00edvico-pol\u00edtica.<\/p>\n<p>Entre altres q\u00fcestions, Gavald\u00e0 va afirmar que &#8220;l<span id=\"page3R_mcid5\" class=\"markedContent\"><span dir=\"ltr\" role=\"presentation\">a poesia (i l&#8217;art i el pensament en general) \u00e9s un organisme viu. De fet \u00e9s un art que parla a cada moment d&#8217;una<\/span> <span dir=\"ltr\" role=\"presentation\">manera nova, es relaciona amb noves<\/span> <span dir=\"ltr\" role=\"presentation\">experi\u00e8ncies col\u00b7lectives o personals que no existien al<\/span> <span dir=\"ltr\" role=\"presentation\">moment d&#8217;escriure el poema. Un exemple que entendreu f\u00e0cilment: tots tenim aquella can\u00e7\u00f3<\/span> <span dir=\"ltr\" role=\"presentation\">que ens emociona i f\u00e0cilment ens adonem que la percebem de forma diferent segons el nostre<\/span> <span dir=\"ltr\" role=\"presentation\">estat d&#8217;\u00e0nim, per e<\/span><span dir=\"ltr\" role=\"presentation\">xemple. Per\u00f2 tamb\u00e9 pot passar que ens acompanyi durant tota la vida i que<\/span> <span dir=\"ltr\" role=\"presentation\">un dia, despr\u00e9s de molt de temps, ens preguntem com pot ser que ens agrad\u00e9s del primer<\/span> <span dir=\"ltr\" role=\"presentation\">moment si \u00e9s ara que la vivim en la m\u00e0xima plenitud gr\u00e0cies a la nostra experi\u00e8ncia actual. Un<\/span> <span dir=\"ltr\" role=\"presentation\">poema parla a cadasc\u00fa de manera diferent. En darrer terme, el lector crea el significat del poema <\/span><span dir=\"ltr\" role=\"presentation\">tamb\u00e9&#8221;.<\/span><\/span><\/p>\n<p>Es tracta d&#8217;unes reflexions m\u00e9s complexes i extenses que seran molt \u00fatils per poder comentar els llibres de poesia que s&#8217;han de llegir aquest curs 2022-23 i dels quals s&#8217;examinaran a les PAU. Ens referim a <em>Visions &amp; Cants<\/em> de Joan Maragall i a Bruixa de dol de Maria-Merc\u00e8 Mar\u00e7al.<\/p>\n<p>L&#8217;alumnat agraeix aquestes xarrades i repetirem l&#8217;experi\u00e8ncia tant bon punt ens endinsem en la narrativa (<em>Laura a la ciutat dels sants<\/em> de Miquel Llor i <em>Feli\u00e7ment, jo soc una dona<\/em> de Maria Aur\u00e8lia Capmany). El proper convidat ser\u00e0 l&#8217;escriptor flixanco Albert Guiu.<\/p>\n<p>L&#8217;altre g\u00e8nere que tractem en aquesta mat\u00e8ria \u00e9s el teatre i l&#8217;alumnat s&#8217;ha d&#8217;enfrontar amb <em>L&#8217;alegria que passa<\/em> de Santiago Rusi\u00f1ol i <em>Ant\u00edgona<\/em> de Salvador Espriu.<\/p>\n<p>&nbsp;<\/p>\n","protected":false},"excerpt":{"rendered":"<p>&nbsp; Aquest mes de novembre, el poeta Albert Gavald\u00e0 Irujo (Barcelona, 1964)\u00a0 va tornar a fer una xarrada molt il\u00b7lustrativa a l&#8217;alumnat de 2n de batxillerat que han triat la mat\u00e8ria d&#8217;An\u00e0lisi de Textos de la literatura catalana. Gavald\u00e0 s\u2019inici\u00e0 en la poesia de forma molt primerenca i \u00e9s un poeta d&#8217;aparici\u00f3 tardana. El 1985 [&hellip;]<\/p>\n","protected":false},"author":7,"featured_media":5690,"comment_status":"open","ping_status":"closed","sticky":false,"template":"","format":"standard","meta":{"_bbp_topic_count":0,"_bbp_reply_count":0,"_bbp_total_topic_count":0,"_bbp_total_reply_count":0,"_bbp_voice_count":0,"_bbp_anonymous_reply_count":0,"_bbp_topic_count_hidden":0,"_bbp_reply_count_hidden":0,"_bbp_forum_subforum_count":0,"site-sidebar-layout":"default","site-content-layout":"","ast-site-content-layout":"","site-content-style":"default","site-sidebar-style":"default","ast-global-header-display":"","ast-banner-title-visibility":"","ast-main-header-display":"","ast-hfb-above-header-display":"","ast-hfb-below-header-display":"","ast-hfb-mobile-header-display":"","site-post-title":"","ast-breadcrumbs-content":"","ast-featured-img":"","footer-sml-layout":"","theme-transparent-header-meta":"","adv-header-id-meta":"","stick-header-meta":"","header-above-stick-meta":"","header-main-stick-meta":"","header-below-stick-meta":"","astra-migrate-meta-layouts":"default","ast-page-background-enabled":"default","ast-page-background-meta":{"desktop":{"background-color":"var(--ast-global-color-4)","background-image":"","background-repeat":"repeat","background-position":"center center","background-size":"auto","background-attachment":"scroll","background-type":"","background-media":"","overlay-type":"","overlay-color":"","overlay-opacity":"","overlay-gradient":""},"tablet":{"background-color":"","background-image":"","background-repeat":"repeat","background-position":"center center","background-size":"auto","background-attachment":"scroll","background-type":"","background-media":"","overlay-type":"","overlay-color":"","overlay-opacity":"","overlay-gradient":""},"mobile":{"background-color":"","background-image":"","background-repeat":"repeat","background-position":"center center","background-size":"auto","background-attachment":"scroll","background-type":"","background-media":"","overlay-type":"","overlay-color":"","overlay-opacity":"","overlay-gradient":""}},"ast-content-background-meta":{"desktop":{"background-color":"var(--ast-global-color-5)","background-image":"","background-repeat":"repeat","background-position":"center center","background-size":"auto","background-attachment":"scroll","background-type":"","background-media":"","overlay-type":"","overlay-color":"","overlay-opacity":"","overlay-gradient":""},"tablet":{"background-color":"var(--ast-global-color-5)","background-image":"","background-repeat":"repeat","background-position":"center center","background-size":"auto","background-attachment":"scroll","background-type":"","background-media":"","overlay-type":"","overlay-color":"","overlay-opacity":"","overlay-gradient":""},"mobile":{"background-color":"var(--ast-global-color-5)","background-image":"","background-repeat":"repeat","background-position":"center center","background-size":"auto","background-attachment":"scroll","background-type":"","background-media":"","overlay-type":"","overlay-color":"","overlay-opacity":"","overlay-gradient":""}},"footnotes":""},"categories":[1,29],"tags":[],"class_list":["post-5689","post","type-post","status-publish","format-standard","has-post-thumbnail","hentry","category-general","category-portada"],"post_mailing_queue_ids":[],"_links":{"self":[{"href":"https:\/\/agora.xtec.cat\/iesalfacs\/wp-json\/wp\/v2\/posts\/5689","targetHints":{"allow":["GET"]}}],"collection":[{"href":"https:\/\/agora.xtec.cat\/iesalfacs\/wp-json\/wp\/v2\/posts"}],"about":[{"href":"https:\/\/agora.xtec.cat\/iesalfacs\/wp-json\/wp\/v2\/types\/post"}],"author":[{"embeddable":true,"href":"https:\/\/agora.xtec.cat\/iesalfacs\/wp-json\/wp\/v2\/users\/7"}],"replies":[{"embeddable":true,"href":"https:\/\/agora.xtec.cat\/iesalfacs\/wp-json\/wp\/v2\/comments?post=5689"}],"version-history":[{"count":3,"href":"https:\/\/agora.xtec.cat\/iesalfacs\/wp-json\/wp\/v2\/posts\/5689\/revisions"}],"predecessor-version":[{"id":5693,"href":"https:\/\/agora.xtec.cat\/iesalfacs\/wp-json\/wp\/v2\/posts\/5689\/revisions\/5693"}],"wp:featuredmedia":[{"embeddable":true,"href":"https:\/\/agora.xtec.cat\/iesalfacs\/wp-json\/wp\/v2\/media\/5690"}],"wp:attachment":[{"href":"https:\/\/agora.xtec.cat\/iesalfacs\/wp-json\/wp\/v2\/media?parent=5689"}],"wp:term":[{"taxonomy":"category","embeddable":true,"href":"https:\/\/agora.xtec.cat\/iesalfacs\/wp-json\/wp\/v2\/categories?post=5689"},{"taxonomy":"post_tag","embeddable":true,"href":"https:\/\/agora.xtec.cat\/iesalfacs\/wp-json\/wp\/v2\/tags?post=5689"}],"curies":[{"name":"wp","href":"https:\/\/api.w.org\/{rel}","templated":true}]}}