{"id":5614,"date":"2022-10-11T10:09:21","date_gmt":"2022-10-11T08:09:21","guid":{"rendered":"https:\/\/agora.xtec.cat\/iesalfacs\/?p=5614"},"modified":"2022-10-20T00:28:14","modified_gmt":"2022-10-19T22:28:14","slug":"vii-concurs-de-microrelats-de-terror-i-v-dil%c2%b7lustracions-de-terror","status":"publish","type":"post","link":"https:\/\/agora.xtec.cat\/iesalfacs\/general\/vii-concurs-de-microrelats-de-terror-i-v-dil%c2%b7lustracions-de-terror\/","title":{"rendered":"VII CONCURS DE MICRORELATS DE TERROR I V D&#8217;IL\u00b7LUSTRACIONS DE TERROR"},"content":{"rendered":"<p>Un curs m\u00e9s, la biblioteca del nostre institut, amb col\u00b7laboraci\u00f3 amb els departaments de lleng\u00fces i d\u2019educaci\u00f3 visual i pl\u00e0stica, convoca el concurs de microrelats i il\u00b7lustracions de terror. Tot seguit us adjuntem les bases de participaci\u00f3 d\u2019aquesta setena edici\u00f3 del concurs de microrelats i la quinta edici\u00f3 del concurs d\u2019il\u00b7lustracions de terror:<\/p>\n<p><img loading=\"lazy\" decoding=\"async\" class=\"aligncenter  wp-image-5615\" src=\"https:\/\/agora.xtec.cat\/iesalfacs\/wp-content\/uploads\/usu209\/2022\/10\/CARTELL-TERROR-2022_page-0001-725x1024.jpg\" alt=\"\" width=\"514\" height=\"726\" srcset=\"https:\/\/agora.xtec.cat\/iesalfacs\/wp-content\/uploads\/usu209\/2022\/10\/CARTELL-TERROR-2022_page-0001-725x1024.jpg 725w, https:\/\/agora.xtec.cat\/iesalfacs\/wp-content\/uploads\/usu209\/2022\/10\/CARTELL-TERROR-2022_page-0001-212x300.jpg 212w, https:\/\/agora.xtec.cat\/iesalfacs\/wp-content\/uploads\/usu209\/2022\/10\/CARTELL-TERROR-2022_page-0001-768x1085.jpg 768w, https:\/\/agora.xtec.cat\/iesalfacs\/wp-content\/uploads\/usu209\/2022\/10\/CARTELL-TERROR-2022_page-0001-1087x1536.jpg 1087w, https:\/\/agora.xtec.cat\/iesalfacs\/wp-content\/uploads\/usu209\/2022\/10\/CARTELL-TERROR-2022_page-0001.jpg 1241w\" sizes=\"auto, (max-width: 514px) 100vw, 514px\" \/><\/p>\n<p><span style=\"font-family: Arial, serif;\"><span style=\"font-size: x-large;\"><b>VII CONCURS DE MICRORELATS I <\/b><\/span><\/span><span style=\"font-family: Arial, serif;\"><span style=\"font-size: x-large;\"><b>V <\/b><\/span><\/span><span style=\"font-family: Arial, serif;\"><span style=\"font-size: x-large;\"><b>D\u2019<\/b><\/span><\/span><span style=\"font-family: Arial, serif;\"><span style=\"font-size: x-large;\"><b>IL\u00b7LUSTRACIONS<\/b><\/span><\/span><span style=\"font-family: Arial, serif;\"><span style=\"font-size: x-large;\"><b> DE TERROR<\/b><\/span><\/span><\/p>\n<p>&nbsp;<\/p>\n<ol>\n<li>\n<p align=\"justify\"><span style=\"font-family: Arial, serif;\"><span style=\"font-size: medium;\"><u><b>Participants<\/b><\/u><\/span><\/span><span style=\"font-family: Arial, serif;\"><span style=\"font-size: medium;\">:<\/span><\/span><\/p>\n<\/li>\n<\/ol>\n<p align=\"justify\"><span style=\"font-family: Arial, serif;\"><span style=\"font-size: medium;\">El concurs est\u00e0 adre\u00e7at a tot l\u2019alumnat d\u2019ESO del nostre institut.<\/span><\/span><\/p>\n<ol start=\"2\">\n<li>\n<p align=\"justify\"><span style=\"font-family: Arial, serif;\"><span style=\"font-size: medium;\"><u><b>Condicions del microrelat:<\/b><\/u><\/span><\/span><\/p>\n<\/li>\n<\/ol>\n<ul>\n<li>\n<p align=\"justify\"><span style=\"font-family: Arial, serif;\"><span style=\"font-size: medium;\">Ha de ser original i in\u00e8dit (que no s\u2019hagi dif\u00f3s en cap mitj\u00e0, ni hagi guanyat cap premi).<\/span><\/span><\/p>\n<\/li>\n<li>\n<p align=\"justify\"><span style=\"font-family: Arial, serif;\"><span style=\"font-size: medium;\">Ha d\u2019estar escrit en catal\u00e0, castell\u00e0, angl\u00e8s o franc\u00e8s.<\/span><\/span><\/p>\n<\/li>\n<li>\n<p align=\"justify\"><span style=\"font-family: Arial, serif;\"><span style=\"font-size: medium;\">Extensi\u00f3 entre 120 i 150 paraules.<\/span><\/span><\/p>\n<\/li>\n<li>\n<p align=\"justify\"><span style=\"font-family: Arial, serif;\"><span style=\"font-size: medium;\">La tem\u00e0tica de les obres ha d\u2019estar orientada al suspens i al terror.<\/span><\/span><\/p>\n<\/li>\n<li>\n<p align=\"justify\"><span style=\"font-family: Arial, serif;\"><span style=\"font-size: medium;\">Tots els relats han d\u2019incloure significativament en algun moment <\/span><\/span><span style=\"font-family: Arial, serif;\"><span style=\"font-size: medium;\"><b>les paraules seg\u00fcents:<\/b><\/span><\/span><\/p>\n<\/li>\n<\/ul>\n<p align=\"justify\"><span style=\"font-family: Arial, serif;\"><span style=\"font-size: medium;\"><b>&#8211; \u00ab<\/b><\/span><\/span><span style=\"font-family: Arial, serif;\"><span style=\"font-size: medium;\"><b>CALCET\u00cd\u00bb<\/b><\/span><\/span><\/p>\n<p align=\"justify\"><span style=\"font-family: Arial, serif;\"><span style=\"font-size: medium;\"><b>&#8211; \u00abACOTXAR\u00bb<\/b><\/span><\/span><\/p>\n<p align=\"justify\"><span style=\"font-family: Arial, serif;\"><span style=\"font-size: medium;\"><b>&#8211; \u00abAGRADABLE\u00bb<\/b><\/span><\/span><\/p>\n<ul>\n<li>\n<p align=\"justify\"><span style=\"font-family: Arial, serif;\"><span style=\"font-size: medium;\">Aquestes paraules tamb\u00e9 han d\u2019apar\u00e8ixer si el text est\u00e0 escrit en castell\u00e0, angl\u00e8s o franc\u00e8s. Tradu\u00efdes a la llengua respectiva.<\/span><\/span><\/p>\n<\/li>\n<\/ul>\n<ol start=\"3\">\n<li>\n<p align=\"justify\"><span style=\"font-family: Arial, serif;\"><span style=\"font-size: medium;\"><u><b>Condicions de la il\u00b7lustraci\u00f3:<\/b><\/u><\/span><\/span><\/p>\n<\/li>\n<\/ol>\n<ul>\n<li>\n<p align=\"justify\"><span style=\"font-family: Arial, serif;\"><span style=\"font-size: medium;\">Ha de ser original i in\u00e8dita (que no s\u2019hagi dif\u00f3s en cap mitj\u00e0, ni hagi guanyat cap premi).<\/span><\/span><\/p>\n<\/li>\n<li>\n<p align=\"justify\"><span style=\"font-family: Arial, serif;\"><span style=\"font-size: medium;\">El format ha de ser DIN A4 vertical.<\/span><\/span><\/p>\n<\/li>\n<li>\n<p align=\"justify\"><span style=\"font-family: Arial, serif;\"><span style=\"font-size: medium;\">La t\u00e8cnica \u00e9s lliure i el suport pot ser digital o paper.<\/span><\/span><\/p>\n<\/li>\n<li>\n<p align=\"justify\"><span style=\"font-family: Arial, serif;\"><span style=\"font-size: medium;\">La tem\u00e0tica de les obres ha d\u2019estar orientada al suspens i al terror.<\/span><\/span><\/p>\n<\/li>\n<li>\n<p align=\"justify\"><span style=\"font-family: Arial, serif;\"><span style=\"font-size: medium;\">La imatge no pot contenir text.<\/span><\/span><\/p>\n<\/li>\n<li>\n<p align=\"justify\"><span style=\"font-family: Arial, serif;\"><span style=\"font-size: medium;\">La imatge guanyadora ser\u00e0 l\u2019escollida per fer el cartell del curs vinent.<\/span><\/span><\/p>\n<\/li>\n<\/ul>\n<ol start=\"4\">\n<li>\n<p align=\"justify\"><span style=\"font-family: Arial, serif;\"><span style=\"font-size: medium;\"><u><b>Forma i termini de participaci\u00f3<\/b><\/u><\/span><\/span><span style=\"font-family: Arial, serif;\"><span style=\"font-size: medium;\"><u>:<\/u><\/span><\/span><\/p>\n<\/li>\n<\/ol>\n<p align=\"justify\"><span style=\"font-family: Arial, serif;\"><span style=\"font-size: medium;\">Les obres s\u2019enviaran fins a l\u201911 de novembre:<\/span><\/span><\/p>\n<ol>\n<li>\n<p align=\"justify\"><span style=\"font-family: Arial, serif;\"><span style=\"font-size: medium;\">Com a document adjunt per correu electr\u00f2nic a <\/span><\/span><a class=\"western\" href=\"mailto:biblioteca@insalfacs.cat\"><span style=\"color: #0000ff;\"><span style=\"font-family: Arial, serif;\"><span style=\"font-size: medium;\"><u>biblioteca@insalfacs.cat<\/u><\/span><\/span><\/span><\/a><\/p>\n<\/li>\n<li>\n<p align=\"justify\"><span style=\"font-family: Arial, serif;\"><span style=\"font-size: medium;\">O b\u00e9 en un sobre tancat a la persona encarregada de biblioteca . Al sobre ha de constar el vostre nom i cognoms, llengua<\/span><\/span><span style=\"font-family: Arial, serif;\"><span style=\"font-size: medium;\">,<\/span><\/span><span style=\"font-family: Arial, serif;\"><span style=\"font-size: medium;\"> curs i grup.<\/span><\/span><\/p>\n<\/li>\n<li>\n<p align=\"justify\"><span style=\"font-family: Arial, serif;\"><span style=\"font-size: medium;\"><b>IMPORTANT: <\/b><\/span><\/span><span style=\"font-family: Arial, serif;\"><span style=\"font-size: medium;\">A l\u2019assumpte del correu heu d\u2019escriure la llengua en qu\u00e8 participeu i el curs.<\/span><\/span><span style=\"font-family: Arial, serif;\"><span style=\"font-size: medium;\"><b> Exemple: ANGL\u00c8S, 3R ESO. <\/b><\/span><\/span><span style=\"font-family: Arial, serif;\"><span style=\"font-size: medium;\">El<\/span><\/span><b> <\/b><span style=\"font-family: Arial, serif;\"><span style=\"font-size: medium;\">vostre nom el podeu escriure al cos del treball. Qui no<\/span><\/span><b> <\/b><span style=\"font-family: Arial, serif;\"><span style=\"font-size: medium;\">segueixi b\u00e9 aquestes instruccions pot quedar eliminat del concurs.<\/span><\/span><\/p>\n<\/li>\n<\/ol>\n<ol start=\"5\">\n<li>\n<p align=\"justify\"><span style=\"font-family: Arial, serif;\"><span style=\"font-size: medium;\"><u><b>Jurat<\/b><\/u><\/span><\/span><span style=\"font-family: Arial, serif;\"><span style=\"font-size: medium;\"><b>: <\/b><\/span><\/span><\/p>\n<\/li>\n<\/ol>\n<p align=\"justify\"><span style=\"font-family: Arial, serif;\"><span style=\"font-size: medium;\">Professorat dels diferents departaments<\/span><\/span><b> <\/b><span style=\"font-family: Arial, serif;\"><span style=\"font-size: medium;\">(catal\u00e0, castell\u00e0, angl\u00e8s i franc\u00e8s)<\/span><\/span><\/p>\n<ol start=\"6\">\n<li>\n<p align=\"justify\"><span style=\"font-family: Arial, serif;\"><span style=\"font-size: medium;\"><u><b>Premis<\/b><\/u><\/span><\/span><span style=\"font-family: Arial, serif;\"><span style=\"font-size: medium;\"><b>:<\/b><\/span><\/span><\/p>\n<\/li>\n<\/ol>\n<p align=\"justify\"><span style=\"font-family: Arial, serif;\"><span style=\"font-size: medium;\">Els premis consistiran en material escolar.<\/span><\/span><\/p>\n<ol start=\"7\">\n<li>\n<p align=\"justify\"><span style=\"font-family: Arial, serif;\"><span style=\"font-size: medium;\"><u><b>Difusi\u00f3 dels treballs<\/b><\/u><\/span><\/span><span style=\"font-family: Arial, serif;\"><span style=\"font-size: medium;\"><b>: <\/b><\/span><\/span><\/p>\n<\/li>\n<\/ol>\n<p align=\"justify\"><span style=\"font-family: Arial, serif;\"><span style=\"font-size: medium;\">Es poden penjar al web de l\u2019institut. El veredicte final s\u2019anunciar\u00e0 la setmana abans de Nadal. Els guanyadors hauran d\u2019estar disposats a fer una lectura en veu alta i dramatitzada dels seus treballs a la biblioteca.<\/span><\/span><\/p>\n<p align=\"justify\">\n","protected":false},"excerpt":{"rendered":"<p>Un curs m\u00e9s, la biblioteca del nostre institut, amb col\u00b7laboraci\u00f3 amb els departaments de lleng\u00fces i d\u2019educaci\u00f3 visual i pl\u00e0stica, convoca el concurs de microrelats i il\u00b7lustracions de terror. Tot seguit us adjuntem les bases de participaci\u00f3 d\u2019aquesta setena edici\u00f3 del concurs de microrelats i la quinta edici\u00f3 del concurs d\u2019il\u00b7lustracions de terror: VII CONCURS [&hellip;]<\/p>\n","protected":false},"author":108,"featured_media":5615,"comment_status":"open","ping_status":"closed","sticky":false,"template":"","format":"standard","meta":{"_bbp_topic_count":0,"_bbp_reply_count":0,"_bbp_total_topic_count":0,"_bbp_total_reply_count":0,"_bbp_voice_count":0,"_bbp_anonymous_reply_count":0,"_bbp_topic_count_hidden":0,"_bbp_reply_count_hidden":0,"_bbp_forum_subforum_count":0,"site-sidebar-layout":"default","site-content-layout":"","ast-site-content-layout":"","site-content-style":"default","site-sidebar-style":"default","ast-global-header-display":"","ast-banner-title-visibility":"","ast-main-header-display":"","ast-hfb-above-header-display":"","ast-hfb-below-header-display":"","ast-hfb-mobile-header-display":"","site-post-title":"","ast-breadcrumbs-content":"","ast-featured-img":"","footer-sml-layout":"","theme-transparent-header-meta":"","adv-header-id-meta":"","stick-header-meta":"","header-above-stick-meta":"","header-main-stick-meta":"","header-below-stick-meta":"","astra-migrate-meta-layouts":"default","ast-page-background-enabled":"default","ast-page-background-meta":{"desktop":{"background-color":"var(--ast-global-color-4)","background-image":"","background-repeat":"repeat","background-position":"center center","background-size":"auto","background-attachment":"scroll","background-type":"","background-media":"","overlay-type":"","overlay-color":"","overlay-opacity":"","overlay-gradient":""},"tablet":{"background-color":"","background-image":"","background-repeat":"repeat","background-position":"center center","background-size":"auto","background-attachment":"scroll","background-type":"","background-media":"","overlay-type":"","overlay-color":"","overlay-opacity":"","overlay-gradient":""},"mobile":{"background-color":"","background-image":"","background-repeat":"repeat","background-position":"center center","background-size":"auto","background-attachment":"scroll","background-type":"","background-media":"","overlay-type":"","overlay-color":"","overlay-opacity":"","overlay-gradient":""}},"ast-content-background-meta":{"desktop":{"background-color":"var(--ast-global-color-5)","background-image":"","background-repeat":"repeat","background-position":"center center","background-size":"auto","background-attachment":"scroll","background-type":"","background-media":"","overlay-type":"","overlay-color":"","overlay-opacity":"","overlay-gradient":""},"tablet":{"background-color":"var(--ast-global-color-5)","background-image":"","background-repeat":"repeat","background-position":"center center","background-size":"auto","background-attachment":"scroll","background-type":"","background-media":"","overlay-type":"","overlay-color":"","overlay-opacity":"","overlay-gradient":""},"mobile":{"background-color":"var(--ast-global-color-5)","background-image":"","background-repeat":"repeat","background-position":"center center","background-size":"auto","background-attachment":"scroll","background-type":"","background-media":"","overlay-type":"","overlay-color":"","overlay-opacity":"","overlay-gradient":""}},"footnotes":""},"categories":[1,29],"tags":[],"class_list":["post-5614","post","type-post","status-publish","format-standard","has-post-thumbnail","hentry","category-general","category-portada"],"post_mailing_queue_ids":[],"_links":{"self":[{"href":"https:\/\/agora.xtec.cat\/iesalfacs\/wp-json\/wp\/v2\/posts\/5614","targetHints":{"allow":["GET"]}}],"collection":[{"href":"https:\/\/agora.xtec.cat\/iesalfacs\/wp-json\/wp\/v2\/posts"}],"about":[{"href":"https:\/\/agora.xtec.cat\/iesalfacs\/wp-json\/wp\/v2\/types\/post"}],"author":[{"embeddable":true,"href":"https:\/\/agora.xtec.cat\/iesalfacs\/wp-json\/wp\/v2\/users\/108"}],"replies":[{"embeddable":true,"href":"https:\/\/agora.xtec.cat\/iesalfacs\/wp-json\/wp\/v2\/comments?post=5614"}],"version-history":[{"count":3,"href":"https:\/\/agora.xtec.cat\/iesalfacs\/wp-json\/wp\/v2\/posts\/5614\/revisions"}],"predecessor-version":[{"id":5630,"href":"https:\/\/agora.xtec.cat\/iesalfacs\/wp-json\/wp\/v2\/posts\/5614\/revisions\/5630"}],"wp:featuredmedia":[{"embeddable":true,"href":"https:\/\/agora.xtec.cat\/iesalfacs\/wp-json\/wp\/v2\/media\/5615"}],"wp:attachment":[{"href":"https:\/\/agora.xtec.cat\/iesalfacs\/wp-json\/wp\/v2\/media?parent=5614"}],"wp:term":[{"taxonomy":"category","embeddable":true,"href":"https:\/\/agora.xtec.cat\/iesalfacs\/wp-json\/wp\/v2\/categories?post=5614"},{"taxonomy":"post_tag","embeddable":true,"href":"https:\/\/agora.xtec.cat\/iesalfacs\/wp-json\/wp\/v2\/tags?post=5614"}],"curies":[{"name":"wp","href":"https:\/\/api.w.org\/{rel}","templated":true}]}}