{"id":5451,"date":"2022-05-31T09:15:52","date_gmt":"2022-05-31T07:15:52","guid":{"rendered":"https:\/\/agora.xtec.cat\/iesalfacs\/?p=5451"},"modified":"2022-05-31T09:17:47","modified_gmt":"2022-05-31T07:17:47","slug":"treballant-lempatia-a-cultura-i-valors-etics","status":"publish","type":"post","link":"https:\/\/agora.xtec.cat\/iesalfacs\/general\/treballant-lempatia-a-cultura-i-valors-etics\/","title":{"rendered":"TREBALLANT L&#8217;EMPATIA A CULTURA I VALORS \u00c8TICS"},"content":{"rendered":"<p>Rosanna de la Vega<\/p>\n<p><span style=\"font-family: Microsoft Sans Serif, sans-serif;\">Des de la mat\u00e8ria de Cultura i Valors \u00c8tics de primer de l\u2019ESO aquest trimestre hem visionat el film \u00abEl meu peu esquerre\u00bb que est\u00e0 basada en una autobiografia d\u2019un pintor i escriptor, Cristy Bronw i d&#8217;aquesta manera podem treballar l&#8217;empatia a partir d&#8217;una pel\u00b7l\u00edcula. El protagonista pateix una par\u00e0lisis cerebral, per\u00f2 gr\u00e0cies a la seua tenacitat i esfor\u00e7 aconsegueix tirar endavant amb l\u2019ajuda de la seua estimada mare. Una pel\u00b7l\u00edcula que \u00e9s commovedora com exemple de superaci\u00f3 personal per poder accedir a tenir un futur millor. <\/span><\/p>\n<p><span style=\"font-family: Microsoft Sans Serif, sans-serif;\">Els propis alumnes mostren les seues experi\u00e8ncies sobre el taller que es va fer posteriorment.<\/span><\/p>\n<p align=\"justify\"><a href=\"https:\/\/agora.xtec.cat\/iesalfacs\/wp-content\/uploads\/usu209\/2022\/05\/CollageMaker_20220531_091310219-min-scaled.jpg\"><img loading=\"lazy\" decoding=\"async\" class=\"wp-image-5452 aligncenter\" src=\"https:\/\/agora.xtec.cat\/iesalfacs\/wp-content\/uploads\/usu209\/2022\/05\/CollageMaker_20220531_091310219-min-819x1024.jpg\" alt=\"\" width=\"507\" height=\"634\" srcset=\"https:\/\/agora.xtec.cat\/iesalfacs\/wp-content\/uploads\/usu209\/2022\/05\/CollageMaker_20220531_091310219-min-819x1024.jpg 819w, https:\/\/agora.xtec.cat\/iesalfacs\/wp-content\/uploads\/usu209\/2022\/05\/CollageMaker_20220531_091310219-min-240x300.jpg 240w, https:\/\/agora.xtec.cat\/iesalfacs\/wp-content\/uploads\/usu209\/2022\/05\/CollageMaker_20220531_091310219-min-768x960.jpg 768w, https:\/\/agora.xtec.cat\/iesalfacs\/wp-content\/uploads\/usu209\/2022\/05\/CollageMaker_20220531_091310219-min-1229x1536.jpg 1229w, https:\/\/agora.xtec.cat\/iesalfacs\/wp-content\/uploads\/usu209\/2022\/05\/CollageMaker_20220531_091310219-min-1638x2048.jpg 1638w, https:\/\/agora.xtec.cat\/iesalfacs\/wp-content\/uploads\/usu209\/2022\/05\/CollageMaker_20220531_091310219-min-scaled.jpg 2048w\" sizes=\"auto, (max-width: 507px) 100vw, 507px\" \/><\/a><\/p>\n<p align=\"justify\"><strong><span style=\"color: #000000;\"><span style=\"font-family: Arial, sans-serif;\"><span style=\"font-size: medium;\">N\u00daRIA MARIA FUIA (1r ESO C)<\/span><\/span><\/span><\/strong><\/p>\n<p align=\"justify\"><span style=\"color: #000000;\"><span style=\"font-family: Arial, sans-serif;\"><span style=\"font-size: medium;\">L&#8217;altre dia jo i els meus companys vam fer una pr\u00e0ctica basant-nos en una pel\u00b7l\u00edcula que es diu \u201cMY LEFT FOOT\u201d \u00e9s a dir el \u201cMEU PEU ESQUERRE\u201d. El film va sobre un jove que es va fent gran a mesura del temps, es veu que aquest jove ha nascut amb una par\u00e0lisi celebral que li afectat a tot el seu cos. Christy Brown, el protagonista ha nascut, ha crescut i s\u2019ha mort amb la seva par\u00e0lisi i es va fer fam\u00f3s pel seu art tot i tenint una par\u00e0lisi. El 7\/4\/2022 vam fer una pr\u00e0ctica per veure com \u00e9s una mica viure amb alguna discapacitat, i vam haver de fer una llesca de pa amb mantega i melmelada i un suc de taronja. Podr\u00edem pensar aix\u00f2 \u00e9s molt f\u00e0cil! jo tamb\u00e9 se fer-ho, per\u00f2 aqu\u00ed \u00e9s on ve el dif\u00edcil, la llesca de pa nom\u00e9s es podia utilitzar una m\u00e0 i el suc de taronja es s\u2019havia de fer amb els ulls tapats. Aix\u00ed no apareix tan f\u00e0cil? Ens vam ficar mans a l\u2019obra i quan em va tocar fer-me la llesca de pa em va par\u00e8ixer molt f\u00e0cil, tenint en compte que nom\u00e9s utilitzava una m\u00e0 i el suc tamb\u00e9 em va par\u00e8ixer molt f\u00e0cil de fer. Per\u00f2 despr\u00e9s vaig pensar, -Nuria, aix\u00f2 han sigut nom\u00e9s 20 minuts, imaginat tota la teva vida. No podries fer res del que fas. Aix\u00ed que, no ens podem queixar ja que hi ha gent que realment est\u00e0 m\u00e9s malament que nosaltres i no poden fer tasques tan simple com caminar, c\u00f3rrer, parlar, etc\u2026<\/span><\/span><\/span><\/p>\n<p align=\"justify\"><span style=\"color: #000000;\"><span style=\"font-family: Arial, sans-serif;\"><span style=\"font-size: medium;\">Aix\u00ed que estiguis content del que fas i de com est\u00e0s i del que tens perqu\u00e8 no tots o poden tenir.<\/span><\/span><\/span><\/p>\n<p style=\"text-align: left;\" align=\"center\"><strong><span style=\"color: #000000;\"><span style=\"font-family: Arial, sans-serif;\"><span style=\"font-size: medium;\">ADRI\u00c0 FRANCO F\u00c8LIX (1r ESOC)<\/span><\/span><\/span><\/strong><\/p>\n<p align=\"justify\"><span style=\"color: #000000;\"><span style=\"font-family: Arial, sans-serif;\"><span style=\"font-size: medium;\">La setmana passada vam sortir al pati a fer una activitat de la mat\u00e8ria de Cultura i Valors \u00c8tics que consistia en preparar un esmorzar, per\u00f2 amb algunes limitacions. En primer lloc, vam preparar una torrada amb melmelada per\u00f2 amb una m\u00e0 a l\u2019esquena, i en segon lloc, vam exprimir una taronja amb els ulls tapats.<\/span><\/span><\/span><\/p>\n<p align=\"justify\"><span style=\"color: #000000;\"><span style=\"font-family: Arial, sans-serif;\"><span style=\"font-size: medium;\">Fent aquesta activitat vaig poder experimentar com les persones amb discapacitat f\u00edsica i discapacitat visual no tenen la vida tan f\u00e0cil com la nostra, ja que les seves condicions de vida en molts aspectes de la vida di\u00e0ria s\u00f3n bastant limitades.<\/span><\/span><\/span><\/p>\n<p align=\"justify\"><span style=\"color: #000000;\"><span style=\"font-family: Arial, sans-serif;\"><span style=\"font-size: medium;\">M\u2019ha agradat molt fer-la perqu\u00e8 m\u2019ha servit per a con\u00e8ixer de primera m\u00e0 la realitat d\u2019aquestes persones, ja que si no tens alg\u00fa al teu voltant que ho pateix \u00e9s una realitat que desconeixes o fins i tot ignores.<\/span><\/span><\/span><\/p>\n<p align=\"justify\"><span style=\"color: #000000;\"><span style=\"font-family: Arial, sans-serif;\"><span style=\"font-size: medium;\">La realitzaci\u00f3 d\u2019activitats d\u2019aquest tipus ens ajuda a tenir empatia cap a les persones discapacitades i aix\u00f2 fa que la nostra actitud cap a elles pugui ser m\u00e9s positiva i que els ajudem a integrar-se. <\/span><\/span><\/span><\/p>\n","protected":false},"excerpt":{"rendered":"<p>Rosanna de la Vega Des de la mat\u00e8ria de Cultura i Valors \u00c8tics de primer de l\u2019ESO aquest trimestre hem visionat el film \u00abEl meu peu esquerre\u00bb que est\u00e0 basada en una autobiografia d\u2019un pintor i escriptor, Cristy Bronw i d&#8217;aquesta manera podem treballar l&#8217;empatia a partir d&#8217;una pel\u00b7l\u00edcula. El protagonista pateix una par\u00e0lisis cerebral, [&hellip;]<\/p>\n","protected":false},"author":7,"featured_media":5452,"comment_status":"open","ping_status":"closed","sticky":false,"template":"","format":"standard","meta":{"_bbp_topic_count":0,"_bbp_reply_count":0,"_bbp_total_topic_count":0,"_bbp_total_reply_count":0,"_bbp_voice_count":0,"_bbp_anonymous_reply_count":0,"_bbp_topic_count_hidden":0,"_bbp_reply_count_hidden":0,"_bbp_forum_subforum_count":0,"site-sidebar-layout":"default","site-content-layout":"","ast-site-content-layout":"","site-content-style":"default","site-sidebar-style":"default","ast-global-header-display":"","ast-banner-title-visibility":"","ast-main-header-display":"","ast-hfb-above-header-display":"","ast-hfb-below-header-display":"","ast-hfb-mobile-header-display":"","site-post-title":"","ast-breadcrumbs-content":"","ast-featured-img":"","footer-sml-layout":"","theme-transparent-header-meta":"","adv-header-id-meta":"","stick-header-meta":"","header-above-stick-meta":"","header-main-stick-meta":"","header-below-stick-meta":"","astra-migrate-meta-layouts":"default","ast-page-background-enabled":"default","ast-page-background-meta":{"desktop":{"background-color":"var(--ast-global-color-4)","background-image":"","background-repeat":"repeat","background-position":"center center","background-size":"auto","background-attachment":"scroll","background-type":"","background-media":"","overlay-type":"","overlay-color":"","overlay-opacity":"","overlay-gradient":""},"tablet":{"background-color":"","background-image":"","background-repeat":"repeat","background-position":"center center","background-size":"auto","background-attachment":"scroll","background-type":"","background-media":"","overlay-type":"","overlay-color":"","overlay-opacity":"","overlay-gradient":""},"mobile":{"background-color":"","background-image":"","background-repeat":"repeat","background-position":"center center","background-size":"auto","background-attachment":"scroll","background-type":"","background-media":"","overlay-type":"","overlay-color":"","overlay-opacity":"","overlay-gradient":""}},"ast-content-background-meta":{"desktop":{"background-color":"var(--ast-global-color-5)","background-image":"","background-repeat":"repeat","background-position":"center center","background-size":"auto","background-attachment":"scroll","background-type":"","background-media":"","overlay-type":"","overlay-color":"","overlay-opacity":"","overlay-gradient":""},"tablet":{"background-color":"var(--ast-global-color-5)","background-image":"","background-repeat":"repeat","background-position":"center center","background-size":"auto","background-attachment":"scroll","background-type":"","background-media":"","overlay-type":"","overlay-color":"","overlay-opacity":"","overlay-gradient":""},"mobile":{"background-color":"var(--ast-global-color-5)","background-image":"","background-repeat":"repeat","background-position":"center center","background-size":"auto","background-attachment":"scroll","background-type":"","background-media":"","overlay-type":"","overlay-color":"","overlay-opacity":"","overlay-gradient":""}},"footnotes":""},"categories":[1,29],"tags":[],"class_list":["post-5451","post","type-post","status-publish","format-standard","has-post-thumbnail","hentry","category-general","category-portada"],"post_mailing_queue_ids":[],"_links":{"self":[{"href":"https:\/\/agora.xtec.cat\/iesalfacs\/wp-json\/wp\/v2\/posts\/5451","targetHints":{"allow":["GET"]}}],"collection":[{"href":"https:\/\/agora.xtec.cat\/iesalfacs\/wp-json\/wp\/v2\/posts"}],"about":[{"href":"https:\/\/agora.xtec.cat\/iesalfacs\/wp-json\/wp\/v2\/types\/post"}],"author":[{"embeddable":true,"href":"https:\/\/agora.xtec.cat\/iesalfacs\/wp-json\/wp\/v2\/users\/7"}],"replies":[{"embeddable":true,"href":"https:\/\/agora.xtec.cat\/iesalfacs\/wp-json\/wp\/v2\/comments?post=5451"}],"version-history":[{"count":2,"href":"https:\/\/agora.xtec.cat\/iesalfacs\/wp-json\/wp\/v2\/posts\/5451\/revisions"}],"predecessor-version":[{"id":5454,"href":"https:\/\/agora.xtec.cat\/iesalfacs\/wp-json\/wp\/v2\/posts\/5451\/revisions\/5454"}],"wp:featuredmedia":[{"embeddable":true,"href":"https:\/\/agora.xtec.cat\/iesalfacs\/wp-json\/wp\/v2\/media\/5452"}],"wp:attachment":[{"href":"https:\/\/agora.xtec.cat\/iesalfacs\/wp-json\/wp\/v2\/media?parent=5451"}],"wp:term":[{"taxonomy":"category","embeddable":true,"href":"https:\/\/agora.xtec.cat\/iesalfacs\/wp-json\/wp\/v2\/categories?post=5451"},{"taxonomy":"post_tag","embeddable":true,"href":"https:\/\/agora.xtec.cat\/iesalfacs\/wp-json\/wp\/v2\/tags?post=5451"}],"curies":[{"name":"wp","href":"https:\/\/api.w.org\/{rel}","templated":true}]}}