{"id":5196,"date":"2022-03-10T00:18:36","date_gmt":"2022-03-09T23:18:36","guid":{"rendered":"https:\/\/agora.xtec.cat\/iesalfacs\/?p=5196"},"modified":"2022-03-10T00:36:04","modified_gmt":"2022-03-09T23:36:04","slug":"dia-internacional-de-la-dona-treballadora-8-de-marc","status":"publish","type":"post","link":"https:\/\/agora.xtec.cat\/iesalfacs\/general\/dia-internacional-de-la-dona-treballadora-8-de-marc\/","title":{"rendered":"DIA INTERNACIONAL DE LA DONA TREBALLADORA (8 DE MAR\u00c7)"},"content":{"rendered":"<p>El grup SIEI amb les professores M\u00edriam Roca, Imma Blanco i Imma Espuny decoren el vest\u00edbul amb una al\u00b7legoria feminista que ens anuncia noves primaveres per al g\u00e8nere femen\u00ed.<\/p>\n<p><img decoding=\"async\" src=\"https:\/\/agora.xtec.cat\/iesalfacs\/wp-content\/uploads\/usu209\/2022\/03\/IMG-20220304-WA0017.jpg\" \/><\/p>\n<p>Dia Internacional de la Dona Treballadora.<\/p>\n<div class=\"titol\">Vuit de mar\u00e7<\/div>\n<div class=\"texta\">\n<p><i>Amb totes dues mans<\/i><br \/>\n<i>al\u00e7ades a la lluna,\u00a0<\/i><br \/>\n<i>obrim una finestra<\/i><br \/>\n<i>en aquest cel tancat.<\/i><\/p>\n<p>Hereves de les dones<br \/>\nque cremaren ahir<br \/>\nfarem una foguera<br \/>\namb l\u2019estrall i la por.<br \/>\nHi acudiran les bruixes<br \/>\nde totes les edats.<br \/>\nDeixaran les escombres<br \/>\nper pastura del foc,<br \/>\ncossis i draps de cuina<br \/>\nel sab\u00f3 i el blauet,<br \/>\nels pots i les cassoles<br \/>\nel fregall i els bolquers.<\/p>\n<p>Deixarem les escombres<br \/>\nper pastura del foc,<br \/>\nels pots i les cassoles,<br \/>\nel blauet i el sab\u00f3<br \/>\nI la cendra que resti<br \/>\nno la canviarem<br \/>\nni per l\u2019or ni pel ferro<br \/>\nper ceptres ni punyals.<br \/>\nSorgida de la flama<br \/>\nsols tindrem ja la vida<br \/>\nper arma i per escut<br \/>\na totes dues mans.<\/p>\n<p>El fum dibuixar\u00e0<br \/>\nl\u2019inici de la hist\u00f2ria<br \/>\ncom una heura de joia<br \/>\nentorn del nostre cos<br \/>\ni plour\u00e0 i far\u00e0 sol<br \/>\ni dansarem a l\u2019aire<br \/>\nde les noves can\u00e7ons<br \/>\nque la terra rebr\u00e0.<br \/>\nVindicarem la nit<br \/>\ni la paraula DONA.<br \/>\nLlavors creixer\u00e0 l\u2019arbre<br \/>\nde l\u2019alliberament.<\/p>\n<\/div>\n<div class=\"info-bottom-right\">\n<div class=\"nom\">MARIA MERC\u00c8 MAR\u00c7AL I SERRA<\/div>\n<div class=\"llibre\">Bruixa de dol, 1979<\/div>\n<\/div>\n","protected":false},"excerpt":{"rendered":"<p>El grup SIEI amb les professores M\u00edriam Roca, Imma Blanco i Imma Espuny decoren el vest\u00edbul amb una al\u00b7legoria feminista que ens anuncia noves primaveres per al g\u00e8nere femen\u00ed. Dia Internacional de la Dona Treballadora. Vuit de mar\u00e7 Amb totes dues mans al\u00e7ades a la lluna,\u00a0 obrim una finestra en aquest cel tancat. Hereves de [&hellip;]<\/p>\n","protected":false},"author":7,"featured_media":5197,"comment_status":"open","ping_status":"closed","sticky":false,"template":"","format":"standard","meta":{"_bbp_topic_count":0,"_bbp_reply_count":0,"_bbp_total_topic_count":0,"_bbp_total_reply_count":0,"_bbp_voice_count":0,"_bbp_anonymous_reply_count":0,"_bbp_topic_count_hidden":0,"_bbp_reply_count_hidden":0,"_bbp_forum_subforum_count":0,"site-sidebar-layout":"default","site-content-layout":"","ast-site-content-layout":"","site-content-style":"default","site-sidebar-style":"default","ast-global-header-display":"","ast-banner-title-visibility":"","ast-main-header-display":"","ast-hfb-above-header-display":"","ast-hfb-below-header-display":"","ast-hfb-mobile-header-display":"","site-post-title":"","ast-breadcrumbs-content":"","ast-featured-img":"","footer-sml-layout":"","theme-transparent-header-meta":"","adv-header-id-meta":"","stick-header-meta":"","header-above-stick-meta":"","header-main-stick-meta":"","header-below-stick-meta":"","astra-migrate-meta-layouts":"default","ast-page-background-enabled":"default","ast-page-background-meta":{"desktop":{"background-color":"var(--ast-global-color-4)","background-image":"","background-repeat":"repeat","background-position":"center center","background-size":"auto","background-attachment":"scroll","background-type":"","background-media":"","overlay-type":"","overlay-color":"","overlay-opacity":"","overlay-gradient":""},"tablet":{"background-color":"","background-image":"","background-repeat":"repeat","background-position":"center center","background-size":"auto","background-attachment":"scroll","background-type":"","background-media":"","overlay-type":"","overlay-color":"","overlay-opacity":"","overlay-gradient":""},"mobile":{"background-color":"","background-image":"","background-repeat":"repeat","background-position":"center center","background-size":"auto","background-attachment":"scroll","background-type":"","background-media":"","overlay-type":"","overlay-color":"","overlay-opacity":"","overlay-gradient":""}},"ast-content-background-meta":{"desktop":{"background-color":"var(--ast-global-color-5)","background-image":"","background-repeat":"repeat","background-position":"center center","background-size":"auto","background-attachment":"scroll","background-type":"","background-media":"","overlay-type":"","overlay-color":"","overlay-opacity":"","overlay-gradient":""},"tablet":{"background-color":"var(--ast-global-color-5)","background-image":"","background-repeat":"repeat","background-position":"center center","background-size":"auto","background-attachment":"scroll","background-type":"","background-media":"","overlay-type":"","overlay-color":"","overlay-opacity":"","overlay-gradient":""},"mobile":{"background-color":"var(--ast-global-color-5)","background-image":"","background-repeat":"repeat","background-position":"center center","background-size":"auto","background-attachment":"scroll","background-type":"","background-media":"","overlay-type":"","overlay-color":"","overlay-opacity":"","overlay-gradient":""}},"footnotes":""},"categories":[1,29],"tags":[],"class_list":["post-5196","post","type-post","status-publish","format-standard","has-post-thumbnail","hentry","category-general","category-portada"],"post_mailing_queue_ids":[],"_links":{"self":[{"href":"https:\/\/agora.xtec.cat\/iesalfacs\/wp-json\/wp\/v2\/posts\/5196","targetHints":{"allow":["GET"]}}],"collection":[{"href":"https:\/\/agora.xtec.cat\/iesalfacs\/wp-json\/wp\/v2\/posts"}],"about":[{"href":"https:\/\/agora.xtec.cat\/iesalfacs\/wp-json\/wp\/v2\/types\/post"}],"author":[{"embeddable":true,"href":"https:\/\/agora.xtec.cat\/iesalfacs\/wp-json\/wp\/v2\/users\/7"}],"replies":[{"embeddable":true,"href":"https:\/\/agora.xtec.cat\/iesalfacs\/wp-json\/wp\/v2\/comments?post=5196"}],"version-history":[{"count":2,"href":"https:\/\/agora.xtec.cat\/iesalfacs\/wp-json\/wp\/v2\/posts\/5196\/revisions"}],"predecessor-version":[{"id":5207,"href":"https:\/\/agora.xtec.cat\/iesalfacs\/wp-json\/wp\/v2\/posts\/5196\/revisions\/5207"}],"wp:featuredmedia":[{"embeddable":true,"href":"https:\/\/agora.xtec.cat\/iesalfacs\/wp-json\/wp\/v2\/media\/5197"}],"wp:attachment":[{"href":"https:\/\/agora.xtec.cat\/iesalfacs\/wp-json\/wp\/v2\/media?parent=5196"}],"wp:term":[{"taxonomy":"category","embeddable":true,"href":"https:\/\/agora.xtec.cat\/iesalfacs\/wp-json\/wp\/v2\/categories?post=5196"},{"taxonomy":"post_tag","embeddable":true,"href":"https:\/\/agora.xtec.cat\/iesalfacs\/wp-json\/wp\/v2\/tags?post=5196"}],"curies":[{"name":"wp","href":"https:\/\/api.w.org\/{rel}","templated":true}]}}