{"id":5130,"date":"2022-02-19T19:31:06","date_gmt":"2022-02-19T18:31:06","guid":{"rendered":"https:\/\/agora.xtec.cat\/iesalfacs\/?p=5130"},"modified":"2022-02-19T23:48:32","modified_gmt":"2022-02-19T22:48:32","slug":"que-es-el-que-desitjo-que-vull-ser-de-gran-forum-jove-damposta","status":"publish","type":"post","link":"https:\/\/agora.xtec.cat\/iesalfacs\/general\/que-es-el-que-desitjo-que-vull-ser-de-gran-forum-jove-damposta\/","title":{"rendered":"QU\u00c8 \u00c9S EL QUE DESITJO? QU\u00c8 VULL SER DE GRAN? (F\u00d2RUM JOVE D&#8217;AMPOSTA)"},"content":{"rendered":"<p>&nbsp;<\/p>\n<p>Divendres 18 de febrer ens va acompanyar la il\u00b7lusi\u00f3 i l&#8217;esperan\u00e7a de poder trobar una oferta formativa que encaix\u00e9s amb un alumnat que sobretot lluita per assolir el graduat d&#8217;ESO i fer el salt a algun cicle de grau mitj\u00e0. Aquest any el F\u00f2rum Jove d&#8217;Amposta feia d&#8217;aparador d&#8217;all\u00f2 m\u00e9s <em>aman\u00f3s<\/em> de les comarques m\u00e9s properes, sobretot Montsi\u00e0, Baix Ebre i Terra Alta i alguna parada de Ribera d&#8217;Ebre.<\/p>\n<p>&nbsp;<\/p>\n<p>\u00c9s ben curi\u00f3s que el propi alumnat de l&#8217;institut Els Alfacs qued\u00e9s sorpr\u00e8s pels cicles de casa nostra. Tamb\u00e9 cal dir que el m\u00e0rqueting que es fa del cicle formatiu de grau mitj\u00e0 de Manteniment d&#8217;Embarcacions d&#8217;Esbarjo i el de Gesti\u00f3 Administrativa de la R\u00e0pita \u00e9s proper, suggeridor i amb una aposta directa cap a la qualitat. Els cicles de Cultius Marins i Aq\u00fcicultura, recentment escola desvinculada de l&#8217;institut Els Alfacs, tamb\u00e9 s\u00f3n for\u00e7a engrescadors.<\/p>\n<p><img loading=\"lazy\" decoding=\"async\" class=\"aligncenter\" src=\"https:\/\/agora.xtec.cat\/iesalfacs\/wp-content\/uploads\/usu209\/2022\/02\/CollageMaker_20220219_193854404-min-scaled.jpg\" width=\"599\" height=\"749\" \/><\/p>\n<p>L&#8217;alumnat de 4t ESO D i 4t ESO E van aprofitar al m\u00e0xim la sortida de divendres i tots van interessar-se per l&#8217;oferta formativa m\u00e9s propera. L&#8217;alumnat va buscar la complicitat de les professores acompanyants i ens van compartir amb la mirada brillant i entusiasmada la seua tria acad\u00e8mica venidora: electromec\u00e0niques i electromec\u00e0nics que es formaran al Montsi\u00e0 d&#8217;Amposta, apicultores i apicultors que buscaran sort a l&#8217;Agr\u00edcola d&#8217;Amposta, futures perruqueres i perruquers cap a Roquetes, t\u00e8cniques i t\u00e8cnics de so i v\u00eddeo cap a Alcanar, artistes a Esardi, aq\u00fcicultores i aq\u00fcicultors, administratives i administratius, mantenidores\u00a0 i mantenidors, reparadores i reparadors de vaixells cap a la R\u00e0pita, monitores i monitors d&#8217;esport, cuineres i cuiners&#8230;<\/p>\n<p>La xarrada de Pere Clotet al teatre del Casal, un edifici recuperat i destinat a la gent jove situat prop del mercat d&#8217;Amposta, va servir de cirereta per acabar de conv\u00e8ncer els m\u00e9s joves que cal fer una bona tria i cal buscar el suport de la gent amb la qual confien m\u00e9s. El v\u00eddeo d&#8217;Alan Watts va servir per refor\u00e7ar un poc m\u00e9s que cal triar potser m\u00e9s amb el cor que amb el cap. En cas de no encertar-la, sempre podem lluitar per altres somnis.<\/p>\n<p>Un dia carregat de llum benigna per a un l&#8217;alumnat que a poc a poc van centrant la br\u00faixola.<\/p>\n<p>V\u00eddeo: <em>I si els diners no importessin, qu\u00e8 faries?<\/em> d&#8217;Alan Watts<\/p>\n<p><a href=\"https:\/\/www.youtube.com\/watch?v=UtMreUURG3A\">https:\/\/www.youtube.com\/watch?v=UtMreUURG3A<\/a><\/p>\n<p>&nbsp;<\/p>\n<p>&nbsp;<\/p>\n<p>&nbsp;<\/p>\n<p>&nbsp;<\/p>\n<p>&nbsp;<\/p>\n","protected":false},"excerpt":{"rendered":"<p>&nbsp; Divendres 18 de febrer ens va acompanyar la il\u00b7lusi\u00f3 i l&#8217;esperan\u00e7a de poder trobar una oferta formativa que encaix\u00e9s amb un alumnat que sobretot lluita per assolir el graduat d&#8217;ESO i fer el salt a algun cicle de grau mitj\u00e0. Aquest any el F\u00f2rum Jove d&#8217;Amposta feia d&#8217;aparador d&#8217;all\u00f2 m\u00e9s aman\u00f3s de les comarques [&hellip;]<\/p>\n","protected":false},"author":7,"featured_media":5135,"comment_status":"open","ping_status":"closed","sticky":false,"template":"","format":"standard","meta":{"_bbp_topic_count":0,"_bbp_reply_count":0,"_bbp_total_topic_count":0,"_bbp_total_reply_count":0,"_bbp_voice_count":0,"_bbp_anonymous_reply_count":0,"_bbp_topic_count_hidden":0,"_bbp_reply_count_hidden":0,"_bbp_forum_subforum_count":0,"site-sidebar-layout":"default","site-content-layout":"","ast-site-content-layout":"","site-content-style":"default","site-sidebar-style":"default","ast-global-header-display":"","ast-banner-title-visibility":"","ast-main-header-display":"","ast-hfb-above-header-display":"","ast-hfb-below-header-display":"","ast-hfb-mobile-header-display":"","site-post-title":"","ast-breadcrumbs-content":"","ast-featured-img":"","footer-sml-layout":"","theme-transparent-header-meta":"","adv-header-id-meta":"","stick-header-meta":"","header-above-stick-meta":"","header-main-stick-meta":"","header-below-stick-meta":"","astra-migrate-meta-layouts":"default","ast-page-background-enabled":"default","ast-page-background-meta":{"desktop":{"background-color":"var(--ast-global-color-4)","background-image":"","background-repeat":"repeat","background-position":"center center","background-size":"auto","background-attachment":"scroll","background-type":"","background-media":"","overlay-type":"","overlay-color":"","overlay-opacity":"","overlay-gradient":""},"tablet":{"background-color":"","background-image":"","background-repeat":"repeat","background-position":"center center","background-size":"auto","background-attachment":"scroll","background-type":"","background-media":"","overlay-type":"","overlay-color":"","overlay-opacity":"","overlay-gradient":""},"mobile":{"background-color":"","background-image":"","background-repeat":"repeat","background-position":"center center","background-size":"auto","background-attachment":"scroll","background-type":"","background-media":"","overlay-type":"","overlay-color":"","overlay-opacity":"","overlay-gradient":""}},"ast-content-background-meta":{"desktop":{"background-color":"var(--ast-global-color-5)","background-image":"","background-repeat":"repeat","background-position":"center center","background-size":"auto","background-attachment":"scroll","background-type":"","background-media":"","overlay-type":"","overlay-color":"","overlay-opacity":"","overlay-gradient":""},"tablet":{"background-color":"var(--ast-global-color-5)","background-image":"","background-repeat":"repeat","background-position":"center center","background-size":"auto","background-attachment":"scroll","background-type":"","background-media":"","overlay-type":"","overlay-color":"","overlay-opacity":"","overlay-gradient":""},"mobile":{"background-color":"var(--ast-global-color-5)","background-image":"","background-repeat":"repeat","background-position":"center center","background-size":"auto","background-attachment":"scroll","background-type":"","background-media":"","overlay-type":"","overlay-color":"","overlay-opacity":"","overlay-gradient":""}},"footnotes":""},"categories":[1,29],"tags":[],"class_list":["post-5130","post","type-post","status-publish","format-standard","has-post-thumbnail","hentry","category-general","category-portada"],"post_mailing_queue_ids":[],"_links":{"self":[{"href":"https:\/\/agora.xtec.cat\/iesalfacs\/wp-json\/wp\/v2\/posts\/5130","targetHints":{"allow":["GET"]}}],"collection":[{"href":"https:\/\/agora.xtec.cat\/iesalfacs\/wp-json\/wp\/v2\/posts"}],"about":[{"href":"https:\/\/agora.xtec.cat\/iesalfacs\/wp-json\/wp\/v2\/types\/post"}],"author":[{"embeddable":true,"href":"https:\/\/agora.xtec.cat\/iesalfacs\/wp-json\/wp\/v2\/users\/7"}],"replies":[{"embeddable":true,"href":"https:\/\/agora.xtec.cat\/iesalfacs\/wp-json\/wp\/v2\/comments?post=5130"}],"version-history":[{"count":3,"href":"https:\/\/agora.xtec.cat\/iesalfacs\/wp-json\/wp\/v2\/posts\/5130\/revisions"}],"predecessor-version":[{"id":5141,"href":"https:\/\/agora.xtec.cat\/iesalfacs\/wp-json\/wp\/v2\/posts\/5130\/revisions\/5141"}],"wp:featuredmedia":[{"embeddable":true,"href":"https:\/\/agora.xtec.cat\/iesalfacs\/wp-json\/wp\/v2\/media\/5135"}],"wp:attachment":[{"href":"https:\/\/agora.xtec.cat\/iesalfacs\/wp-json\/wp\/v2\/media?parent=5130"}],"wp:term":[{"taxonomy":"category","embeddable":true,"href":"https:\/\/agora.xtec.cat\/iesalfacs\/wp-json\/wp\/v2\/categories?post=5130"},{"taxonomy":"post_tag","embeddable":true,"href":"https:\/\/agora.xtec.cat\/iesalfacs\/wp-json\/wp\/v2\/tags?post=5130"}],"curies":[{"name":"wp","href":"https:\/\/api.w.org\/{rel}","templated":true}]}}