{"id":5032,"date":"2021-12-22T08:20:49","date_gmt":"2021-12-22T07:20:49","guid":{"rendered":"https:\/\/agora.xtec.cat\/iesalfacs\/?p=5032"},"modified":"2021-12-22T08:20:49","modified_gmt":"2021-12-22T07:20:49","slug":"nadal-al-cor","status":"publish","type":"post","link":"https:\/\/agora.xtec.cat\/iesalfacs\/general\/nadal-al-cor\/","title":{"rendered":"NADAL AL COR"},"content":{"rendered":"<div class=\"PZPZlf\" data-lyricid=\"Musixmatch47904698\">\n<div class=\"bbVIQb\">\n<div data-mh=\"-1\"><\/div>\n<div data-mh=\"-1\"><a href=\"https:\/\/www.youtube.com\/watch?v=KTPGNQcc03I\">Can\u00e7\u00f3<\/a><\/div>\n<div data-mh=\"-1\">\n<div data-mh=\"-1\"><\/div>\n<div data-mh=\"-1\">M\u00edriam Roca i l&#8217;alumnat SIEI tornen a decorar un espl\u00e8ndid vest\u00edbul nadalenc.<\/div>\n<div data-mh=\"-1\"><\/div>\n<\/div>\n<div data-mh=\"-1\"><img loading=\"lazy\" decoding=\"async\" class=\"aligncenter\" src=\"https:\/\/agora.xtec.cat\/iesalfacs\/wp-content\/uploads\/usu209\/2021\/12\/IMG-20211220-WA0004.jpg\" width=\"543\" height=\"408\" \/><\/div>\n<\/div>\n<div data-mh=\"-1\"><\/div>\n<div class=\"bbVIQb\">\n<div data-mh=\"-1\">\n<div class=\"ujudUb xpdxpnd\" data-mh=\"-1\">\u00c9s Nadal al teu cor<br \/>\nquan somric content de veure&#8217;t,<br \/>\nquan la nit es fa m\u00e9s neta,<br \/>\nquan m&#8217;abra\u00e7o al teu cos.<\/div>\n<div class=\"ujudUb WRZytc xpdxpnd\" data-mh=\"-1\">I les llums de colors<br \/>\nm&#8217;il\u00b7luminen nit i dia,<br \/>\nles enc\u00e9n el teu somriure<br \/>\nquan et parlo amb el cor.<\/div>\n<\/div>\n<div data-mh=\"-1\"><\/div>\n<div data-mh=\"-1\"><\/div>\n<div data-mh=\"-1\"><\/div>\n<div class=\"ujudUb u7wWjf\" data-mh=\"-1\">Ara que la nit s&#8217;ha fet m\u00e9s llarga,<br \/>\nara que les fulles ballen danses al rac\u00f3,<br \/>\nara que els carrers estan de festa,<br \/>\navui que el fred duu tants records&#8230;<\/div>\n<div class=\"ujudUb xpdxpnd\" data-mh=\"-1\">Ara que sobren les paraules,<br \/>\nara que el vent bufa tan fort,<br \/>\navui que no em fa falta veure&#8217;t, ni tan sols parlar,<br \/>\nper saber que est\u00e0s al meu costat&#8230;<\/div>\n<div class=\"ujudUb xpdxpnd\" data-mh=\"-1\">\u00c9s Nadal al meu cor,<br \/>\nquan somrius content de veure&#8217;m,<br \/>\nquan la nit es fa m\u00e9s freda,<br \/>\nquan t&#8217;abraces al meu cos&#8230;<\/div>\n<div class=\"ujudUb xpdxpnd\" data-mh=\"-1\">I les llums de colors<br \/>\nm&#8217;il\u00b7luminen nit i dia,<br \/>\nles encens amb el somriure<br \/>\nquan em parles amb el cor.<\/div>\n<div class=\"ujudUb xpdxpnd\" data-mh=\"-1\">\u00c9s el buit que deixes quan t&#8217;aixeques,<br \/>\n\u00e9s el buit que es fa a casa quan no hi ha ning\u00fa.<br \/>\nS\u00f3n petits detalls tot el que em queda<br \/>\ncom queda al jersei un cabell llarg.<\/div>\n<div class=\"ujudUb xpdxpnd\" data-mh=\"-1\">Vas dir que mai m\u00e9s tornaries,<br \/>\nel temps pacient ha anat passant.<br \/>\nQui havia de dir que avui estaries esperant<br \/>\nque ens trob\u00e9ssim junts al teu costat.<\/div>\n<div data-mh=\"-1\"><\/div>\n<div class=\"ujudUb xpdxpnd\" data-mh=\"-1\">\u00c9s Nadal al teu cor<br \/>\nquan somric content de veure&#8217;t,<br \/>\nquan la nit es fa m\u00e9s neta,<br \/>\nquan m&#8217;abra\u00e7o al teu cos.<\/div>\n<div class=\"ujudUb WRZytc xpdxpnd\" data-mh=\"-1\">I les llums de colors<br \/>\nm&#8217;il\u00b7luminen nit i dia,<br \/>\nles enc\u00e9n el teu somriure<br \/>\nquan et parlo amb el cor.<\/div>\n<\/div>\n<div id=\"gws-plugins-knowledge-verticals-music__translated-lyrics-container\" class=\"yp\" data-jiis=\"up\" data-async-type=\"lyrics_translate\" data-ved=\"2ahUKEwjVprbK7fb0AhWS3oUKHcNfCE4QqP0CKAB6BAgEEAE\"><\/div>\n<\/div>\n<div data-ved=\"2ahUKEwjVprbK7fb0AhWS3oUKHcNfCE4Qnc4DKAF6BAgEEAI\">\n<div class=\"Z5umpb\" data-ite=\"false\">\n<div class=\"XEByrf\">\n<div class=\"fSXkBc\">\n<div class=\"CAe8ic\">(Buhos, Elena Gadel, Els Catarres, Doctor Prats)<\/div>\n<\/div>\n<\/div>\n<\/div>\n<\/div>\n","protected":false},"excerpt":{"rendered":"<p>Can\u00e7\u00f3 M\u00edriam Roca i l&#8217;alumnat SIEI tornen a decorar un espl\u00e8ndid vest\u00edbul nadalenc. \u00c9s Nadal al teu cor quan somric content de veure&#8217;t, quan la nit es fa m\u00e9s neta, quan m&#8217;abra\u00e7o al teu cos. I les llums de colors m&#8217;il\u00b7luminen nit i dia, les enc\u00e9n el teu somriure quan et parlo amb el cor. [&hellip;]<\/p>\n","protected":false},"author":7,"featured_media":5033,"comment_status":"open","ping_status":"closed","sticky":false,"template":"","format":"standard","meta":{"_bbp_topic_count":0,"_bbp_reply_count":0,"_bbp_total_topic_count":0,"_bbp_total_reply_count":0,"_bbp_voice_count":0,"_bbp_anonymous_reply_count":0,"_bbp_topic_count_hidden":0,"_bbp_reply_count_hidden":0,"_bbp_forum_subforum_count":0,"site-sidebar-layout":"default","site-content-layout":"","ast-site-content-layout":"","site-content-style":"default","site-sidebar-style":"default","ast-global-header-display":"","ast-banner-title-visibility":"","ast-main-header-display":"","ast-hfb-above-header-display":"","ast-hfb-below-header-display":"","ast-hfb-mobile-header-display":"","site-post-title":"","ast-breadcrumbs-content":"","ast-featured-img":"","footer-sml-layout":"","theme-transparent-header-meta":"","adv-header-id-meta":"","stick-header-meta":"","header-above-stick-meta":"","header-main-stick-meta":"","header-below-stick-meta":"","astra-migrate-meta-layouts":"default","ast-page-background-enabled":"default","ast-page-background-meta":{"desktop":{"background-color":"var(--ast-global-color-4)","background-image":"","background-repeat":"repeat","background-position":"center center","background-size":"auto","background-attachment":"scroll","background-type":"","background-media":"","overlay-type":"","overlay-color":"","overlay-opacity":"","overlay-gradient":""},"tablet":{"background-color":"","background-image":"","background-repeat":"repeat","background-position":"center center","background-size":"auto","background-attachment":"scroll","background-type":"","background-media":"","overlay-type":"","overlay-color":"","overlay-opacity":"","overlay-gradient":""},"mobile":{"background-color":"","background-image":"","background-repeat":"repeat","background-position":"center center","background-size":"auto","background-attachment":"scroll","background-type":"","background-media":"","overlay-type":"","overlay-color":"","overlay-opacity":"","overlay-gradient":""}},"ast-content-background-meta":{"desktop":{"background-color":"var(--ast-global-color-5)","background-image":"","background-repeat":"repeat","background-position":"center center","background-size":"auto","background-attachment":"scroll","background-type":"","background-media":"","overlay-type":"","overlay-color":"","overlay-opacity":"","overlay-gradient":""},"tablet":{"background-color":"var(--ast-global-color-5)","background-image":"","background-repeat":"repeat","background-position":"center center","background-size":"auto","background-attachment":"scroll","background-type":"","background-media":"","overlay-type":"","overlay-color":"","overlay-opacity":"","overlay-gradient":""},"mobile":{"background-color":"var(--ast-global-color-5)","background-image":"","background-repeat":"repeat","background-position":"center center","background-size":"auto","background-attachment":"scroll","background-type":"","background-media":"","overlay-type":"","overlay-color":"","overlay-opacity":"","overlay-gradient":""}},"footnotes":""},"categories":[1,29],"tags":[],"class_list":["post-5032","post","type-post","status-publish","format-standard","has-post-thumbnail","hentry","category-general","category-portada"],"post_mailing_queue_ids":[],"_links":{"self":[{"href":"https:\/\/agora.xtec.cat\/iesalfacs\/wp-json\/wp\/v2\/posts\/5032","targetHints":{"allow":["GET"]}}],"collection":[{"href":"https:\/\/agora.xtec.cat\/iesalfacs\/wp-json\/wp\/v2\/posts"}],"about":[{"href":"https:\/\/agora.xtec.cat\/iesalfacs\/wp-json\/wp\/v2\/types\/post"}],"author":[{"embeddable":true,"href":"https:\/\/agora.xtec.cat\/iesalfacs\/wp-json\/wp\/v2\/users\/7"}],"replies":[{"embeddable":true,"href":"https:\/\/agora.xtec.cat\/iesalfacs\/wp-json\/wp\/v2\/comments?post=5032"}],"version-history":[{"count":1,"href":"https:\/\/agora.xtec.cat\/iesalfacs\/wp-json\/wp\/v2\/posts\/5032\/revisions"}],"predecessor-version":[{"id":5034,"href":"https:\/\/agora.xtec.cat\/iesalfacs\/wp-json\/wp\/v2\/posts\/5032\/revisions\/5034"}],"wp:featuredmedia":[{"embeddable":true,"href":"https:\/\/agora.xtec.cat\/iesalfacs\/wp-json\/wp\/v2\/media\/5033"}],"wp:attachment":[{"href":"https:\/\/agora.xtec.cat\/iesalfacs\/wp-json\/wp\/v2\/media?parent=5032"}],"wp:term":[{"taxonomy":"category","embeddable":true,"href":"https:\/\/agora.xtec.cat\/iesalfacs\/wp-json\/wp\/v2\/categories?post=5032"},{"taxonomy":"post_tag","embeddable":true,"href":"https:\/\/agora.xtec.cat\/iesalfacs\/wp-json\/wp\/v2\/tags?post=5032"}],"curies":[{"name":"wp","href":"https:\/\/api.w.org\/{rel}","templated":true}]}}