{"id":4777,"date":"2021-10-29T14:27:25","date_gmt":"2021-10-29T12:27:25","guid":{"rendered":"https:\/\/agora.xtec.cat\/iesalfacs\/?p=4777"},"modified":"2021-11-15T11:08:49","modified_gmt":"2021-11-15T10:08:49","slug":"vi-concurs-de-microrelats-de-terror-i-iv-dil%c2%b7lustracions-de-terror","status":"publish","type":"post","link":"https:\/\/agora.xtec.cat\/iesalfacs\/general\/vi-concurs-de-microrelats-de-terror-i-iv-dil%c2%b7lustracions-de-terror\/","title":{"rendered":"VI CONCURS DE MICRORELATS DE TERROR I IV D&#8217;IL\u00b7LUSTRACIONS DE TERROR"},"content":{"rendered":"<p>Un curs m\u00e9s, la biblioteca del nostre institut, amb col\u00b7laboraci\u00f3 amb els departaments de lleng\u00fces i d&#8217;educaci\u00f3 visual i pl\u00e0stica, convoca el concurs de microrelats i il\u00b7lustracions de terror. Tot seguit us adjuntem les bases de participaci\u00f3 d&#8217;aquesta sisena edici\u00f3 del concurs de microrelats i la quarta edici\u00f3 del concurs d&#8217;il\u00b7lustracions de terror:<\/p>\n<p><a href=\"https:\/\/agora.xtec.cat\/iesalfacs\/wp-content\/uploads\/usu209\/2021\/10\/terror.jpg\"><img loading=\"lazy\" decoding=\"async\" class=\"alignnone size-full wp-image-4792\" src=\"https:\/\/agora.xtec.cat\/iesalfacs\/wp-content\/uploads\/usu209\/2021\/10\/terror.jpg\" alt=\"\" width=\"639\" height=\"907\" srcset=\"https:\/\/agora.xtec.cat\/iesalfacs\/wp-content\/uploads\/usu209\/2021\/10\/terror.jpg 639w, https:\/\/agora.xtec.cat\/iesalfacs\/wp-content\/uploads\/usu209\/2021\/10\/terror-211x300.jpg 211w\" sizes=\"auto, (max-width: 639px) 100vw, 639px\" \/><\/a><\/p>\n<p><strong>VI CONCURS DE MICRORELATS I IV D\u2019IL\u2022LUSTRACIONS DE TERROR<\/strong><\/p>\n<p><strong>1) Participants:<\/strong><br \/>\nEl concurs est\u00e0 adre\u00e7at a tot l\u2019alumnat d\u2019ESO del nostre institut.<\/p>\n<p><strong>2) Condicions del microrelat:<\/strong><br \/>\n\u25cf Ha de ser original i in\u00e8dit (que no s\u2019hagi dif\u00f3s en cap mitj\u00e0, ni hagi guanyat cap premi).<br \/>\n\u25cf Ha d\u2019estar escrit en catal\u00e0, castell\u00e0, angl\u00e8s o franc\u00e8s.<br \/>\n\u25cf Extensi\u00f3 entre 120 i 150 paraules.<br \/>\n\u25cf La tem\u00e0tica de les obres ha d\u2019estar orientada al suspens i al terror.<br \/>\n\u25cf Tots els relats han d\u2019incloure significativament en algun moment les paraules seg\u00fcents:<br \/>\n&#8211; \u201cRAIG\u201d<br \/>\n&#8211; \u201cPRESSENTIR\u201d<br \/>\n&#8211; \u201cSUAU\u201d<br \/>\n\u25cf Aquestes paraules tamb\u00e9 han d\u2019apar\u00e8ixer si el text est\u00e0 escrit en castell\u00e0, angl\u00e8s o franc\u00e8s. Tradu\u00efts a la llengua respectiva.<\/p>\n<p><strong>3) Condicions de la il\u2022lustraci\u00f3:<\/strong><br \/>\n\u25cf Ha de ser original i in\u00e8dita (que no s\u2019hagi dif\u00f3s en cap mitj\u00e0, ni hagi guanyat cap premi).<br \/>\n\u25cf El format ha de ser DIN A4 vertical.<br \/>\n\u25cf La t\u00e8cnica \u00e9s lliure i el suport pot ser digital o paper.<br \/>\n\u25cf La tem\u00e0tica de les obres ha d\u2019estar orientada al suspens i al terror.<br \/>\n\u25cf La imatge no pot contenir text.<br \/>\n\u25cf La imatge guanyadora ser\u00e0 l\u2019escollida per fer el cartell del curs vinent.<\/p>\n<p><strong>4) Forma i termini de participaci\u00f3:<\/strong><br \/>\nLes obres s\u2019enviaran fins al 8 de novembre:<br \/>\n1. Com a document adjunt per correu electr\u00f2nic a biblioteca@insalfacs.cat. Al cos del correu ha de constar el vostre nom i cognoms, llengua, curs i grup.<br \/>\n2. O b\u00e9 en un sobre tancat a la persona encarregada de biblioteca els dilluns i els dijous al 1r pati. Al sobre ha de constar el vostre nom i cognoms, llengua, curs i grup.<\/p>\n<p><strong>5) Jurat:<\/strong><br \/>\nProfessorat dels diferents departaments (catal\u00e0, castell\u00e0, angl\u00e8s, franc\u00e8s i educaci\u00f3 visual i pl\u00e0stica).<\/p>\n<p><strong>6) Premis:<\/strong><br \/>\nEls premis consistiran en material escolar.<\/p>\n<p><strong>7) Difusi\u00f3 dels treballs:<\/strong><br \/>\nEs poden penjar al web de l\u2019institut. El veredicte final es far\u00e0 la setmana abans de Nadal. Els guanyadors hauran d\u2019estar disposats a fer una lectura en veu alta i dramatitzada dels seus treballs a la biblioteca.<\/p>\n<p>&nbsp;<\/p>\n<p><strong>Us animem a participar-hi !<\/strong><\/p>\n<p>&nbsp;<\/p>\n<p>&nbsp;<\/p>\n","protected":false},"excerpt":{"rendered":"<p>Un curs m\u00e9s, la biblioteca del nostre institut, amb col\u00b7laboraci\u00f3 amb els departaments de lleng\u00fces i d&#8217;educaci\u00f3 visual i pl\u00e0stica, convoca el concurs de microrelats i il\u00b7lustracions de terror. Tot seguit us adjuntem les bases de participaci\u00f3 d&#8217;aquesta sisena edici\u00f3 del concurs de microrelats i la quarta edici\u00f3 del concurs d&#8217;il\u00b7lustracions de terror: VI CONCURS [&hellip;]<\/p>\n","protected":false},"author":108,"featured_media":4792,"comment_status":"open","ping_status":"closed","sticky":false,"template":"","format":"standard","meta":{"_bbp_topic_count":0,"_bbp_reply_count":0,"_bbp_total_topic_count":0,"_bbp_total_reply_count":0,"_bbp_voice_count":0,"_bbp_anonymous_reply_count":0,"_bbp_topic_count_hidden":0,"_bbp_reply_count_hidden":0,"_bbp_forum_subforum_count":0,"site-sidebar-layout":"default","site-content-layout":"","ast-site-content-layout":"","site-content-style":"default","site-sidebar-style":"default","ast-global-header-display":"","ast-banner-title-visibility":"","ast-main-header-display":"","ast-hfb-above-header-display":"","ast-hfb-below-header-display":"","ast-hfb-mobile-header-display":"","site-post-title":"","ast-breadcrumbs-content":"","ast-featured-img":"","footer-sml-layout":"","theme-transparent-header-meta":"","adv-header-id-meta":"","stick-header-meta":"","header-above-stick-meta":"","header-main-stick-meta":"","header-below-stick-meta":"","astra-migrate-meta-layouts":"default","ast-page-background-enabled":"default","ast-page-background-meta":{"desktop":{"background-color":"var(--ast-global-color-4)","background-image":"","background-repeat":"repeat","background-position":"center center","background-size":"auto","background-attachment":"scroll","background-type":"","background-media":"","overlay-type":"","overlay-color":"","overlay-opacity":"","overlay-gradient":""},"tablet":{"background-color":"","background-image":"","background-repeat":"repeat","background-position":"center center","background-size":"auto","background-attachment":"scroll","background-type":"","background-media":"","overlay-type":"","overlay-color":"","overlay-opacity":"","overlay-gradient":""},"mobile":{"background-color":"","background-image":"","background-repeat":"repeat","background-position":"center center","background-size":"auto","background-attachment":"scroll","background-type":"","background-media":"","overlay-type":"","overlay-color":"","overlay-opacity":"","overlay-gradient":""}},"ast-content-background-meta":{"desktop":{"background-color":"var(--ast-global-color-5)","background-image":"","background-repeat":"repeat","background-position":"center center","background-size":"auto","background-attachment":"scroll","background-type":"","background-media":"","overlay-type":"","overlay-color":"","overlay-opacity":"","overlay-gradient":""},"tablet":{"background-color":"var(--ast-global-color-5)","background-image":"","background-repeat":"repeat","background-position":"center center","background-size":"auto","background-attachment":"scroll","background-type":"","background-media":"","overlay-type":"","overlay-color":"","overlay-opacity":"","overlay-gradient":""},"mobile":{"background-color":"var(--ast-global-color-5)","background-image":"","background-repeat":"repeat","background-position":"center center","background-size":"auto","background-attachment":"scroll","background-type":"","background-media":"","overlay-type":"","overlay-color":"","overlay-opacity":"","overlay-gradient":""}},"footnotes":""},"categories":[92,1,29],"tags":[],"class_list":["post-4777","post","type-post","status-publish","format-standard","has-post-thumbnail","hentry","category-biblioteca","category-general","category-portada"],"post_mailing_queue_ids":[],"_links":{"self":[{"href":"https:\/\/agora.xtec.cat\/iesalfacs\/wp-json\/wp\/v2\/posts\/4777","targetHints":{"allow":["GET"]}}],"collection":[{"href":"https:\/\/agora.xtec.cat\/iesalfacs\/wp-json\/wp\/v2\/posts"}],"about":[{"href":"https:\/\/agora.xtec.cat\/iesalfacs\/wp-json\/wp\/v2\/types\/post"}],"author":[{"embeddable":true,"href":"https:\/\/agora.xtec.cat\/iesalfacs\/wp-json\/wp\/v2\/users\/108"}],"replies":[{"embeddable":true,"href":"https:\/\/agora.xtec.cat\/iesalfacs\/wp-json\/wp\/v2\/comments?post=4777"}],"version-history":[{"count":3,"href":"https:\/\/agora.xtec.cat\/iesalfacs\/wp-json\/wp\/v2\/posts\/4777\/revisions"}],"predecessor-version":[{"id":4794,"href":"https:\/\/agora.xtec.cat\/iesalfacs\/wp-json\/wp\/v2\/posts\/4777\/revisions\/4794"}],"wp:featuredmedia":[{"embeddable":true,"href":"https:\/\/agora.xtec.cat\/iesalfacs\/wp-json\/wp\/v2\/media\/4792"}],"wp:attachment":[{"href":"https:\/\/agora.xtec.cat\/iesalfacs\/wp-json\/wp\/v2\/media?parent=4777"}],"wp:term":[{"taxonomy":"category","embeddable":true,"href":"https:\/\/agora.xtec.cat\/iesalfacs\/wp-json\/wp\/v2\/categories?post=4777"},{"taxonomy":"post_tag","embeddable":true,"href":"https:\/\/agora.xtec.cat\/iesalfacs\/wp-json\/wp\/v2\/tags?post=4777"}],"curies":[{"name":"wp","href":"https:\/\/api.w.org\/{rel}","templated":true}]}}