{"id":4716,"date":"2021-09-26T21:03:05","date_gmt":"2021-09-26T19:03:05","guid":{"rendered":"https:\/\/agora.xtec.cat\/iesalfacs\/?p=4716"},"modified":"2021-09-27T07:24:19","modified_gmt":"2021-09-27T05:24:19","slug":"vi-nit-de-lensenyament-a-lasm","status":"publish","type":"post","link":"https:\/\/agora.xtec.cat\/iesalfacs\/general\/vi-nit-de-lensenyament-a-lasm\/","title":{"rendered":"VI NIT DE L&#8217;ENSENYAMENT A L&#8217;ASM"},"content":{"rendered":"<p>El proppassat divendres 10 de setembre a la nit es va celebrar la VI Nit de l&#8217;Ensenyament a l&#8217;auditori Sixto Mir de la R\u00e0pita.<\/p>\n<p>Es tracta d&#8217;un acte on es fan reconeixements i homenatges a tots aquells alumnes que hagin destacat per algun premi o reconeixement de talent i tamb\u00e9 al professorat que aquell any es jubila tant dels centres de prim\u00e0ria (Carles III, Horta Vella i Sagrada Fam\u00edlia) com dels de secund\u00e0ria (INS Els Alfacs i escola d&#8217;Aq\u00fcicultura).<\/p>\n<p>Cal destacar els tres alumnes de l&#8217;INS Els Alfacs que van ser homenatjats per haver estat els alumnes que han obtingut matr\u00edcula d&#8217;honor el curs 20-21: David Brunet Izquierdo,\u00a0 Yuxing\u00a0 Li<span style=\"color: #000000; font-family: Calibri;\"> i <\/span>Anna Sans Alfara.<\/p>\n<p>Tamb\u00e9 els alumnes de 3r ESO E del curs 2020-21 que van ser premiats a la XIV Edici\u00f3 del Premi Federico Mayor Zaragoza sota la tem\u00e0tica &#8220;Sostenibilitat i consum responsable&#8221; amb el v\u00eddeo RRReciclatgeman: \u00c0lex Abella, Tarek Djemmah, Marc Hetherington i Vasile Zancu.<\/p>\n<p>D&#8217;altra banda, Mar Pitarch Brunet va rebre el reconeixement de la regidora d&#8217;Educaci\u00f3 \u00c8rika Ferrater i tamb\u00e9 de l&#8217;alcalde Josep Caparr\u00f2s per haver estat premiada per la URV amb el premi &#8220;Gerard Verg\u00e9s&#8221; de treballs de recerca. El t\u00edtol del treball \u00e9s El club Sant Jordi.<\/p>\n<p>A m\u00e9s, els professors Cinta Costa i Carles Roset tamb\u00e9 van rebre un reconeixement com a professors jubilats el curs 2020-21.<\/p>\n<p><img loading=\"lazy\" decoding=\"async\" class=\"aligncenter\" src=\"https:\/\/agora.xtec.cat\/iesalfacs\/wp-content\/uploads\/usu209\/2021\/09\/IMG_20210917_204353-1-scaled.jpg\" width=\"680\" height=\"510\" \/><\/p>\n<p>&nbsp;<\/p>\n","protected":false},"excerpt":{"rendered":"<p>El proppassat divendres 10 de setembre a la nit es va celebrar la VI Nit de l&#8217;Ensenyament a l&#8217;auditori Sixto Mir de la R\u00e0pita. Es tracta d&#8217;un acte on es fan reconeixements i homenatges a tots aquells alumnes que hagin destacat per algun premi o reconeixement de talent i tamb\u00e9 al professorat que aquell any [&hellip;]<\/p>\n","protected":false},"author":7,"featured_media":4717,"comment_status":"open","ping_status":"closed","sticky":false,"template":"","format":"standard","meta":{"_bbp_topic_count":0,"_bbp_reply_count":0,"_bbp_total_topic_count":0,"_bbp_total_reply_count":0,"_bbp_voice_count":0,"_bbp_anonymous_reply_count":0,"_bbp_topic_count_hidden":0,"_bbp_reply_count_hidden":0,"_bbp_forum_subforum_count":0,"site-sidebar-layout":"default","site-content-layout":"","ast-site-content-layout":"","site-content-style":"default","site-sidebar-style":"default","ast-global-header-display":"","ast-banner-title-visibility":"","ast-main-header-display":"","ast-hfb-above-header-display":"","ast-hfb-below-header-display":"","ast-hfb-mobile-header-display":"","site-post-title":"","ast-breadcrumbs-content":"","ast-featured-img":"","footer-sml-layout":"","theme-transparent-header-meta":"","adv-header-id-meta":"","stick-header-meta":"","header-above-stick-meta":"","header-main-stick-meta":"","header-below-stick-meta":"","astra-migrate-meta-layouts":"default","ast-page-background-enabled":"default","ast-page-background-meta":{"desktop":{"background-color":"var(--ast-global-color-4)","background-image":"","background-repeat":"repeat","background-position":"center center","background-size":"auto","background-attachment":"scroll","background-type":"","background-media":"","overlay-type":"","overlay-color":"","overlay-opacity":"","overlay-gradient":""},"tablet":{"background-color":"","background-image":"","background-repeat":"repeat","background-position":"center center","background-size":"auto","background-attachment":"scroll","background-type":"","background-media":"","overlay-type":"","overlay-color":"","overlay-opacity":"","overlay-gradient":""},"mobile":{"background-color":"","background-image":"","background-repeat":"repeat","background-position":"center center","background-size":"auto","background-attachment":"scroll","background-type":"","background-media":"","overlay-type":"","overlay-color":"","overlay-opacity":"","overlay-gradient":""}},"ast-content-background-meta":{"desktop":{"background-color":"var(--ast-global-color-5)","background-image":"","background-repeat":"repeat","background-position":"center center","background-size":"auto","background-attachment":"scroll","background-type":"","background-media":"","overlay-type":"","overlay-color":"","overlay-opacity":"","overlay-gradient":""},"tablet":{"background-color":"var(--ast-global-color-5)","background-image":"","background-repeat":"repeat","background-position":"center center","background-size":"auto","background-attachment":"scroll","background-type":"","background-media":"","overlay-type":"","overlay-color":"","overlay-opacity":"","overlay-gradient":""},"mobile":{"background-color":"var(--ast-global-color-5)","background-image":"","background-repeat":"repeat","background-position":"center center","background-size":"auto","background-attachment":"scroll","background-type":"","background-media":"","overlay-type":"","overlay-color":"","overlay-opacity":"","overlay-gradient":""}},"footnotes":""},"categories":[1,29],"tags":[],"class_list":["post-4716","post","type-post","status-publish","format-standard","has-post-thumbnail","hentry","category-general","category-portada"],"post_mailing_queue_ids":[],"_links":{"self":[{"href":"https:\/\/agora.xtec.cat\/iesalfacs\/wp-json\/wp\/v2\/posts\/4716","targetHints":{"allow":["GET"]}}],"collection":[{"href":"https:\/\/agora.xtec.cat\/iesalfacs\/wp-json\/wp\/v2\/posts"}],"about":[{"href":"https:\/\/agora.xtec.cat\/iesalfacs\/wp-json\/wp\/v2\/types\/post"}],"author":[{"embeddable":true,"href":"https:\/\/agora.xtec.cat\/iesalfacs\/wp-json\/wp\/v2\/users\/7"}],"replies":[{"embeddable":true,"href":"https:\/\/agora.xtec.cat\/iesalfacs\/wp-json\/wp\/v2\/comments?post=4716"}],"version-history":[{"count":3,"href":"https:\/\/agora.xtec.cat\/iesalfacs\/wp-json\/wp\/v2\/posts\/4716\/revisions"}],"predecessor-version":[{"id":4721,"href":"https:\/\/agora.xtec.cat\/iesalfacs\/wp-json\/wp\/v2\/posts\/4716\/revisions\/4721"}],"wp:featuredmedia":[{"embeddable":true,"href":"https:\/\/agora.xtec.cat\/iesalfacs\/wp-json\/wp\/v2\/media\/4717"}],"wp:attachment":[{"href":"https:\/\/agora.xtec.cat\/iesalfacs\/wp-json\/wp\/v2\/media?parent=4716"}],"wp:term":[{"taxonomy":"category","embeddable":true,"href":"https:\/\/agora.xtec.cat\/iesalfacs\/wp-json\/wp\/v2\/categories?post=4716"},{"taxonomy":"post_tag","embeddable":true,"href":"https:\/\/agora.xtec.cat\/iesalfacs\/wp-json\/wp\/v2\/tags?post=4716"}],"curies":[{"name":"wp","href":"https:\/\/api.w.org\/{rel}","templated":true}]}}