{"id":4634,"date":"2021-06-20T22:08:35","date_gmt":"2021-06-20T20:08:35","guid":{"rendered":"https:\/\/agora.xtec.cat\/iesalfacs\/?p=4634"},"modified":"2021-06-20T22:08:35","modified_gmt":"2021-06-20T20:08:35","slug":"treballs-de-sintesi-i-projectes-de-recerca-2021","status":"publish","type":"post","link":"https:\/\/agora.xtec.cat\/iesalfacs\/general\/treballs-de-sintesi-i-projectes-de-recerca-2021\/","title":{"rendered":"TREBALLS DE S\u00cdNTESI I PROJECTES DE RECERCA 2021"},"content":{"rendered":"<p>Durant la setmana del 8 a l&#8217;11 de juny l&#8217;alumnat ha estat realitzant els Treballs de S\u00edntesi i el Projecte de Recerca. Tots els treballs estan relacionats amb la R\u00e0pita (la poblaci\u00f3, el Delta, la muntanya i temes m\u00e9s concrets). L&#8217;alumnat SIEI, amb l&#8217;ajuda de la professora M\u00edriam Roca, han decorat el vest\u00edbul amb aquesta tem\u00e0tica dintre del Projecte art\u00edstic.<\/p>\n<p>&nbsp;<\/p>\n<p><img loading=\"lazy\" decoding=\"async\" class=\"attachment-266x266  aligncenter\" src=\"https:\/\/agora.xtec.cat\/iesalfacs\/wp-content\/uploads\/usu209\/2021\/06\/CollageMaker_20210620_215923679-min.jpg\" sizes=\"auto, (max-width: 213px) 100vw, 213px\" srcset=\"https:\/\/agora.xtec.cat\/iesalfacs\/wp-content\/uploads\/usu209\/2021\/06\/CollageMaker_20210620_215923679-min.jpg 4096w, https:\/\/agora.xtec.cat\/iesalfacs\/wp-content\/uploads\/usu209\/2021\/06\/CollageMaker_20210620_215923679-min-240x300.jpg 240w, https:\/\/agora.xtec.cat\/iesalfacs\/wp-content\/uploads\/usu209\/2021\/06\/CollageMaker_20210620_215923679-min-768x960.jpg 768w, https:\/\/agora.xtec.cat\/iesalfacs\/wp-content\/uploads\/usu209\/2021\/06\/CollageMaker_20210620_215923679-min-819x1024.jpg 819w\" alt=\"\" width=\"463\" height=\"582\" \/><\/p>\n","protected":false},"excerpt":{"rendered":"<p>Durant la setmana del 8 a l&#8217;11 de juny l&#8217;alumnat ha estat realitzant els Treballs de S\u00edntesi i el Projecte de Recerca. Tots els treballs estan relacionats amb la R\u00e0pita (la poblaci\u00f3, el Delta, la muntanya i temes m\u00e9s concrets). L&#8217;alumnat SIEI, amb l&#8217;ajuda de la professora M\u00edriam Roca, han decorat el vest\u00edbul amb aquesta [&hellip;]<\/p>\n","protected":false},"author":7,"featured_media":4635,"comment_status":"open","ping_status":"closed","sticky":false,"template":"","format":"standard","meta":{"_bbp_topic_count":0,"_bbp_reply_count":0,"_bbp_total_topic_count":0,"_bbp_total_reply_count":0,"_bbp_voice_count":0,"_bbp_anonymous_reply_count":0,"_bbp_topic_count_hidden":0,"_bbp_reply_count_hidden":0,"_bbp_forum_subforum_count":0,"site-sidebar-layout":"default","site-content-layout":"","ast-site-content-layout":"","site-content-style":"default","site-sidebar-style":"default","ast-global-header-display":"","ast-banner-title-visibility":"","ast-main-header-display":"","ast-hfb-above-header-display":"","ast-hfb-below-header-display":"","ast-hfb-mobile-header-display":"","site-post-title":"","ast-breadcrumbs-content":"","ast-featured-img":"","footer-sml-layout":"","theme-transparent-header-meta":"","adv-header-id-meta":"","stick-header-meta":"","header-above-stick-meta":"","header-main-stick-meta":"","header-below-stick-meta":"","astra-migrate-meta-layouts":"default","ast-page-background-enabled":"default","ast-page-background-meta":{"desktop":{"background-color":"var(--ast-global-color-4)","background-image":"","background-repeat":"repeat","background-position":"center center","background-size":"auto","background-attachment":"scroll","background-type":"","background-media":"","overlay-type":"","overlay-color":"","overlay-opacity":"","overlay-gradient":""},"tablet":{"background-color":"","background-image":"","background-repeat":"repeat","background-position":"center center","background-size":"auto","background-attachment":"scroll","background-type":"","background-media":"","overlay-type":"","overlay-color":"","overlay-opacity":"","overlay-gradient":""},"mobile":{"background-color":"","background-image":"","background-repeat":"repeat","background-position":"center center","background-size":"auto","background-attachment":"scroll","background-type":"","background-media":"","overlay-type":"","overlay-color":"","overlay-opacity":"","overlay-gradient":""}},"ast-content-background-meta":{"desktop":{"background-color":"var(--ast-global-color-5)","background-image":"","background-repeat":"repeat","background-position":"center center","background-size":"auto","background-attachment":"scroll","background-type":"","background-media":"","overlay-type":"","overlay-color":"","overlay-opacity":"","overlay-gradient":""},"tablet":{"background-color":"var(--ast-global-color-5)","background-image":"","background-repeat":"repeat","background-position":"center center","background-size":"auto","background-attachment":"scroll","background-type":"","background-media":"","overlay-type":"","overlay-color":"","overlay-opacity":"","overlay-gradient":""},"mobile":{"background-color":"var(--ast-global-color-5)","background-image":"","background-repeat":"repeat","background-position":"center center","background-size":"auto","background-attachment":"scroll","background-type":"","background-media":"","overlay-type":"","overlay-color":"","overlay-opacity":"","overlay-gradient":""}},"footnotes":""},"categories":[1,29],"tags":[],"class_list":["post-4634","post","type-post","status-publish","format-standard","has-post-thumbnail","hentry","category-general","category-portada"],"post_mailing_queue_ids":[],"_links":{"self":[{"href":"https:\/\/agora.xtec.cat\/iesalfacs\/wp-json\/wp\/v2\/posts\/4634","targetHints":{"allow":["GET"]}}],"collection":[{"href":"https:\/\/agora.xtec.cat\/iesalfacs\/wp-json\/wp\/v2\/posts"}],"about":[{"href":"https:\/\/agora.xtec.cat\/iesalfacs\/wp-json\/wp\/v2\/types\/post"}],"author":[{"embeddable":true,"href":"https:\/\/agora.xtec.cat\/iesalfacs\/wp-json\/wp\/v2\/users\/7"}],"replies":[{"embeddable":true,"href":"https:\/\/agora.xtec.cat\/iesalfacs\/wp-json\/wp\/v2\/comments?post=4634"}],"version-history":[{"count":1,"href":"https:\/\/agora.xtec.cat\/iesalfacs\/wp-json\/wp\/v2\/posts\/4634\/revisions"}],"predecessor-version":[{"id":4636,"href":"https:\/\/agora.xtec.cat\/iesalfacs\/wp-json\/wp\/v2\/posts\/4634\/revisions\/4636"}],"wp:featuredmedia":[{"embeddable":true,"href":"https:\/\/agora.xtec.cat\/iesalfacs\/wp-json\/wp\/v2\/media\/4635"}],"wp:attachment":[{"href":"https:\/\/agora.xtec.cat\/iesalfacs\/wp-json\/wp\/v2\/media?parent=4634"}],"wp:term":[{"taxonomy":"category","embeddable":true,"href":"https:\/\/agora.xtec.cat\/iesalfacs\/wp-json\/wp\/v2\/categories?post=4634"},{"taxonomy":"post_tag","embeddable":true,"href":"https:\/\/agora.xtec.cat\/iesalfacs\/wp-json\/wp\/v2\/tags?post=4634"}],"curies":[{"name":"wp","href":"https:\/\/api.w.org\/{rel}","templated":true}]}}