{"id":4616,"date":"2021-06-15T00:22:19","date_gmt":"2021-06-14T22:22:19","guid":{"rendered":"https:\/\/agora.xtec.cat\/iesalfacs\/?p=4616"},"modified":"2021-06-20T23:07:57","modified_gmt":"2021-06-20T21:07:57","slug":"lenquadrat-de-lins-els-alfacs-a-canal-21","status":"publish","type":"post","link":"https:\/\/agora.xtec.cat\/iesalfacs\/general\/lenquadrat-de-lins-els-alfacs-a-canal-21\/","title":{"rendered":"L&#8217;ENQUADRA&#8217;T DE L&#8217;INS ELS ALFACS A CANAL 21"},"content":{"rendered":"<p>Mamen Garcia<\/p>\n<p class=\"Standard\">Divendres 28 de maig, dos membres de l\u2019institut van ser not\u00edcia al programa <a href=\"https:\/\/www.canal21ebre.com\/2021\/05\/29\/districte-21-28-de-maig-del-2021\/\">\u00abDistricte 21\u00bb, presentat per Tere Valldep\u00e9rez, del Canal 21 Ebre.<\/a><\/p>\n<p class=\"Standard\">Sara Gavil\u00e1n, guanyadora per segon any consecutiu de l\u2019Enquadra\u2019t , representava els alumnes que any rere any participen en aquest concurs organitzat pel departament de Ci\u00e8ncies Socials.<\/p>\n<p class=\"Standard\">No\u00e8lia Borr\u00e0s, com a cap d\u2019estudis de l\u2019Institut Els Alfacs, explicava la vuitena edici\u00f3 de l\u2019Enquadra\u2019t. Un concurs on els alumnes reprodueixen diverses obres pict\u00f2riques. D\u2019una manera molt m\u00e9s competencial s\u2019apropa l\u2019art als adolescents.<\/p>\n<p><a href=\"https:\/\/agora.xtec.cat\/iesalfacs\/wp-content\/uploads\/usu209\/2021\/06\/foto-canal-21-ebre.jpg\"><img loading=\"lazy\" decoding=\"async\" class=\"wp-image-4617 aligncenter\" src=\"https:\/\/agora.xtec.cat\/iesalfacs\/wp-content\/uploads\/usu209\/2021\/06\/foto-canal-21-ebre-1024x461.jpg\" alt=\"\" width=\"619\" height=\"279\" srcset=\"https:\/\/agora.xtec.cat\/iesalfacs\/wp-content\/uploads\/usu209\/2021\/06\/foto-canal-21-ebre-1024x461.jpg 1024w, https:\/\/agora.xtec.cat\/iesalfacs\/wp-content\/uploads\/usu209\/2021\/06\/foto-canal-21-ebre-300x135.jpg 300w, https:\/\/agora.xtec.cat\/iesalfacs\/wp-content\/uploads\/usu209\/2021\/06\/foto-canal-21-ebre-768x346.jpg 768w, https:\/\/agora.xtec.cat\/iesalfacs\/wp-content\/uploads\/usu209\/2021\/06\/foto-canal-21-ebre.jpg 2000w\" sizes=\"auto, (max-width: 619px) 100vw, 619px\" \/><\/a><\/p>\n<p class=\"Standard\" style=\"text-align: right;\" align=\"right\">\n","protected":false},"excerpt":{"rendered":"<p>Mamen Garcia Divendres 28 de maig, dos membres de l\u2019institut van ser not\u00edcia al programa \u00abDistricte 21\u00bb, presentat per Tere Valldep\u00e9rez, del Canal 21 Ebre. Sara Gavil\u00e1n, guanyadora per segon any consecutiu de l\u2019Enquadra\u2019t , representava els alumnes que any rere any participen en aquest concurs organitzat pel departament de Ci\u00e8ncies Socials. No\u00e8lia Borr\u00e0s, com [&hellip;]<\/p>\n","protected":false},"author":7,"featured_media":4617,"comment_status":"open","ping_status":"closed","sticky":false,"template":"","format":"standard","meta":{"_bbp_topic_count":0,"_bbp_reply_count":0,"_bbp_total_topic_count":0,"_bbp_total_reply_count":0,"_bbp_voice_count":0,"_bbp_anonymous_reply_count":0,"_bbp_topic_count_hidden":0,"_bbp_reply_count_hidden":0,"_bbp_forum_subforum_count":0,"site-sidebar-layout":"default","site-content-layout":"","ast-site-content-layout":"","site-content-style":"default","site-sidebar-style":"default","ast-global-header-display":"","ast-banner-title-visibility":"","ast-main-header-display":"","ast-hfb-above-header-display":"","ast-hfb-below-header-display":"","ast-hfb-mobile-header-display":"","site-post-title":"","ast-breadcrumbs-content":"","ast-featured-img":"","footer-sml-layout":"","theme-transparent-header-meta":"","adv-header-id-meta":"","stick-header-meta":"","header-above-stick-meta":"","header-main-stick-meta":"","header-below-stick-meta":"","astra-migrate-meta-layouts":"default","ast-page-background-enabled":"default","ast-page-background-meta":{"desktop":{"background-color":"var(--ast-global-color-4)","background-image":"","background-repeat":"repeat","background-position":"center center","background-size":"auto","background-attachment":"scroll","background-type":"","background-media":"","overlay-type":"","overlay-color":"","overlay-opacity":"","overlay-gradient":""},"tablet":{"background-color":"","background-image":"","background-repeat":"repeat","background-position":"center center","background-size":"auto","background-attachment":"scroll","background-type":"","background-media":"","overlay-type":"","overlay-color":"","overlay-opacity":"","overlay-gradient":""},"mobile":{"background-color":"","background-image":"","background-repeat":"repeat","background-position":"center center","background-size":"auto","background-attachment":"scroll","background-type":"","background-media":"","overlay-type":"","overlay-color":"","overlay-opacity":"","overlay-gradient":""}},"ast-content-background-meta":{"desktop":{"background-color":"var(--ast-global-color-5)","background-image":"","background-repeat":"repeat","background-position":"center center","background-size":"auto","background-attachment":"scroll","background-type":"","background-media":"","overlay-type":"","overlay-color":"","overlay-opacity":"","overlay-gradient":""},"tablet":{"background-color":"var(--ast-global-color-5)","background-image":"","background-repeat":"repeat","background-position":"center center","background-size":"auto","background-attachment":"scroll","background-type":"","background-media":"","overlay-type":"","overlay-color":"","overlay-opacity":"","overlay-gradient":""},"mobile":{"background-color":"var(--ast-global-color-5)","background-image":"","background-repeat":"repeat","background-position":"center center","background-size":"auto","background-attachment":"scroll","background-type":"","background-media":"","overlay-type":"","overlay-color":"","overlay-opacity":"","overlay-gradient":""}},"footnotes":""},"categories":[1,29],"tags":[],"class_list":["post-4616","post","type-post","status-publish","format-standard","has-post-thumbnail","hentry","category-general","category-portada"],"post_mailing_queue_ids":[],"_links":{"self":[{"href":"https:\/\/agora.xtec.cat\/iesalfacs\/wp-json\/wp\/v2\/posts\/4616","targetHints":{"allow":["GET"]}}],"collection":[{"href":"https:\/\/agora.xtec.cat\/iesalfacs\/wp-json\/wp\/v2\/posts"}],"about":[{"href":"https:\/\/agora.xtec.cat\/iesalfacs\/wp-json\/wp\/v2\/types\/post"}],"author":[{"embeddable":true,"href":"https:\/\/agora.xtec.cat\/iesalfacs\/wp-json\/wp\/v2\/users\/7"}],"replies":[{"embeddable":true,"href":"https:\/\/agora.xtec.cat\/iesalfacs\/wp-json\/wp\/v2\/comments?post=4616"}],"version-history":[{"count":3,"href":"https:\/\/agora.xtec.cat\/iesalfacs\/wp-json\/wp\/v2\/posts\/4616\/revisions"}],"predecessor-version":[{"id":4646,"href":"https:\/\/agora.xtec.cat\/iesalfacs\/wp-json\/wp\/v2\/posts\/4616\/revisions\/4646"}],"wp:featuredmedia":[{"embeddable":true,"href":"https:\/\/agora.xtec.cat\/iesalfacs\/wp-json\/wp\/v2\/media\/4617"}],"wp:attachment":[{"href":"https:\/\/agora.xtec.cat\/iesalfacs\/wp-json\/wp\/v2\/media?parent=4616"}],"wp:term":[{"taxonomy":"category","embeddable":true,"href":"https:\/\/agora.xtec.cat\/iesalfacs\/wp-json\/wp\/v2\/categories?post=4616"},{"taxonomy":"post_tag","embeddable":true,"href":"https:\/\/agora.xtec.cat\/iesalfacs\/wp-json\/wp\/v2\/tags?post=4616"}],"curies":[{"name":"wp","href":"https:\/\/api.w.org\/{rel}","templated":true}]}}