{"id":4492,"date":"2021-05-01T10:13:05","date_gmt":"2021-05-01T08:13:05","guid":{"rendered":"https:\/\/agora.xtec.cat\/iesalfacs\/?p=4492"},"modified":"2021-05-04T23:33:40","modified_gmt":"2021-05-04T21:33:40","slug":"joan-b-beltran-i-els-deportats-republicans-rapitencs","status":"publish","type":"post","link":"https:\/\/agora.xtec.cat\/iesalfacs\/general\/joan-b-beltran-i-els-deportats-republicans-rapitencs\/","title":{"rendered":"JOAN B. BELTRAN I ELS DEPORTATS REPUBLICANS RAPITENCS"},"content":{"rendered":"<p>Mar Pitarch<\/p>\n<p>Joan B. Beltran Reverter \u00e9s un recuperador de la mem\u00f2ria hist\u00f2rica i es pot dir que s&#8217;ha especialitzat en l&#8217;estudi dels deportats republicans de les Terres de l&#8217;Ebre als camps d&#8217;extermini nazis. Beltran explica la causa per la qual els republicans fan cap als camps d&#8217;extermini nazis. Concretament, tot comen\u00e7a quan a mitjans del mes d&#8217;abril del 1938 les tropes franquistes entraven\u00a0 als pobles de la comarca Montsi\u00e0 i tamb\u00e9\u00a0 la ve\u00efna del Baix Maestrat (en concret, Vinar\u00f2s) i trencant el front republic\u00e0 en dos tot provocant l&#8217;a\u00efllament de Catalunya i de la resta de l&#8217;Estat espanyol. Aix\u00ed, molts emprenen una fugida accelerada cap a l&#8217;exili sobretot arran de la desfeta de la batalla de l&#8217;Ebre i que acaba al novembre del 1938. En tots aquests fets hist\u00f2rics trobem hist\u00f2ries de patiment i de lluita per sobreviure. Hist\u00f2ries properes per\u00f2 sovint invisibilitzades o ignorades en l&#8217;actualitat i que Beltran vol fer-les presents entre nosaltres els j\u00f3vens per tal de poder completar aquesta part de la nostra hist\u00f2ria.<\/p>\n<p>Aix\u00ed, el passat 30 d\u2019abril l\u2019historiador canareu Joan B. Beltran Reverter va oferir-nos als alumnes de 2n de Batxillerat una interessant xarrada sobre els cinc rapitencs que foren deportats als camps d\u2019extermini nazi. Beltran va fer un breu rep\u00e0s a diversos aspectes biogr\u00e0fics de cadascun d\u2019ells i com va ser el seu tr\u00e0gic pas per aquells camps dels quals no va poder sortir-ne cap en vida. A la xarrada Beltran va contextualitzar-nos aquella \u00e8poca i va mostrar-nos imatges dels horrors que es van viure en aquells camps de la mort.<\/p>\n<p>El noms dels deportats rapitencs dels quals va parlar Beltran foren:<\/p>\n<p>-Miquel Carles Escrihuela, &#8220;Miquel de Sol&#8221;.<\/p>\n<p>-Pere Gras Revert\u00e9, &#8220;Lo Roig del Maro&#8221;.<\/p>\n<p>-Francesc Cera Castell\u00e0, &#8220;Cera&#8221;.<\/p>\n<p>-Carles Navarro Valldep\u00e9rez, &#8220;Valldejocs&#8221;.<\/p>\n<p>-Manuel Garc\u00eda Mart\u00edn, que tot i no haver nascut a la R\u00e0pita va morir el 1974 i est\u00e0 enterrat al cementeri del nostre poble.<\/p>\n<p><img loading=\"lazy\" decoding=\"async\" class=\"aligncenter\" src=\"https:\/\/agora.xtec.cat\/iesalfacs\/wp-content\/uploads\/usu209\/2021\/05\/IMG-20210430-WA0011-1.jpg\" width=\"367\" height=\"275\" \/><\/p>\n<p>&nbsp;<\/p>\n","protected":false},"excerpt":{"rendered":"<p>Mar Pitarch Joan B. Beltran Reverter \u00e9s un recuperador de la mem\u00f2ria hist\u00f2rica i es pot dir que s&#8217;ha especialitzat en l&#8217;estudi dels deportats republicans de les Terres de l&#8217;Ebre als camps d&#8217;extermini nazis. Beltran explica la causa per la qual els republicans fan cap als camps d&#8217;extermini nazis. Concretament, tot comen\u00e7a quan a mitjans [&hellip;]<\/p>\n","protected":false},"author":7,"featured_media":4494,"comment_status":"open","ping_status":"closed","sticky":false,"template":"","format":"standard","meta":{"_bbp_topic_count":0,"_bbp_reply_count":0,"_bbp_total_topic_count":0,"_bbp_total_reply_count":0,"_bbp_voice_count":0,"_bbp_anonymous_reply_count":0,"_bbp_topic_count_hidden":0,"_bbp_reply_count_hidden":0,"_bbp_forum_subforum_count":0,"site-sidebar-layout":"default","site-content-layout":"","ast-site-content-layout":"","site-content-style":"default","site-sidebar-style":"default","ast-global-header-display":"","ast-banner-title-visibility":"","ast-main-header-display":"","ast-hfb-above-header-display":"","ast-hfb-below-header-display":"","ast-hfb-mobile-header-display":"","site-post-title":"","ast-breadcrumbs-content":"","ast-featured-img":"","footer-sml-layout":"","theme-transparent-header-meta":"","adv-header-id-meta":"","stick-header-meta":"","header-above-stick-meta":"","header-main-stick-meta":"","header-below-stick-meta":"","astra-migrate-meta-layouts":"default","ast-page-background-enabled":"default","ast-page-background-meta":{"desktop":{"background-color":"var(--ast-global-color-4)","background-image":"","background-repeat":"repeat","background-position":"center center","background-size":"auto","background-attachment":"scroll","background-type":"","background-media":"","overlay-type":"","overlay-color":"","overlay-opacity":"","overlay-gradient":""},"tablet":{"background-color":"","background-image":"","background-repeat":"repeat","background-position":"center center","background-size":"auto","background-attachment":"scroll","background-type":"","background-media":"","overlay-type":"","overlay-color":"","overlay-opacity":"","overlay-gradient":""},"mobile":{"background-color":"","background-image":"","background-repeat":"repeat","background-position":"center center","background-size":"auto","background-attachment":"scroll","background-type":"","background-media":"","overlay-type":"","overlay-color":"","overlay-opacity":"","overlay-gradient":""}},"ast-content-background-meta":{"desktop":{"background-color":"var(--ast-global-color-5)","background-image":"","background-repeat":"repeat","background-position":"center center","background-size":"auto","background-attachment":"scroll","background-type":"","background-media":"","overlay-type":"","overlay-color":"","overlay-opacity":"","overlay-gradient":""},"tablet":{"background-color":"var(--ast-global-color-5)","background-image":"","background-repeat":"repeat","background-position":"center center","background-size":"auto","background-attachment":"scroll","background-type":"","background-media":"","overlay-type":"","overlay-color":"","overlay-opacity":"","overlay-gradient":""},"mobile":{"background-color":"var(--ast-global-color-5)","background-image":"","background-repeat":"repeat","background-position":"center center","background-size":"auto","background-attachment":"scroll","background-type":"","background-media":"","overlay-type":"","overlay-color":"","overlay-opacity":"","overlay-gradient":""}},"footnotes":""},"categories":[1,29],"tags":[],"class_list":["post-4492","post","type-post","status-publish","format-standard","has-post-thumbnail","hentry","category-general","category-portada"],"post_mailing_queue_ids":[],"_links":{"self":[{"href":"https:\/\/agora.xtec.cat\/iesalfacs\/wp-json\/wp\/v2\/posts\/4492","targetHints":{"allow":["GET"]}}],"collection":[{"href":"https:\/\/agora.xtec.cat\/iesalfacs\/wp-json\/wp\/v2\/posts"}],"about":[{"href":"https:\/\/agora.xtec.cat\/iesalfacs\/wp-json\/wp\/v2\/types\/post"}],"author":[{"embeddable":true,"href":"https:\/\/agora.xtec.cat\/iesalfacs\/wp-json\/wp\/v2\/users\/7"}],"replies":[{"embeddable":true,"href":"https:\/\/agora.xtec.cat\/iesalfacs\/wp-json\/wp\/v2\/comments?post=4492"}],"version-history":[{"count":3,"href":"https:\/\/agora.xtec.cat\/iesalfacs\/wp-json\/wp\/v2\/posts\/4492\/revisions"}],"predecessor-version":[{"id":4505,"href":"https:\/\/agora.xtec.cat\/iesalfacs\/wp-json\/wp\/v2\/posts\/4492\/revisions\/4505"}],"wp:featuredmedia":[{"embeddable":true,"href":"https:\/\/agora.xtec.cat\/iesalfacs\/wp-json\/wp\/v2\/media\/4494"}],"wp:attachment":[{"href":"https:\/\/agora.xtec.cat\/iesalfacs\/wp-json\/wp\/v2\/media?parent=4492"}],"wp:term":[{"taxonomy":"category","embeddable":true,"href":"https:\/\/agora.xtec.cat\/iesalfacs\/wp-json\/wp\/v2\/categories?post=4492"},{"taxonomy":"post_tag","embeddable":true,"href":"https:\/\/agora.xtec.cat\/iesalfacs\/wp-json\/wp\/v2\/tags?post=4492"}],"curies":[{"name":"wp","href":"https:\/\/api.w.org\/{rel}","templated":true}]}}