{"id":4456,"date":"2021-04-25T20:49:15","date_gmt":"2021-04-25T18:49:15","guid":{"rendered":"https:\/\/agora.xtec.cat\/iesalfacs\/?p=4456"},"modified":"2021-04-29T00:01:41","modified_gmt":"2021-04-28T22:01:41","slug":"sant-jordi-2021-2","status":"publish","type":"post","link":"https:\/\/agora.xtec.cat\/iesalfacs\/general\/sant-jordi-2021-2\/","title":{"rendered":"SANT JORDI 2021"},"content":{"rendered":"<p>Tot i que enguany hem hagut de celebrar la diada de Sant Jordi de manera for\u00e7a restringida, cal destacar la participaci\u00f3 not\u00f2ria de l&#8217;alumnat (<strong>325 participants<\/strong>) en els diferents concursos i la qualitat de les obres premiades.<\/p>\n<p><img loading=\"lazy\" decoding=\"async\" class=\"aligncenter\" src=\"https:\/\/agora.xtec.cat\/iesalfacs\/wp-content\/uploads\/usu209\/2021\/04\/IMG-20210425-WA0036-1.jpg\" width=\"476\" height=\"595\" \/><\/p>\n<p>Cal fer una menci\u00f3 especial als alumnes <strong>SIEI <\/strong>que han col\u00b7laborat, com sempre activament, a la realitzaci\u00f3 de manualitats i productes per despr\u00e9s exposar a les paradetes (imans, punts de llibre, roses&#8230;); aix\u00ed com als alumnes de l&#8217;<strong>Aula d&#8217;Acollida<\/strong> que tamb\u00e9 han col\u00b7laborat activament en tota la preparaci\u00f3 de Sant Jordi (roses, punts de llibre, parada llibres&#8230;). D&#8217;altra banda, tamb\u00e9 cal destacar la participaci\u00f3 del grup de 4t d&#8217;ESO D (<strong>Edu Moceanu, Izan Cano, Ian Sabat\u00e9, Carlota Curto, Mayka Sol\u00e9, Miquel Vizcarro, Adam Hafich, H\u00e8ctor Cid i Mar Bayarri)<\/strong> que ens han tornat a ajudar a fer difusi\u00f3 de la festa i tamb\u00e9 s&#8217;han dedicat a fer punts de llibre.\u00a0 Molta agra\u00efts tamb\u00e9 als alumnes que van fer de presentadors:<strong> Carlota Curto i Jordan Pi\u00f1ol<\/strong> i <strong>Joana Salvad\u00f3 i Pau<\/strong> <strong>Izquierdo<\/strong>. Aix\u00ed com l&#8217;ajuda desinteressada i altruista del professor <strong>Carles Roset<\/strong>.<\/p>\n<p>A m\u00e9s, hem aconseguit recaptar <strong>285 euros de la venda<\/strong> de llibres solidaris i dels imans, punts de llibre i roses realitzats pels alumnes. Aquests diners es destinaran a dues associacions de la R\u00e0pita que han col\u00b7laborat en el projecte de 1r d&#8217;ESO: R\u00e0pita felina i Engrescats.<\/p>\n<p>A continuaci\u00f3 fem visibles els alumnes premiats en alguns dels concursos:<\/p>\n<p style=\"text-align: center;\"><strong><em><u>CONCURS DE LLENG\u00dcES ESTRANGERES<\/u><\/em><\/strong><\/p>\n<p>Els premiats en la categoria de <span style=\"text-decoration: underline;\"><strong>1r i 2n d&#8217;ESO<\/strong><\/span> de relat en angl\u00e8s i-o franc\u00e8s s\u00f3n:<\/p>\n<p><span style=\"font-weight: 400;\">El 2n premi \u00e9s per al relat <strong>\u201cThe swans\u201d<\/strong> de l\u2019alumna <strong>Marwa El Guerfi<\/strong> de 1r ESO E.<\/span><\/p>\n<p><span style=\"font-weight: 400;\">El 1r premi \u00e9s per al relat <strong>\u201cSt George\u201d<\/strong> d\u2019<strong>Ariadna Torres<\/strong> de 1r ESO D.<\/span><\/p>\n<p>Els premiats en la categoria de <span style=\"text-decoration: underline;\"><strong>3r i 4t d\u2019ESO<\/strong><\/span> de relat\u00a0 en angl\u00e8s i-o franc\u00e8s s\u00f3n:<\/p>\n<p>El 2n premi \u00e9s per al relat <strong>\u201cUnrequited love\u201d<\/strong> de <strong>MIREIA MORA<\/strong> DE 3r B<\/p>\n<p>El 1r premi \u00e9s per al relat <strong>\u201cFriendship, the most important thing in the world\u201d<\/strong> de <strong>MARTINA NAVARRO<\/strong> DE 3r E.<\/p>\n<p>Els premiats a <span style=\"text-decoration: underline;\"><strong>batxillerat<\/strong><\/span> s\u00f3n:<\/p>\n<p>El 1r\u00a0 PREMI \u00e9s per al relat en franc\u00e8s\u00a0 <strong>\u201cParis, capitale mondiale du tourisme\u201d<\/strong> de l\u2019alumna <strong>SARA BENJABBOUR<\/strong> de 1r batxillerat.<\/p>\n<p style=\"text-align: center;\"><strong><em><u>CONCURS DE LLENGUA CASTELLANA EN NARRATIVA I-O POESIA<\/u><\/em><\/strong><\/p>\n<p><span style=\"font-weight: 400;\">Els premiats en la categoria de <span style=\"text-decoration: underline;\"><strong>1r i 2n d\u2019ESO<\/strong><\/span> de relat o poesia en castell\u00e0 s\u00f3n:<\/span><\/p>\n<p><span style=\"font-weight: 400;\">El 2n premi \u00e9s per a l\u2019obra <\/span><b>\u201cAquel chico\u201d <\/b><span style=\"font-weight: 400;\">de <\/span><b>Laia Jim\u00e9nez<\/b><span style=\"font-weight: 400;\"> de 1r ESO E.<\/span><\/p>\n<p><span style=\"font-weight: 400;\">El 1r premi \u00e9s per a l\u2019obra <\/span><b>\u201cEl concurso del 23 de abril\u201d<\/b><span style=\"font-weight: 400;\"> d\u2019 <\/span><b>Anna Revert\u00e9<\/b><span style=\"font-weight: 400;\"> de 1r ESO E.<\/span><\/p>\n<p><span style=\"font-weight: 400;\">Menci\u00f3 especial a l\u2019alumne <\/span><b>Nil L\u00f3pez<\/b><span style=\"font-weight: 400;\"> que va guanyar el concurs literari final de curs 2019-20 li lliura <\/span><b>Ruth Clemente<\/b><span style=\"font-weight: 400;\">.<\/span><\/p>\n<p>Els premiats en la categoria de <span style=\"text-decoration: underline;\"><strong>3r i 4t d\u2019ESO<\/strong><\/span> de relat o poesia en castell\u00e0 s\u00f3n:<\/p>\n<p>El 2n premi \u00e9s per a <strong>LAIA OBIOL FERR\u00c0S <\/strong>de 3r ESO Damb el relat <strong>&#8220;Una sorpresa de muerte&#8221;<\/strong>.<\/p>\n<p>El 1r premi \u00e9s per a <strong>IRIS CARRILLO<\/strong> de 3r ESO C amb el relat <strong>&#8220;Rutina&#8221;<\/strong>.<\/p>\n<p>Els premiats a <strong><span style=\"text-decoration: underline;\">batxillerat<\/span><\/strong> s\u00f3n:<\/p>\n<p>El <strong>2n premi<\/strong> \u00e9s per a l\u2019alumna de 1r de batxillerat <strong>AMBAR L\u00d3PEZ-CHICHERI <\/strong>amb el relat<strong> &#8220;\u00bfPlacer o tortura?&#8221;<\/strong>\u00a0i el <strong>1r premi <\/strong>se l\u2019end\u00fa <strong>MARC REQUENA <\/strong>amb el relat <strong>&#8220;Sin saberlo eres mi amada&#8221;<\/strong> de 1r BATXILLERAT.<\/p>\n<p style=\"text-align: center;\"><strong><em><u>CONCURS DE LLENGUA CATALANA EN NARRATIVA I-O POESIA <\/u><\/em><\/strong><\/p>\n<p><span style=\"font-weight: 400;\">Els premiats en la categoria de <strong><span style=\"text-decoration: underline;\">1r i 2n d\u2019ESO<\/span><\/strong> de relat o poesia en catal\u00e0 s\u00f3n:<\/span><\/p>\n<p><span style=\"font-weight: 400;\">El 2n premi <\/span><span style=\"font-weight: 400;\">\u00a0<\/span><span style=\"font-weight: 400;\">\u00e9s per al treball <\/span><b>\u201cEl meu primer confinament\u201d<\/b><span style=\"font-weight: 400;\"> d\u2019<\/span><b>\u00cdker Bel<\/b><span style=\"font-weight: 400;\"> (2n ESO D)<\/span><\/p>\n<p><span style=\"font-weight: 400;\">El 1r premi\u00a0 \u00e9s per al relat <\/span><b>\u201cArribada a la felicitat\u201d<\/b><span style=\"font-weight: 400;\"> de <\/span><b>Carolina Maria Petra<\/b><span style=\"font-weight: 400;\"> (1r ESO D)<\/span><\/p>\n<p>Els premiats en la categoria de <span style=\"text-decoration: underline;\"><strong>3r i 4t d\u2019ESO<\/strong><\/span> de relat o poesia en catal\u00e0 s\u00f3n:<\/p>\n<p>El 2n premi \u00e9s per a <strong>Emma Castell\u00e0 <\/strong>(3r ESO A) amb el relat que du per t\u00edtol<strong> \u201cEls rojos\u201d.<\/strong><\/p>\n<p>El 1r premi \u00e9s per a <strong>Ania Accensi<\/strong> (3r ESO C) amb el relat <strong>\u201cEl joc de detectius\u201d.<\/strong><\/p>\n<p>El <strong>P<\/strong><span style=\"font-weight: 400;\"><strong>remi als millors lectors de 3r i 4t d\u2019ESO<\/strong> que s\u00f3n:<\/span><\/p>\n<p><b>Coia Vizcarro, Iris Carrillo, Paula Betal\u00fa, Laia Obiol, J\u00falia Sabat\u00e9, Sergi Navarro, Lia Pedro, Ona Perib\u00e1\u00f1ez, Gemma Comes.<\/b><\/p>\n<p>Els premiats a <span style=\"text-decoration: underline;\"><strong>batxillerat<\/strong><\/span> s\u00f3n:<\/p>\n<p>El 2n premi <strong>\u00a0<\/strong>\u00e9s per al relat\u00a0 <strong>Arnau Bel<\/strong> de 1r batxillerat A amb el relat <strong>&#8220;Temps al temps&#8221;<\/strong>.<\/p>\n<p>El 1r premi\u00a0 \u00e9s per a <strong>Guillem Roig<\/strong> de 1r batxillerat B amb el relat <strong>&#8220;Voltes&#8221;<\/strong>.<\/p>\n<p><span style=\"font-weight: 400;\">El <strong>Premi als<\/strong><\/span><span style=\"font-weight: 400;\"><strong> millors lectors del curs 2019-20<\/strong> s\u00f3n<\/span><b>\u00a0\u00c8lia Balsells, Arnau Bel, Guillem Garriga i Jordi Revert\u00e9.<\/b><\/p>\n<p style=\"text-align: center;\"><span style=\"text-decoration: underline;\"><em><b>CONCURS DE RECOMANACIONS DE LLIBRES<\/b><\/em><\/span><\/p>\n<p><span style=\"font-weight: 400;\">El 2n premi amb la remonaci\u00f3 que du per t\u00edtol <strong>\u201cSonr\u00ede\u201d<\/strong> \u00e9s per a<\/span><b> Hiba El Koulali<\/b><span style=\"font-weight: 400;\"> de 1r ESO A<\/span><b>.<\/b><\/p>\n<p><span style=\"font-weight: 400;\">El 1r premi amb el t\u00edtol <\/span><b>\u201cThe promissed Neverland\u201d<\/b><span style=\"font-weight: 400;\">per<\/span> <span style=\"font-weight: 400;\">a <\/span><b>Marc Vizcarro<\/b><span style=\"font-weight: 400;\"> de 1r ESO A.<\/span><\/p>\n<p style=\"text-align: center;\"><span style=\"text-decoration: underline;\"><em><b>CONCURS DE RELATS AUDIOVISUALS PER A PROFESSORAT<\/b><\/em><\/span><\/p>\n<p><span style=\"font-weight: 400;\">Lliurar\u00e0 els premis la professora de llengua catalana i literatura Carme Cruelles<\/span><\/p>\n<p><span style=\"font-weight: 400;\">El 1r PREMI \u00e9s per al relat <\/span><b>\u201cHist\u00f2ria d&#8217;una vocaci\u00f3\u201d <\/b><span style=\"font-weight: 400;\">de <\/span><b>LINA MESEGUER<\/b><\/p>\n<p><span style=\"font-weight: 400;\">I fem tamb\u00e9 una menci\u00f3 especial per al relat audiovisual <\/span><b>\u201cBestioles\u201d<\/b><span style=\"font-weight: 400;\"> de <\/span><b>POL MARTIN i MONTSE VIZCARRO.<\/b><\/p>\n<p style=\"text-align: center;\"><span style=\"text-decoration: underline;\"><b><i>CONCURS PER A LA IL\u00b7LUSTRACI\u00d3 DE LA PORTADA DE L\u2019AGENDA ESCOLAR\u00a0<\/i><\/b><\/span><\/p>\n<p><span style=\"font-weight: 400;\">El premi del jurat \u00e9s per a\u00a0 <\/span><b>Aronas Pocius (4t ESO D)<\/b><span style=\"font-weight: 400;\"> i el premi del p\u00fablic se l\u2019emporta <\/span><b>Yasmine Tobi<\/b> <b>(4t ESO E).<\/b><\/p>\n<p><a href=\"https:\/\/agora.xtec.cat\/iesalfacs\/wp-content\/uploads\/usu209\/2021\/04\/IMG-20210425-WA0051.jpg\"><img loading=\"lazy\" decoding=\"async\" class=\"wp-image-4468 aligncenter\" src=\"https:\/\/agora.xtec.cat\/iesalfacs\/wp-content\/uploads\/usu209\/2021\/04\/IMG-20210425-WA0051-663x1024.jpg\" alt=\"\" width=\"324\" height=\"500\" srcset=\"https:\/\/agora.xtec.cat\/iesalfacs\/wp-content\/uploads\/usu209\/2021\/04\/IMG-20210425-WA0051-663x1024.jpg 663w, https:\/\/agora.xtec.cat\/iesalfacs\/wp-content\/uploads\/usu209\/2021\/04\/IMG-20210425-WA0051-194x300.jpg 194w, https:\/\/agora.xtec.cat\/iesalfacs\/wp-content\/uploads\/usu209\/2021\/04\/IMG-20210425-WA0051-768x1185.jpg 768w, https:\/\/agora.xtec.cat\/iesalfacs\/wp-content\/uploads\/usu209\/2021\/04\/IMG-20210425-WA0051.jpg 1080w\" sizes=\"auto, (max-width: 324px) 100vw, 324px\" \/><\/a><\/p>\n<p><span style=\"font-weight: 400;\">Es va fer tamb\u00e9 un reconeixement a les<\/span> <span style=\"font-weight: 400;\">15 alumnes de 3r d\u2019ESO que es van posar a la pell de 15 cient\u00edfiques del m\u00f3n i de tots els temps el <span style=\"text-decoration: underline;\"><strong>Dia Internacional de la Dona i la Xiqueta en la Ci\u00e8ncia <\/strong><\/span>(<\/span><b>11 de febrer<\/b><span style=\"font-weight: 400;\">) amb la seua professora <\/span><b>Irene Gilabert <\/b><span style=\"font-weight: 400;\">que els va lliurar un detall com a reconeixement a aquesta tasca relacionada amb la Igualtat de G\u00e8nere: <strong>LAIA AGUILAR, LEIRE ARB\u00d3, MARIA CURTO, AINA FIBLA,CARLA SERRET, COIA VIZCARRO, ARAN MONTA\u00d1\u00c9S, MIREIA MORA, N\u00daRIA MORA, ONA SUBIRATS, ANIA ACCENSI, PAULA BETAL\u00da, IRIS CARRILLO, PAULA LLOPIS, JANNA SUBIRATS.<\/strong><\/span><\/p>\n<p>Els premiats dels concursos<span style=\"text-decoration: underline;\"> <strong>Enquadra&#8217;t<\/strong><\/span> i <span style=\"text-decoration: underline;\"><strong>Fotografia matem\u00e0tica<\/strong><\/span> apareixen en altres entrades a la p\u00e0gina web.<\/p>\n","protected":false},"excerpt":{"rendered":"<p>Tot i que enguany hem hagut de celebrar la diada de Sant Jordi de manera for\u00e7a restringida, cal destacar la participaci\u00f3 not\u00f2ria de l&#8217;alumnat (325 participants) en els diferents concursos i la qualitat de les obres premiades. Cal fer una menci\u00f3 especial als alumnes SIEI que han col\u00b7laborat, com sempre activament, a la realitzaci\u00f3 de [&hellip;]<\/p>\n","protected":false},"author":7,"featured_media":4457,"comment_status":"open","ping_status":"closed","sticky":false,"template":"","format":"standard","meta":{"_bbp_topic_count":0,"_bbp_reply_count":0,"_bbp_total_topic_count":0,"_bbp_total_reply_count":0,"_bbp_voice_count":0,"_bbp_anonymous_reply_count":0,"_bbp_topic_count_hidden":0,"_bbp_reply_count_hidden":0,"_bbp_forum_subforum_count":0,"site-sidebar-layout":"default","site-content-layout":"","ast-site-content-layout":"","site-content-style":"default","site-sidebar-style":"default","ast-global-header-display":"","ast-banner-title-visibility":"","ast-main-header-display":"","ast-hfb-above-header-display":"","ast-hfb-below-header-display":"","ast-hfb-mobile-header-display":"","site-post-title":"","ast-breadcrumbs-content":"","ast-featured-img":"","footer-sml-layout":"","theme-transparent-header-meta":"","adv-header-id-meta":"","stick-header-meta":"","header-above-stick-meta":"","header-main-stick-meta":"","header-below-stick-meta":"","astra-migrate-meta-layouts":"default","ast-page-background-enabled":"default","ast-page-background-meta":{"desktop":{"background-color":"var(--ast-global-color-4)","background-image":"","background-repeat":"repeat","background-position":"center center","background-size":"auto","background-attachment":"scroll","background-type":"","background-media":"","overlay-type":"","overlay-color":"","overlay-opacity":"","overlay-gradient":""},"tablet":{"background-color":"","background-image":"","background-repeat":"repeat","background-position":"center center","background-size":"auto","background-attachment":"scroll","background-type":"","background-media":"","overlay-type":"","overlay-color":"","overlay-opacity":"","overlay-gradient":""},"mobile":{"background-color":"","background-image":"","background-repeat":"repeat","background-position":"center center","background-size":"auto","background-attachment":"scroll","background-type":"","background-media":"","overlay-type":"","overlay-color":"","overlay-opacity":"","overlay-gradient":""}},"ast-content-background-meta":{"desktop":{"background-color":"var(--ast-global-color-5)","background-image":"","background-repeat":"repeat","background-position":"center center","background-size":"auto","background-attachment":"scroll","background-type":"","background-media":"","overlay-type":"","overlay-color":"","overlay-opacity":"","overlay-gradient":""},"tablet":{"background-color":"var(--ast-global-color-5)","background-image":"","background-repeat":"repeat","background-position":"center center","background-size":"auto","background-attachment":"scroll","background-type":"","background-media":"","overlay-type":"","overlay-color":"","overlay-opacity":"","overlay-gradient":""},"mobile":{"background-color":"var(--ast-global-color-5)","background-image":"","background-repeat":"repeat","background-position":"center center","background-size":"auto","background-attachment":"scroll","background-type":"","background-media":"","overlay-type":"","overlay-color":"","overlay-opacity":"","overlay-gradient":""}},"footnotes":""},"categories":[1,29],"tags":[],"class_list":["post-4456","post","type-post","status-publish","format-standard","has-post-thumbnail","hentry","category-general","category-portada"],"post_mailing_queue_ids":[],"_links":{"self":[{"href":"https:\/\/agora.xtec.cat\/iesalfacs\/wp-json\/wp\/v2\/posts\/4456","targetHints":{"allow":["GET"]}}],"collection":[{"href":"https:\/\/agora.xtec.cat\/iesalfacs\/wp-json\/wp\/v2\/posts"}],"about":[{"href":"https:\/\/agora.xtec.cat\/iesalfacs\/wp-json\/wp\/v2\/types\/post"}],"author":[{"embeddable":true,"href":"https:\/\/agora.xtec.cat\/iesalfacs\/wp-json\/wp\/v2\/users\/7"}],"replies":[{"embeddable":true,"href":"https:\/\/agora.xtec.cat\/iesalfacs\/wp-json\/wp\/v2\/comments?post=4456"}],"version-history":[{"count":3,"href":"https:\/\/agora.xtec.cat\/iesalfacs\/wp-json\/wp\/v2\/posts\/4456\/revisions"}],"predecessor-version":[{"id":4476,"href":"https:\/\/agora.xtec.cat\/iesalfacs\/wp-json\/wp\/v2\/posts\/4456\/revisions\/4476"}],"wp:featuredmedia":[{"embeddable":true,"href":"https:\/\/agora.xtec.cat\/iesalfacs\/wp-json\/wp\/v2\/media\/4457"}],"wp:attachment":[{"href":"https:\/\/agora.xtec.cat\/iesalfacs\/wp-json\/wp\/v2\/media?parent=4456"}],"wp:term":[{"taxonomy":"category","embeddable":true,"href":"https:\/\/agora.xtec.cat\/iesalfacs\/wp-json\/wp\/v2\/categories?post=4456"},{"taxonomy":"post_tag","embeddable":true,"href":"https:\/\/agora.xtec.cat\/iesalfacs\/wp-json\/wp\/v2\/tags?post=4456"}],"curies":[{"name":"wp","href":"https:\/\/api.w.org\/{rel}","templated":true}]}}