{"id":4220,"date":"2021-02-03T20:44:00","date_gmt":"2021-02-03T19:44:00","guid":{"rendered":"https:\/\/agora.xtec.cat\/iesalfacs\/?p=4220"},"modified":"2021-02-11T21:22:54","modified_gmt":"2021-02-11T20:22:54","slug":"setmana-de-la-pau-i-la-so","status":"publish","type":"post","link":"https:\/\/agora.xtec.cat\/iesalfacs\/general\/setmana-de-la-pau-i-la-so\/","title":{"rendered":"SETMANA DE LA PAU I LA SOLIDARITAT"},"content":{"rendered":"<p>Paraules de la cap de departament, Mamen Garcia, en el lliurament del guard\u00f3 del Premi La Pau de l&#8217;Insalfacs:<\/p>\n<p><span style=\"font-weight: 400;\">L\u2019any passat a les reunions del departament de Ci\u00e8ncies Socials se&#8217;ns va acudir crear el Premi La Pau Insalfacs. <\/span><b>Aquest premi consisteix<\/b><span style=\"font-weight: 400;\"> en la proposta per part dels alumnes de <\/span><b>nomenar<\/b><span style=\"font-weight: 400;\"> a aquell alumne que considerem mereixedor d\u2019un guard\u00f3 distintiu per les seves destacades <\/span><span style=\"font-weight: 400;\">accions<\/span><span style=\"font-weight: 400;\"> o b\u00e9 pels seus <\/span><span style=\"font-weight: 400;\">grans valors<\/span><span style=\"font-weight: 400;\">.<\/span><\/p>\n<p><img loading=\"lazy\" decoding=\"async\" class=\"aligncenter\" src=\"https:\/\/agora.xtec.cat\/iesalfacs\/wp-content\/uploads\/usu209\/2021\/02\/CollageMaker_20210203_192746790-min.jpg\" width=\"442\" height=\"625\" \/><\/p>\n<p>&nbsp;<\/p>\n<p><span style=\"font-weight: 400;\">Tots els alumnes de l\u2019ESO, de 1<\/span><span style=\"font-weight: 400;\">r<\/span><span style=\"font-weight: 400;\"> a 4<\/span><span style=\"font-weight: 400;\">t<\/span><span style=\"font-weight: 400;\"> tan a les mat\u00e8ries de Religi\u00f3 com de Valors van anant fent les seves propostes. <\/span><span style=\"font-weight: 400;\">I ens va sobtar que s\u00ed coincidien a proposar\u00a0 les dos xiques que tenim aqu\u00ed.<\/span><\/p>\n<p><span style=\"font-weight: 400;\">Els motius que argumentaven eren molt diferents tant per a Eimi com per Andrea. A m\u00e9s, s\u00f3n d\u2019edats molt diferents i ens vam decidir a fer guanyadores\u00a0 les dues.<\/span><\/p>\n<p><span style=\"font-weight: 400;\">L\u2019elecci\u00f3 d\u2019<\/span><b>Eimi<\/b><span style=\"font-weight: 400;\"> va ser d\u2019una gran <\/span><span style=\"font-weight: 400;\">tendresa<\/span><span style=\"font-weight: 400;\"> , on sorgien els valors m\u00e9s aut\u00e8ntics de Bondad, Pau, Confian\u00e7a, Ajuda.<\/span><\/p>\n<p><span style=\"font-weight: 400;\">Molts dels alumnes la descrivien, si no recordo malament les paraules, \u00abcom una noia que transmet bondat\u00bb.<\/span><\/p>\n<p><span style=\"font-weight: 400;\">Altres deien &#8220;t\u00e9 una pau interior que la transmet, i quan tu est\u00e0s molt angoixat pel motiu que sigue ella, Eimi, te serena, te tranquil\u00b7litza\u00bb.<\/span><\/p>\n<p><span style=\"font-weight: 400;\">Molts d\u2019ells coincidien en dir \u00ab No ho s\u00e9 explicar t\u00e9 algo, un no s\u00e9&#8230;de&#8230;t\u00e9 Bondat\u00bb<\/span><\/p>\n<p><span style=\"font-weight: 400;\">Altres, tamb\u00e9 explicaven que al pati sempre estava pendent que tothom sempre llence la brossa al lloc on toca. I si no, te malda, per\u00f2 ho fa d\u2019una manera que l\u2019acabes recollint. A vegades, no ho aconsegueix i ho plega ella del terra.<\/span><\/p>\n<p><span style=\"font-weight: 400;\">Tamb\u00e9 coincidien molt en qu\u00e8 \u00e9s una companya o amiga (dep\u00e8n de la relaci\u00f3 que tenien amb ella) i a la qual podien contar els seus problemes. I ella sempre escolta, i quasi sempre t\u2019ajuda a solucionar-los.<\/span><\/p>\n<p><span style=\"font-weight: 400;\">Jo els deia \u00abO sigue, que vos ajuda en los deures&#8230;&#8221; I ells: \u00abNo, no en los problemes de veritat, en les coses series\u00bb.<\/span><\/p>\n<p><span style=\"font-weight: 400;\">Per tot aix\u00f2, Paco Brunet tingues l\u2019honor de fer lliurament a Eimi Exp\u00f3sito del seu guard\u00f3 i de la seva estatueta honor\u00edfica de La Pau Insalfacs.<\/span><\/p>\n<p>&nbsp;<\/p>\n<p>POEMA<\/p>\n<p>Si aquest m\u00f3n fos escrit amb llapis,<\/p>\n<p>podr\u00edem esborrar aquelles lletres que ens fan tant de mal,<\/p>\n<p>podr\u00edem esborrar les mentides que no cal dir,<\/p>\n<p>podr\u00edem esborrar l\u2019enveja que ens destrueix.<\/p>\n<p>N\u2019esborrar\u00edem tot all\u00f2 que ens fa tant petits&#8230;<\/p>\n<p>Per\u00f2 aquest m\u00f3n \u00e9s escrit amb tinta de mals colors,<\/p>\n<p>colors bruts de lluites i de dolor.<\/p>\n<p>Qui vol escriure un m\u00f3n\u00a0 m\u00e9s just i m\u00e9s net?<\/p>\n<p>Potser jo, potser tu&#8230;nosaltres.<\/p>\n<p>Dolors Llasat<\/p>\n<p>Ben valents\/es des del\u00a0 nostre institut seguirem escrivint com EIMI i ANDREA les lletres de la PAU.<\/p>\n<p>&nbsp;<\/p>\n","protected":false},"excerpt":{"rendered":"<p>Paraules de la cap de departament, Mamen Garcia, en el lliurament del guard\u00f3 del Premi La Pau de l&#8217;Insalfacs: L\u2019any passat a les reunions del departament de Ci\u00e8ncies Socials se&#8217;ns va acudir crear el Premi La Pau Insalfacs. Aquest premi consisteix en la proposta per part dels alumnes de nomenar a aquell alumne que considerem [&hellip;]<\/p>\n","protected":false},"author":7,"featured_media":4221,"comment_status":"open","ping_status":"closed","sticky":false,"template":"","format":"standard","meta":{"_bbp_topic_count":0,"_bbp_reply_count":0,"_bbp_total_topic_count":0,"_bbp_total_reply_count":0,"_bbp_voice_count":0,"_bbp_anonymous_reply_count":0,"_bbp_topic_count_hidden":0,"_bbp_reply_count_hidden":0,"_bbp_forum_subforum_count":0,"site-sidebar-layout":"default","site-content-layout":"","ast-site-content-layout":"","site-content-style":"default","site-sidebar-style":"default","ast-global-header-display":"","ast-banner-title-visibility":"","ast-main-header-display":"","ast-hfb-above-header-display":"","ast-hfb-below-header-display":"","ast-hfb-mobile-header-display":"","site-post-title":"","ast-breadcrumbs-content":"","ast-featured-img":"","footer-sml-layout":"","theme-transparent-header-meta":"","adv-header-id-meta":"","stick-header-meta":"","header-above-stick-meta":"","header-main-stick-meta":"","header-below-stick-meta":"","astra-migrate-meta-layouts":"default","ast-page-background-enabled":"default","ast-page-background-meta":{"desktop":{"background-color":"var(--ast-global-color-4)","background-image":"","background-repeat":"repeat","background-position":"center center","background-size":"auto","background-attachment":"scroll","background-type":"","background-media":"","overlay-type":"","overlay-color":"","overlay-opacity":"","overlay-gradient":""},"tablet":{"background-color":"","background-image":"","background-repeat":"repeat","background-position":"center center","background-size":"auto","background-attachment":"scroll","background-type":"","background-media":"","overlay-type":"","overlay-color":"","overlay-opacity":"","overlay-gradient":""},"mobile":{"background-color":"","background-image":"","background-repeat":"repeat","background-position":"center center","background-size":"auto","background-attachment":"scroll","background-type":"","background-media":"","overlay-type":"","overlay-color":"","overlay-opacity":"","overlay-gradient":""}},"ast-content-background-meta":{"desktop":{"background-color":"var(--ast-global-color-5)","background-image":"","background-repeat":"repeat","background-position":"center center","background-size":"auto","background-attachment":"scroll","background-type":"","background-media":"","overlay-type":"","overlay-color":"","overlay-opacity":"","overlay-gradient":""},"tablet":{"background-color":"var(--ast-global-color-5)","background-image":"","background-repeat":"repeat","background-position":"center center","background-size":"auto","background-attachment":"scroll","background-type":"","background-media":"","overlay-type":"","overlay-color":"","overlay-opacity":"","overlay-gradient":""},"mobile":{"background-color":"var(--ast-global-color-5)","background-image":"","background-repeat":"repeat","background-position":"center center","background-size":"auto","background-attachment":"scroll","background-type":"","background-media":"","overlay-type":"","overlay-color":"","overlay-opacity":"","overlay-gradient":""}},"footnotes":""},"categories":[1,29],"tags":[],"class_list":["post-4220","post","type-post","status-publish","format-standard","has-post-thumbnail","hentry","category-general","category-portada"],"post_mailing_queue_ids":[],"_links":{"self":[{"href":"https:\/\/agora.xtec.cat\/iesalfacs\/wp-json\/wp\/v2\/posts\/4220","targetHints":{"allow":["GET"]}}],"collection":[{"href":"https:\/\/agora.xtec.cat\/iesalfacs\/wp-json\/wp\/v2\/posts"}],"about":[{"href":"https:\/\/agora.xtec.cat\/iesalfacs\/wp-json\/wp\/v2\/types\/post"}],"author":[{"embeddable":true,"href":"https:\/\/agora.xtec.cat\/iesalfacs\/wp-json\/wp\/v2\/users\/7"}],"replies":[{"embeddable":true,"href":"https:\/\/agora.xtec.cat\/iesalfacs\/wp-json\/wp\/v2\/comments?post=4220"}],"version-history":[{"count":4,"href":"https:\/\/agora.xtec.cat\/iesalfacs\/wp-json\/wp\/v2\/posts\/4220\/revisions"}],"predecessor-version":[{"id":4240,"href":"https:\/\/agora.xtec.cat\/iesalfacs\/wp-json\/wp\/v2\/posts\/4220\/revisions\/4240"}],"wp:featuredmedia":[{"embeddable":true,"href":"https:\/\/agora.xtec.cat\/iesalfacs\/wp-json\/wp\/v2\/media\/4221"}],"wp:attachment":[{"href":"https:\/\/agora.xtec.cat\/iesalfacs\/wp-json\/wp\/v2\/media?parent=4220"}],"wp:term":[{"taxonomy":"category","embeddable":true,"href":"https:\/\/agora.xtec.cat\/iesalfacs\/wp-json\/wp\/v2\/categories?post=4220"},{"taxonomy":"post_tag","embeddable":true,"href":"https:\/\/agora.xtec.cat\/iesalfacs\/wp-json\/wp\/v2\/tags?post=4220"}],"curies":[{"name":"wp","href":"https:\/\/api.w.org\/{rel}","templated":true}]}}