{"id":4076,"date":"2020-12-04T08:44:25","date_gmt":"2020-12-04T07:44:25","guid":{"rendered":"https:\/\/agora.xtec.cat\/iesalfacs\/?p=4076"},"modified":"2020-12-04T08:48:19","modified_gmt":"2020-12-04T07:48:19","slug":"sessions-divulgatives-covid-19-de-la-marato-de-tv3","status":"publish","type":"post","link":"https:\/\/agora.xtec.cat\/iesalfacs\/general\/sessions-divulgatives-covid-19-de-la-marato-de-tv3\/","title":{"rendered":"SESSIONS DIVULGATIVES COVID-19 DE LA MARAT\u00d3 DE TV3"},"content":{"rendered":"<div class=\"F-TwigTextLliure gapAfter T-maratoTema\">\n<div class=\"F-text\">\n<p>Enllacem <a href=\"https:\/\/www.ccma.cat\/tv3\/alacarta\/programa\/video-divulgatiu-sobre-la-covid-19\/video\/6062158\/\">v\u00eddeo divulgatiu<\/a> de TV3 per si el voleu passar en algun moment.<\/p>\n<\/div>\n<p><a href=\"https:\/\/agora.xtec.cat\/iesalfacs\/wp-content\/uploads\/usu209\/2020\/12\/1606994264567-1.jpg\"><img loading=\"lazy\" decoding=\"async\" class=\"alignnone size-full wp-image-4079\" src=\"https:\/\/agora.xtec.cat\/iesalfacs\/wp-content\/uploads\/usu209\/2020\/12\/1606994264567-1.jpg\" alt=\"\" width=\"888\" height=\"502\" srcset=\"https:\/\/agora.xtec.cat\/iesalfacs\/wp-content\/uploads\/usu209\/2020\/12\/1606994264567-1.jpg 888w, https:\/\/agora.xtec.cat\/iesalfacs\/wp-content\/uploads\/usu209\/2020\/12\/1606994264567-1-300x170.jpg 300w, https:\/\/agora.xtec.cat\/iesalfacs\/wp-content\/uploads\/usu209\/2020\/12\/1606994264567-1-768x434.jpg 768w\" sizes=\"auto, (max-width: 888px) 100vw, 888px\" \/><\/a><\/p>\n<div class=\"F-text\">\n<p class=\"entradeta\">Un dels objectius de La Marat\u00f3 de TV3 i Catalunya R\u00e0dio \u00e9s conscienciar els joves sobre les malalties tractades al programa, aquest any el Covid-19 Per aconseguir-ho, la Fundaci\u00f3 desplega una intensa campanya de divulgaci\u00f3 i sensibilitzaci\u00f3 adre\u00e7ada als centres educatius que arriba a m\u00e9s de 200.000 joves. Un col\u00b7lectiu format per m\u00e9s de 600 professionals\u00a0 \u00e9s l&#8217;encarregat de fer la divulgaci\u00f3 impartint al voltant de 5.500 sessions en cada nova edici\u00f3.<\/p>\n<\/div>\n<\/div>\n<div class=\"F-TwigTextLliure gapAfter T-maratoTema\">\n<div class=\"F-text\">\n<div class=\"F-TwigTextLliure gapAfter T-maratoTema\">\n<div class=\"F-text\">\n<p>Les sessions de divulgaci\u00f3 estan adre\u00e7ades, principalment, a\u00a0centres educatius de secund\u00e0ria, de batxillerat i a altres entitats socials, educatives i culturals de tot Catalunya.<\/p>\n<p>Dilluns 30 de novembre els alumnes de cicles i PFI van poder gaudir d&#8217;aquestes xarrades en format telem\u00e0tic. Dijous 3 de desembre havien de fer-ho els alumnes de 4t per\u00f2 els problemes de connexi\u00f3 del centre ho van impedir.<\/p>\n<p>&nbsp;<\/p>\n<\/div>\n<\/div>\n<\/div>\n<\/div>\n","protected":false},"excerpt":{"rendered":"<p>Enllacem v\u00eddeo divulgatiu de TV3 per si el voleu passar en algun moment. Un dels objectius de La Marat\u00f3 de TV3 i Catalunya R\u00e0dio \u00e9s conscienciar els joves sobre les malalties tractades al programa, aquest any el Covid-19 Per aconseguir-ho, la Fundaci\u00f3 desplega una intensa campanya de divulgaci\u00f3 i sensibilitzaci\u00f3 adre\u00e7ada als centres educatius que [&hellip;]<\/p>\n","protected":false},"author":7,"featured_media":4079,"comment_status":"open","ping_status":"closed","sticky":false,"template":"","format":"standard","meta":{"_bbp_topic_count":0,"_bbp_reply_count":0,"_bbp_total_topic_count":0,"_bbp_total_reply_count":0,"_bbp_voice_count":0,"_bbp_anonymous_reply_count":0,"_bbp_topic_count_hidden":0,"_bbp_reply_count_hidden":0,"_bbp_forum_subforum_count":0,"site-sidebar-layout":"default","site-content-layout":"","ast-site-content-layout":"","site-content-style":"default","site-sidebar-style":"default","ast-global-header-display":"","ast-banner-title-visibility":"","ast-main-header-display":"","ast-hfb-above-header-display":"","ast-hfb-below-header-display":"","ast-hfb-mobile-header-display":"","site-post-title":"","ast-breadcrumbs-content":"","ast-featured-img":"","footer-sml-layout":"","theme-transparent-header-meta":"","adv-header-id-meta":"","stick-header-meta":"","header-above-stick-meta":"","header-main-stick-meta":"","header-below-stick-meta":"","astra-migrate-meta-layouts":"default","ast-page-background-enabled":"default","ast-page-background-meta":{"desktop":{"background-color":"var(--ast-global-color-4)","background-image":"","background-repeat":"repeat","background-position":"center center","background-size":"auto","background-attachment":"scroll","background-type":"","background-media":"","overlay-type":"","overlay-color":"","overlay-opacity":"","overlay-gradient":""},"tablet":{"background-color":"","background-image":"","background-repeat":"repeat","background-position":"center center","background-size":"auto","background-attachment":"scroll","background-type":"","background-media":"","overlay-type":"","overlay-color":"","overlay-opacity":"","overlay-gradient":""},"mobile":{"background-color":"","background-image":"","background-repeat":"repeat","background-position":"center center","background-size":"auto","background-attachment":"scroll","background-type":"","background-media":"","overlay-type":"","overlay-color":"","overlay-opacity":"","overlay-gradient":""}},"ast-content-background-meta":{"desktop":{"background-color":"var(--ast-global-color-5)","background-image":"","background-repeat":"repeat","background-position":"center center","background-size":"auto","background-attachment":"scroll","background-type":"","background-media":"","overlay-type":"","overlay-color":"","overlay-opacity":"","overlay-gradient":""},"tablet":{"background-color":"var(--ast-global-color-5)","background-image":"","background-repeat":"repeat","background-position":"center center","background-size":"auto","background-attachment":"scroll","background-type":"","background-media":"","overlay-type":"","overlay-color":"","overlay-opacity":"","overlay-gradient":""},"mobile":{"background-color":"var(--ast-global-color-5)","background-image":"","background-repeat":"repeat","background-position":"center center","background-size":"auto","background-attachment":"scroll","background-type":"","background-media":"","overlay-type":"","overlay-color":"","overlay-opacity":"","overlay-gradient":""}},"footnotes":""},"categories":[1,29],"tags":[],"class_list":["post-4076","post","type-post","status-publish","format-standard","has-post-thumbnail","hentry","category-general","category-portada"],"post_mailing_queue_ids":[],"_links":{"self":[{"href":"https:\/\/agora.xtec.cat\/iesalfacs\/wp-json\/wp\/v2\/posts\/4076","targetHints":{"allow":["GET"]}}],"collection":[{"href":"https:\/\/agora.xtec.cat\/iesalfacs\/wp-json\/wp\/v2\/posts"}],"about":[{"href":"https:\/\/agora.xtec.cat\/iesalfacs\/wp-json\/wp\/v2\/types\/post"}],"author":[{"embeddable":true,"href":"https:\/\/agora.xtec.cat\/iesalfacs\/wp-json\/wp\/v2\/users\/7"}],"replies":[{"embeddable":true,"href":"https:\/\/agora.xtec.cat\/iesalfacs\/wp-json\/wp\/v2\/comments?post=4076"}],"version-history":[{"count":3,"href":"https:\/\/agora.xtec.cat\/iesalfacs\/wp-json\/wp\/v2\/posts\/4076\/revisions"}],"predecessor-version":[{"id":4083,"href":"https:\/\/agora.xtec.cat\/iesalfacs\/wp-json\/wp\/v2\/posts\/4076\/revisions\/4083"}],"wp:featuredmedia":[{"embeddable":true,"href":"https:\/\/agora.xtec.cat\/iesalfacs\/wp-json\/wp\/v2\/media\/4079"}],"wp:attachment":[{"href":"https:\/\/agora.xtec.cat\/iesalfacs\/wp-json\/wp\/v2\/media?parent=4076"}],"wp:term":[{"taxonomy":"category","embeddable":true,"href":"https:\/\/agora.xtec.cat\/iesalfacs\/wp-json\/wp\/v2\/categories?post=4076"},{"taxonomy":"post_tag","embeddable":true,"href":"https:\/\/agora.xtec.cat\/iesalfacs\/wp-json\/wp\/v2\/tags?post=4076"}],"curies":[{"name":"wp","href":"https:\/\/api.w.org\/{rel}","templated":true}]}}