{"id":3968,"date":"2020-10-16T18:50:01","date_gmt":"2020-10-16T16:50:01","guid":{"rendered":"https:\/\/agora.xtec.cat\/iesalfacs\/?p=3968"},"modified":"2020-10-16T22:06:20","modified_gmt":"2020-10-16T20:06:20","slug":"homenatge-al-president-lluis-companys","status":"publish","type":"post","link":"https:\/\/agora.xtec.cat\/iesalfacs\/general\/homenatge-al-president-lluis-companys\/","title":{"rendered":"HOMENATGE AL PRESIDENT LLU\u00cdS COMPANYS"},"content":{"rendered":"<p>Ahir es complien 80 anys de l&#8217;afusellament, a mans del r\u00e8gim franquista, del president de la Rep\u00fablica Llu\u00eds Companys. L&#8217;ajuntament de la R\u00e0pita va voler retre-li un homenatge a la pla\u00e7a hom\u00f2nima i, a m\u00e9s, es va inaugurar una placa en homenatge al president mort.<\/p>\n<p>L&#8217;alumnat de l&#8217;institut Els Alfacs va ser el protagonista de l&#8217;acte\u00a0 llegint correspond\u00e8ncia \u00edntima de Companys i la fam\u00edlia, poemes i fragments narratius i tamb\u00e9 a trav\u00e9s de la m\u00fasica.<\/p>\n<p>Agra\u00efm la col\u00b7laboraci\u00f3 d&#8217;Arnau Bel, Mar Castell\u00e0, Alexandra Garcia, Guillem Garriga, Sara Gavil\u00e1n, Albert Jam\u00e1s, Alba L\u00f3pez, Laura Maci\u00e0, S\u00edlvia Maicas i Lia Pedro.<\/p>\n<p>En <a href=\"https:\/\/drive.google.com\/file\/d\/1t74akOP3AqTolfRIaAHCH_o8x9tQkXr0\/view?usp=sharing\">aquest enlla\u00e7<\/a> trobareu els textos epistolars preparats per la professora No\u00e8lia Borr\u00e0s i en <a href=\"https:\/\/drive.google.com\/file\/d\/1OwVz00sRBrStrlB1ViAA2Oa_KbstkSv7\/view?usp=sharing\">aquest enlla\u00e7<\/a> trobareu els textos literaris preparats per la professora Carme Cruelles.<\/p>\n<p>&nbsp;<\/p>\n","protected":false},"excerpt":{"rendered":"<p>Ahir es complien 80 anys de l&#8217;afusellament, a mans del r\u00e8gim franquista, del president de la Rep\u00fablica Llu\u00eds Companys. L&#8217;ajuntament de la R\u00e0pita va voler retre-li un homenatge a la pla\u00e7a hom\u00f2nima i, a m\u00e9s, es va inaugurar una placa en homenatge al president mort. L&#8217;alumnat de l&#8217;institut Els Alfacs va ser el protagonista de [&hellip;]<\/p>\n","protected":false},"author":7,"featured_media":3975,"comment_status":"open","ping_status":"closed","sticky":false,"template":"","format":"standard","meta":{"_bbp_topic_count":0,"_bbp_reply_count":0,"_bbp_total_topic_count":0,"_bbp_total_reply_count":0,"_bbp_voice_count":0,"_bbp_anonymous_reply_count":0,"_bbp_topic_count_hidden":0,"_bbp_reply_count_hidden":0,"_bbp_forum_subforum_count":0,"site-sidebar-layout":"default","site-content-layout":"","ast-site-content-layout":"","site-content-style":"default","site-sidebar-style":"default","ast-global-header-display":"","ast-banner-title-visibility":"","ast-main-header-display":"","ast-hfb-above-header-display":"","ast-hfb-below-header-display":"","ast-hfb-mobile-header-display":"","site-post-title":"","ast-breadcrumbs-content":"","ast-featured-img":"","footer-sml-layout":"","theme-transparent-header-meta":"","adv-header-id-meta":"","stick-header-meta":"","header-above-stick-meta":"","header-main-stick-meta":"","header-below-stick-meta":"","astra-migrate-meta-layouts":"default","ast-page-background-enabled":"default","ast-page-background-meta":{"desktop":{"background-color":"var(--ast-global-color-4)","background-image":"","background-repeat":"repeat","background-position":"center center","background-size":"auto","background-attachment":"scroll","background-type":"","background-media":"","overlay-type":"","overlay-color":"","overlay-opacity":"","overlay-gradient":""},"tablet":{"background-color":"","background-image":"","background-repeat":"repeat","background-position":"center center","background-size":"auto","background-attachment":"scroll","background-type":"","background-media":"","overlay-type":"","overlay-color":"","overlay-opacity":"","overlay-gradient":""},"mobile":{"background-color":"","background-image":"","background-repeat":"repeat","background-position":"center center","background-size":"auto","background-attachment":"scroll","background-type":"","background-media":"","overlay-type":"","overlay-color":"","overlay-opacity":"","overlay-gradient":""}},"ast-content-background-meta":{"desktop":{"background-color":"var(--ast-global-color-5)","background-image":"","background-repeat":"repeat","background-position":"center center","background-size":"auto","background-attachment":"scroll","background-type":"","background-media":"","overlay-type":"","overlay-color":"","overlay-opacity":"","overlay-gradient":""},"tablet":{"background-color":"var(--ast-global-color-5)","background-image":"","background-repeat":"repeat","background-position":"center center","background-size":"auto","background-attachment":"scroll","background-type":"","background-media":"","overlay-type":"","overlay-color":"","overlay-opacity":"","overlay-gradient":""},"mobile":{"background-color":"var(--ast-global-color-5)","background-image":"","background-repeat":"repeat","background-position":"center center","background-size":"auto","background-attachment":"scroll","background-type":"","background-media":"","overlay-type":"","overlay-color":"","overlay-opacity":"","overlay-gradient":""}},"footnotes":""},"categories":[1,29],"tags":[],"class_list":["post-3968","post","type-post","status-publish","format-standard","has-post-thumbnail","hentry","category-general","category-portada"],"post_mailing_queue_ids":[],"_links":{"self":[{"href":"https:\/\/agora.xtec.cat\/iesalfacs\/wp-json\/wp\/v2\/posts\/3968","targetHints":{"allow":["GET"]}}],"collection":[{"href":"https:\/\/agora.xtec.cat\/iesalfacs\/wp-json\/wp\/v2\/posts"}],"about":[{"href":"https:\/\/agora.xtec.cat\/iesalfacs\/wp-json\/wp\/v2\/types\/post"}],"author":[{"embeddable":true,"href":"https:\/\/agora.xtec.cat\/iesalfacs\/wp-json\/wp\/v2\/users\/7"}],"replies":[{"embeddable":true,"href":"https:\/\/agora.xtec.cat\/iesalfacs\/wp-json\/wp\/v2\/comments?post=3968"}],"version-history":[{"count":2,"href":"https:\/\/agora.xtec.cat\/iesalfacs\/wp-json\/wp\/v2\/posts\/3968\/revisions"}],"predecessor-version":[{"id":3974,"href":"https:\/\/agora.xtec.cat\/iesalfacs\/wp-json\/wp\/v2\/posts\/3968\/revisions\/3974"}],"wp:featuredmedia":[{"embeddable":true,"href":"https:\/\/agora.xtec.cat\/iesalfacs\/wp-json\/wp\/v2\/media\/3975"}],"wp:attachment":[{"href":"https:\/\/agora.xtec.cat\/iesalfacs\/wp-json\/wp\/v2\/media?parent=3968"}],"wp:term":[{"taxonomy":"category","embeddable":true,"href":"https:\/\/agora.xtec.cat\/iesalfacs\/wp-json\/wp\/v2\/categories?post=3968"},{"taxonomy":"post_tag","embeddable":true,"href":"https:\/\/agora.xtec.cat\/iesalfacs\/wp-json\/wp\/v2\/tags?post=3968"}],"curies":[{"name":"wp","href":"https:\/\/api.w.org\/{rel}","templated":true}]}}