{"id":3866,"date":"2020-07-19T10:41:40","date_gmt":"2020-07-19T08:41:40","guid":{"rendered":"https:\/\/agora.xtec.cat\/iesalfacs\/?p=3866"},"modified":"2020-07-19T10:49:57","modified_gmt":"2020-07-19T08:49:57","slug":"dos-premis-federico-mayor-zaragoza-per-a-educacio-i-control-ambiental","status":"publish","type":"post","link":"https:\/\/agora.xtec.cat\/iesalfacs\/portada\/dos-premis-federico-mayor-zaragoza-per-a-educacio-i-control-ambiental\/","title":{"rendered":"Dos premis Federico Mayor Zaragoza per a\u00a0 Educaci\u00f3 i Control Ambiental"},"content":{"rendered":"<p>Anna A\u00f1\u00f3 Luna<\/p>\n<p>L\u2019alumnat de primer del cicle formatiu Educaci\u00f3 i Control Ambiental ha participat enguany en el\u00a0 concurs de creaci\u00f3 de v\u00eddeos \u201cSalvem el planeta! Actua ara, dem\u00e0 pot ser massa tard!\u201d que convoca l\u2019associaci\u00f3 Amics de la Unesco Tortosa.<\/p>\n<p>La classe s\u2019ha dividit en dos equips que han realitzat un \u00a0v\u00eddeo cadascun sensibilitzant sobre problemes mediambientals que amenacen el nostre planeta: \u201cVestim aigua\u201d ho fa sobre els impactes de la fabricaci\u00f3 de la roba que portem i \u201cNoticiari d\u2019emerg\u00e8ncia clim\u00e0tica\u201d sobre el tipus d\u2019aliments que consumim. Ambd\u00f3s proposen petits canvis en la nostra vida que podrien minimitzar aquests problemes \u00a0i transformar la nostra societat cap a un model m\u00e9s sostenible, d\u2019acord amb els Objectius per al Desenvolupament Sostenible que promou la ONU per al 2030.<\/p>\n<p>Els dos \u00a0v\u00eddeos han resultat premiats en aquesta 13ena edici\u00f3 del\u00a0 premi Federico Mayor Zaragoza en la categoria Batxillerat i Cicles Formatius. Teniu ganes de veure\u2019ls? Nom\u00e9s cal que cliqueu als enlla\u00e7os.<\/p>\n<p>\u201cVestim aigua\u201d 1r premi FMZ\u00a0 <a href=\"https:\/\/youtu.be\/WOusgJOZ7Hc\">https:\/\/youtu.be\/WOusgJOZ7Hc<\/a><\/p>\n<p>\u201cNoticiari d\u2019emerg\u00e8ncia clim\u00e0tica\u201d\u00a0 3r FMZ\u00a0 <a href=\"https:\/\/youtu.be\/IXAzhVTkd9s\">https:\/\/youtu.be\/IXAzhVTkd9s<\/a><\/p>\n","protected":false},"excerpt":{"rendered":"<p>Anna A\u00f1\u00f3 Luna L\u2019alumnat de primer del cicle formatiu Educaci\u00f3 i Control Ambiental ha participat enguany en el\u00a0 concurs de creaci\u00f3 de v\u00eddeos \u201cSalvem el planeta! Actua ara, dem\u00e0 pot ser massa tard!\u201d que convoca l\u2019associaci\u00f3 Amics de la Unesco Tortosa. La classe s\u2019ha dividit en dos equips que han realitzat un \u00a0v\u00eddeo cadascun sensibilitzant [&hellip;]<\/p>\n","protected":false},"author":8,"featured_media":3867,"comment_status":"open","ping_status":"closed","sticky":false,"template":"","format":"standard","meta":{"_bbp_topic_count":0,"_bbp_reply_count":0,"_bbp_total_topic_count":0,"_bbp_total_reply_count":0,"_bbp_voice_count":0,"_bbp_anonymous_reply_count":0,"_bbp_topic_count_hidden":0,"_bbp_reply_count_hidden":0,"_bbp_forum_subforum_count":0,"site-sidebar-layout":"default","site-content-layout":"","ast-site-content-layout":"","site-content-style":"default","site-sidebar-style":"default","ast-global-header-display":"","ast-banner-title-visibility":"","ast-main-header-display":"","ast-hfb-above-header-display":"","ast-hfb-below-header-display":"","ast-hfb-mobile-header-display":"","site-post-title":"","ast-breadcrumbs-content":"","ast-featured-img":"","footer-sml-layout":"","theme-transparent-header-meta":"","adv-header-id-meta":"","stick-header-meta":"","header-above-stick-meta":"","header-main-stick-meta":"","header-below-stick-meta":"","astra-migrate-meta-layouts":"default","ast-page-background-enabled":"default","ast-page-background-meta":{"desktop":{"background-color":"var(--ast-global-color-4)","background-image":"","background-repeat":"repeat","background-position":"center center","background-size":"auto","background-attachment":"scroll","background-type":"","background-media":"","overlay-type":"","overlay-color":"","overlay-opacity":"","overlay-gradient":""},"tablet":{"background-color":"","background-image":"","background-repeat":"repeat","background-position":"center center","background-size":"auto","background-attachment":"scroll","background-type":"","background-media":"","overlay-type":"","overlay-color":"","overlay-opacity":"","overlay-gradient":""},"mobile":{"background-color":"","background-image":"","background-repeat":"repeat","background-position":"center center","background-size":"auto","background-attachment":"scroll","background-type":"","background-media":"","overlay-type":"","overlay-color":"","overlay-opacity":"","overlay-gradient":""}},"ast-content-background-meta":{"desktop":{"background-color":"var(--ast-global-color-5)","background-image":"","background-repeat":"repeat","background-position":"center center","background-size":"auto","background-attachment":"scroll","background-type":"","background-media":"","overlay-type":"","overlay-color":"","overlay-opacity":"","overlay-gradient":""},"tablet":{"background-color":"var(--ast-global-color-5)","background-image":"","background-repeat":"repeat","background-position":"center center","background-size":"auto","background-attachment":"scroll","background-type":"","background-media":"","overlay-type":"","overlay-color":"","overlay-opacity":"","overlay-gradient":""},"mobile":{"background-color":"var(--ast-global-color-5)","background-image":"","background-repeat":"repeat","background-position":"center center","background-size":"auto","background-attachment":"scroll","background-type":"","background-media":"","overlay-type":"","overlay-color":"","overlay-opacity":"","overlay-gradient":""}},"footnotes":""},"categories":[30,29],"tags":[],"class_list":["post-3866","post","type-post","status-publish","format-standard","has-post-thumbnail","hentry","category-cicles-formatius","category-portada"],"post_mailing_queue_ids":[],"_links":{"self":[{"href":"https:\/\/agora.xtec.cat\/iesalfacs\/wp-json\/wp\/v2\/posts\/3866","targetHints":{"allow":["GET"]}}],"collection":[{"href":"https:\/\/agora.xtec.cat\/iesalfacs\/wp-json\/wp\/v2\/posts"}],"about":[{"href":"https:\/\/agora.xtec.cat\/iesalfacs\/wp-json\/wp\/v2\/types\/post"}],"author":[{"embeddable":true,"href":"https:\/\/agora.xtec.cat\/iesalfacs\/wp-json\/wp\/v2\/users\/8"}],"replies":[{"embeddable":true,"href":"https:\/\/agora.xtec.cat\/iesalfacs\/wp-json\/wp\/v2\/comments?post=3866"}],"version-history":[{"count":2,"href":"https:\/\/agora.xtec.cat\/iesalfacs\/wp-json\/wp\/v2\/posts\/3866\/revisions"}],"predecessor-version":[{"id":3869,"href":"https:\/\/agora.xtec.cat\/iesalfacs\/wp-json\/wp\/v2\/posts\/3866\/revisions\/3869"}],"wp:featuredmedia":[{"embeddable":true,"href":"https:\/\/agora.xtec.cat\/iesalfacs\/wp-json\/wp\/v2\/media\/3867"}],"wp:attachment":[{"href":"https:\/\/agora.xtec.cat\/iesalfacs\/wp-json\/wp\/v2\/media?parent=3866"}],"wp:term":[{"taxonomy":"category","embeddable":true,"href":"https:\/\/agora.xtec.cat\/iesalfacs\/wp-json\/wp\/v2\/categories?post=3866"},{"taxonomy":"post_tag","embeddable":true,"href":"https:\/\/agora.xtec.cat\/iesalfacs\/wp-json\/wp\/v2\/tags?post=3866"}],"curies":[{"name":"wp","href":"https:\/\/api.w.org\/{rel}","templated":true}]}}