{"id":3860,"date":"2020-07-11T09:41:15","date_gmt":"2020-07-11T07:41:15","guid":{"rendered":"https:\/\/agora.xtec.cat\/iesalfacs\/?p=3860"},"modified":"2020-07-11T09:41:41","modified_gmt":"2020-07-11T07:41:41","slug":"ahir-van-acabar-les-pau-per-a-34-alumnes-de-lins-els-alfacs","status":"publish","type":"post","link":"https:\/\/agora.xtec.cat\/iesalfacs\/general\/ahir-van-acabar-les-pau-per-a-34-alumnes-de-lins-els-alfacs\/","title":{"rendered":"AHIR VAN ACABAR LES PAU PER A 34 ALUMNES DE L&#8217;INS ELS ALFACS"},"content":{"rendered":"<div dir=\"auto\">Elisa Julve<\/div>\n<div dir=\"auto\"><\/div>\n<div dir=\"auto\">Despr\u00e9s d&#8217;anys d&#8217;estudi i preparaci\u00f3, i quatre dies molt intensos, ha arribat la data tan esperada: avui toquen a la fi les Proves d&#8217;Acc\u00e9s a la Universitat (PAU). Tot i l&#8217;excepcionalitat de la situaci\u00f3, les PAU 2020 han transcorregut sense cap incid\u00e8ncia destacable. Si b\u00e9 \u00e9s cert que aquest any les proves s&#8217;han realitzat m\u00e9s tard que mai a causa de la Covid-19 i s&#8217;han repartit en m\u00e9s dies i m\u00e9s seus.<\/div>\n<div dir=\"auto\"><\/div>\n<div dir=\"auto\">Els alumnes de 2n de batxillerat de l&#8217;institut Els Alfacs han estat realitzant els ex\u00e0mens durant els dies 7, 8, 9 i 10 de juliol a la Universitat Rovira i Virgili de Tortosa, Campus Terres de l&#8217;Ebre. En aquesta edici\u00f3, el Consell Interuniversitari de Catalunya ha adoptat una s\u00e8rie de mesures per tal de prevenir el risc de contagi i impedir la propagaci\u00f3 del virus. Els estudiants ocupen sempre el mateix lloc assignat i l&#8217;\u00fas de la mascareta \u00e9s obligatori\u00a0 en els espais comuns dels centres i s&#8217;ha intensificat la higiene de mans.<\/div>\n<div dir=\"auto\"><\/div>\n<div dir=\"auto\">Els estudiants hauran d&#8217;esperar fins al dia 27 de juliol per tal de con\u00e8ixer els resultats de les proves. Les vacances estan girant la cantonada i, amb elles, el comen\u00e7ament d&#8217;una nova etapa acad\u00e8mica que tots\/es comencen amb il\u00b7lusi\u00f3.<\/div>\n","protected":false},"excerpt":{"rendered":"<p>Elisa Julve Despr\u00e9s d&#8217;anys d&#8217;estudi i preparaci\u00f3, i quatre dies molt intensos, ha arribat la data tan esperada: avui toquen a la fi les Proves d&#8217;Acc\u00e9s a la Universitat (PAU). Tot i l&#8217;excepcionalitat de la situaci\u00f3, les PAU 2020 han transcorregut sense cap incid\u00e8ncia destacable. Si b\u00e9 \u00e9s cert que aquest any les proves s&#8217;han [&hellip;]<\/p>\n","protected":false},"author":7,"featured_media":3861,"comment_status":"open","ping_status":"closed","sticky":false,"template":"","format":"standard","meta":{"_bbp_topic_count":0,"_bbp_reply_count":0,"_bbp_total_topic_count":0,"_bbp_total_reply_count":0,"_bbp_voice_count":0,"_bbp_anonymous_reply_count":0,"_bbp_topic_count_hidden":0,"_bbp_reply_count_hidden":0,"_bbp_forum_subforum_count":0,"site-sidebar-layout":"default","site-content-layout":"","ast-site-content-layout":"","site-content-style":"default","site-sidebar-style":"default","ast-global-header-display":"","ast-banner-title-visibility":"","ast-main-header-display":"","ast-hfb-above-header-display":"","ast-hfb-below-header-display":"","ast-hfb-mobile-header-display":"","site-post-title":"","ast-breadcrumbs-content":"","ast-featured-img":"","footer-sml-layout":"","theme-transparent-header-meta":"","adv-header-id-meta":"","stick-header-meta":"","header-above-stick-meta":"","header-main-stick-meta":"","header-below-stick-meta":"","astra-migrate-meta-layouts":"default","ast-page-background-enabled":"default","ast-page-background-meta":{"desktop":{"background-color":"var(--ast-global-color-4)","background-image":"","background-repeat":"repeat","background-position":"center center","background-size":"auto","background-attachment":"scroll","background-type":"","background-media":"","overlay-type":"","overlay-color":"","overlay-opacity":"","overlay-gradient":""},"tablet":{"background-color":"","background-image":"","background-repeat":"repeat","background-position":"center center","background-size":"auto","background-attachment":"scroll","background-type":"","background-media":"","overlay-type":"","overlay-color":"","overlay-opacity":"","overlay-gradient":""},"mobile":{"background-color":"","background-image":"","background-repeat":"repeat","background-position":"center center","background-size":"auto","background-attachment":"scroll","background-type":"","background-media":"","overlay-type":"","overlay-color":"","overlay-opacity":"","overlay-gradient":""}},"ast-content-background-meta":{"desktop":{"background-color":"var(--ast-global-color-5)","background-image":"","background-repeat":"repeat","background-position":"center center","background-size":"auto","background-attachment":"scroll","background-type":"","background-media":"","overlay-type":"","overlay-color":"","overlay-opacity":"","overlay-gradient":""},"tablet":{"background-color":"var(--ast-global-color-5)","background-image":"","background-repeat":"repeat","background-position":"center center","background-size":"auto","background-attachment":"scroll","background-type":"","background-media":"","overlay-type":"","overlay-color":"","overlay-opacity":"","overlay-gradient":""},"mobile":{"background-color":"var(--ast-global-color-5)","background-image":"","background-repeat":"repeat","background-position":"center center","background-size":"auto","background-attachment":"scroll","background-type":"","background-media":"","overlay-type":"","overlay-color":"","overlay-opacity":"","overlay-gradient":""}},"footnotes":""},"categories":[1,29],"tags":[],"class_list":["post-3860","post","type-post","status-publish","format-standard","has-post-thumbnail","hentry","category-general","category-portada"],"post_mailing_queue_ids":[],"_links":{"self":[{"href":"https:\/\/agora.xtec.cat\/iesalfacs\/wp-json\/wp\/v2\/posts\/3860","targetHints":{"allow":["GET"]}}],"collection":[{"href":"https:\/\/agora.xtec.cat\/iesalfacs\/wp-json\/wp\/v2\/posts"}],"about":[{"href":"https:\/\/agora.xtec.cat\/iesalfacs\/wp-json\/wp\/v2\/types\/post"}],"author":[{"embeddable":true,"href":"https:\/\/agora.xtec.cat\/iesalfacs\/wp-json\/wp\/v2\/users\/7"}],"replies":[{"embeddable":true,"href":"https:\/\/agora.xtec.cat\/iesalfacs\/wp-json\/wp\/v2\/comments?post=3860"}],"version-history":[{"count":2,"href":"https:\/\/agora.xtec.cat\/iesalfacs\/wp-json\/wp\/v2\/posts\/3860\/revisions"}],"predecessor-version":[{"id":3863,"href":"https:\/\/agora.xtec.cat\/iesalfacs\/wp-json\/wp\/v2\/posts\/3860\/revisions\/3863"}],"wp:featuredmedia":[{"embeddable":true,"href":"https:\/\/agora.xtec.cat\/iesalfacs\/wp-json\/wp\/v2\/media\/3861"}],"wp:attachment":[{"href":"https:\/\/agora.xtec.cat\/iesalfacs\/wp-json\/wp\/v2\/media?parent=3860"}],"wp:term":[{"taxonomy":"category","embeddable":true,"href":"https:\/\/agora.xtec.cat\/iesalfacs\/wp-json\/wp\/v2\/categories?post=3860"},{"taxonomy":"post_tag","embeddable":true,"href":"https:\/\/agora.xtec.cat\/iesalfacs\/wp-json\/wp\/v2\/tags?post=3860"}],"curies":[{"name":"wp","href":"https:\/\/api.w.org\/{rel}","templated":true}]}}