{"id":3474,"date":"2020-02-03T00:23:33","date_gmt":"2020-02-02T23:23:33","guid":{"rendered":"https:\/\/agora.xtec.cat\/iesalfacs\/?p=3474"},"modified":"2020-02-03T00:24:16","modified_gmt":"2020-02-02T23:24:16","slug":"dia-escolar-de-la-no-violencia-i-de-la-pau-al-coc","status":"publish","type":"post","link":"https:\/\/agora.xtec.cat\/iesalfacs\/general\/dia-escolar-de-la-no-violencia-i-de-la-pau-al-coc\/","title":{"rendered":"DIA ESCOLAR DE LA NO-VIOL\u00c8NCIA I DE LA PAU AL C\u00d3C"},"content":{"rendered":"<div>Isabel Asensi<\/div>\n<div><\/div>\n<div>Dijous 30 de gener se celebrava el Dia Escolar de la No-viol\u00e8ncia i de la Pau. Amb motiu d&#8217;aquesta celebraci\u00f3 i, com a cloenda de la V Setmana de la solidaritat, l&#8217;alumnat de 1r d&#8217;ESO de l&#8217;institut Els Alfacs es va despla\u00e7ar a la pla\u00e7a del C\u00f3c. All\u00e0, va participar en l&#8217;acte organitzat pel consistori local, on participaven els alumnes de 5\u00e8 de prim\u00e0ria i de 1r d&#8217;ESO de la poblaci\u00f3. Aquests van arribar a la pla\u00e7a del C\u00f3c portant els productes que s&#8217;havien recollit als centres per a les diferents entitats socials de la localitat. Amb ells van perfilar el colom de la pau dibuixat al terra de la pla\u00e7a.<\/div>\n<div><\/div>\n<div>Despr\u00e9s del parlament inicial de la regidora d&#8217;Ensenyament, la senyora \u00c8rika Ferrat\u00e9, van comen\u00e7ar les diferents lectures escollides pels centres escolars de la poblaci\u00f3. Els alumnes de l&#8217;institut van llegir textos dels poetes Joana Raspall, M\u00e0rius Torres, Emily Dickinson i Salvador Espriu, a m\u00e9s d&#8217;un fragment de la Carta de la Pau. Un cop acabades les lectures, l&#8217;alcalde de la poblaci\u00f3, el senyor Josep Caparr\u00f3s,va cloure l&#8217;acte i els alumnes van tornar al centre.<\/div>\n<div><\/div>\n<div>Els alumnes participants foren els seg\u00fcents: June Barber\u00e0, Iris Bernaltes, Adam Boualili, Gemma Garcia, Nil L\u00f3pez, Judith Requena i Xavier Sanz.<\/div>\n","protected":false},"excerpt":{"rendered":"<p>Isabel Asensi Dijous 30 de gener se celebrava el Dia Escolar de la No-viol\u00e8ncia i de la Pau. Amb motiu d&#8217;aquesta celebraci\u00f3 i, com a cloenda de la V Setmana de la solidaritat, l&#8217;alumnat de 1r d&#8217;ESO de l&#8217;institut Els Alfacs es va despla\u00e7ar a la pla\u00e7a del C\u00f3c. All\u00e0, va participar en l&#8217;acte organitzat [&hellip;]<\/p>\n","protected":false},"author":7,"featured_media":3475,"comment_status":"open","ping_status":"closed","sticky":false,"template":"","format":"standard","meta":{"_bbp_topic_count":0,"_bbp_reply_count":0,"_bbp_total_topic_count":0,"_bbp_total_reply_count":0,"_bbp_voice_count":0,"_bbp_anonymous_reply_count":0,"_bbp_topic_count_hidden":0,"_bbp_reply_count_hidden":0,"_bbp_forum_subforum_count":0,"site-sidebar-layout":"default","site-content-layout":"","ast-site-content-layout":"","site-content-style":"default","site-sidebar-style":"default","ast-global-header-display":"","ast-banner-title-visibility":"","ast-main-header-display":"","ast-hfb-above-header-display":"","ast-hfb-below-header-display":"","ast-hfb-mobile-header-display":"","site-post-title":"","ast-breadcrumbs-content":"","ast-featured-img":"","footer-sml-layout":"","theme-transparent-header-meta":"","adv-header-id-meta":"","stick-header-meta":"","header-above-stick-meta":"","header-main-stick-meta":"","header-below-stick-meta":"","astra-migrate-meta-layouts":"default","ast-page-background-enabled":"default","ast-page-background-meta":{"desktop":{"background-color":"var(--ast-global-color-4)","background-image":"","background-repeat":"repeat","background-position":"center center","background-size":"auto","background-attachment":"scroll","background-type":"","background-media":"","overlay-type":"","overlay-color":"","overlay-opacity":"","overlay-gradient":""},"tablet":{"background-color":"","background-image":"","background-repeat":"repeat","background-position":"center center","background-size":"auto","background-attachment":"scroll","background-type":"","background-media":"","overlay-type":"","overlay-color":"","overlay-opacity":"","overlay-gradient":""},"mobile":{"background-color":"","background-image":"","background-repeat":"repeat","background-position":"center center","background-size":"auto","background-attachment":"scroll","background-type":"","background-media":"","overlay-type":"","overlay-color":"","overlay-opacity":"","overlay-gradient":""}},"ast-content-background-meta":{"desktop":{"background-color":"var(--ast-global-color-5)","background-image":"","background-repeat":"repeat","background-position":"center center","background-size":"auto","background-attachment":"scroll","background-type":"","background-media":"","overlay-type":"","overlay-color":"","overlay-opacity":"","overlay-gradient":""},"tablet":{"background-color":"var(--ast-global-color-5)","background-image":"","background-repeat":"repeat","background-position":"center center","background-size":"auto","background-attachment":"scroll","background-type":"","background-media":"","overlay-type":"","overlay-color":"","overlay-opacity":"","overlay-gradient":""},"mobile":{"background-color":"var(--ast-global-color-5)","background-image":"","background-repeat":"repeat","background-position":"center center","background-size":"auto","background-attachment":"scroll","background-type":"","background-media":"","overlay-type":"","overlay-color":"","overlay-opacity":"","overlay-gradient":""}},"footnotes":""},"categories":[1,29],"tags":[],"class_list":["post-3474","post","type-post","status-publish","format-standard","has-post-thumbnail","hentry","category-general","category-portada"],"post_mailing_queue_ids":[],"_links":{"self":[{"href":"https:\/\/agora.xtec.cat\/iesalfacs\/wp-json\/wp\/v2\/posts\/3474","targetHints":{"allow":["GET"]}}],"collection":[{"href":"https:\/\/agora.xtec.cat\/iesalfacs\/wp-json\/wp\/v2\/posts"}],"about":[{"href":"https:\/\/agora.xtec.cat\/iesalfacs\/wp-json\/wp\/v2\/types\/post"}],"author":[{"embeddable":true,"href":"https:\/\/agora.xtec.cat\/iesalfacs\/wp-json\/wp\/v2\/users\/7"}],"replies":[{"embeddable":true,"href":"https:\/\/agora.xtec.cat\/iesalfacs\/wp-json\/wp\/v2\/comments?post=3474"}],"version-history":[{"count":2,"href":"https:\/\/agora.xtec.cat\/iesalfacs\/wp-json\/wp\/v2\/posts\/3474\/revisions"}],"predecessor-version":[{"id":3477,"href":"https:\/\/agora.xtec.cat\/iesalfacs\/wp-json\/wp\/v2\/posts\/3474\/revisions\/3477"}],"wp:featuredmedia":[{"embeddable":true,"href":"https:\/\/agora.xtec.cat\/iesalfacs\/wp-json\/wp\/v2\/media\/3475"}],"wp:attachment":[{"href":"https:\/\/agora.xtec.cat\/iesalfacs\/wp-json\/wp\/v2\/media?parent=3474"}],"wp:term":[{"taxonomy":"category","embeddable":true,"href":"https:\/\/agora.xtec.cat\/iesalfacs\/wp-json\/wp\/v2\/categories?post=3474"},{"taxonomy":"post_tag","embeddable":true,"href":"https:\/\/agora.xtec.cat\/iesalfacs\/wp-json\/wp\/v2\/tags?post=3474"}],"curies":[{"name":"wp","href":"https:\/\/api.w.org\/{rel}","templated":true}]}}