{"id":3384,"date":"2019-12-15T15:53:07","date_gmt":"2019-12-15T14:53:07","guid":{"rendered":"https:\/\/agora.xtec.cat\/iesalfacs\/?p=3384"},"modified":"2019-12-15T15:53:23","modified_gmt":"2019-12-15T14:53:23","slug":"el-poeta-albert-gavalda-analitza-visions-cants-de-joan-maragall","status":"publish","type":"post","link":"https:\/\/agora.xtec.cat\/iesalfacs\/general\/el-poeta-albert-gavalda-analitza-visions-cants-de-joan-maragall\/","title":{"rendered":"EL POETA ALBERT GAVALD\u00c0 ANALITZA VISIONS &#038; CANTS DE JOAN MARAGALL"},"content":{"rendered":"<p>Una de les lectures prescriptives de 2n de Batxillerat en la mat\u00e8ria de modalitat \u00e9s Literatura Catalana \u00e9s <em>Visions &amp; Cants<\/em> de Joan Maragall. Divendres 13 de desembre reb\u00edem la visita del poeta Albert Gavald\u00e0 que recentment ha publicat a Pag\u00e8s Editors l&#8217;obra po\u00e8tica <em>Poemes d&#8217;Abiss\u00ednia<\/em>. Un conjunt de poemes d&#8217;alta qualitat en qu\u00e8 tot es mou en una mena d&#8217;entramat cabal\u00b7l\u00edstic i una poesia de l&#8217;experi\u00e8ncia d&#8217;alt voltatge. El poeta ens va deleitar amb una intervenci\u00f3 d&#8217;alt nivell i destacar\u00edem la pr\u00f2pia definici\u00f3 del que \u00e9s la poesia:<\/p>\n<p><em>&#8220;La poesia (i l&#8217;art i el pensament en general) \u00e9s un organisme viu. Parla a cada moment d&#8217;una manera nova, es relaciona amb noves experi\u00e8ncies col\u00b7lectives o personals que no existien al moment d&#8217;escriure el poema. &#8221; <\/em>(Albert Gavald\u00e0)<\/p>\n<p>D&#8217;altra banda, quan va fer refer\u00e8ncia al poeta modernista Joan Maragall, va destacar que va ser un autor catal\u00e0 al corrent de totes les novetats europees gr\u00e0cies al seu coneixement de diverses lleng\u00fces com l&#8217;angl\u00e8s, el franc\u00e8s i l&#8217;alemany i, lluny d&#8217;apartar-se de les modes de la Renaixen\u00e7a i del jocfloralisme, va poder posar en q\u00fcesti\u00f3 corrents europeistes que ja no casaven amb el pensament vitalista i regeneracionista del moment.<\/p>\n","protected":false},"excerpt":{"rendered":"<p>Una de les lectures prescriptives de 2n de Batxillerat en la mat\u00e8ria de modalitat \u00e9s Literatura Catalana \u00e9s Visions &amp; Cants de Joan Maragall. Divendres 13 de desembre reb\u00edem la visita del poeta Albert Gavald\u00e0 que recentment ha publicat a Pag\u00e8s Editors l&#8217;obra po\u00e8tica Poemes d&#8217;Abiss\u00ednia. Un conjunt de poemes d&#8217;alta qualitat en qu\u00e8 tot [&hellip;]<\/p>\n","protected":false},"author":7,"featured_media":3385,"comment_status":"open","ping_status":"closed","sticky":false,"template":"","format":"standard","meta":{"_bbp_topic_count":0,"_bbp_reply_count":0,"_bbp_total_topic_count":0,"_bbp_total_reply_count":0,"_bbp_voice_count":0,"_bbp_anonymous_reply_count":0,"_bbp_topic_count_hidden":0,"_bbp_reply_count_hidden":0,"_bbp_forum_subforum_count":0,"site-sidebar-layout":"default","site-content-layout":"","ast-site-content-layout":"","site-content-style":"default","site-sidebar-style":"default","ast-global-header-display":"","ast-banner-title-visibility":"","ast-main-header-display":"","ast-hfb-above-header-display":"","ast-hfb-below-header-display":"","ast-hfb-mobile-header-display":"","site-post-title":"","ast-breadcrumbs-content":"","ast-featured-img":"","footer-sml-layout":"","theme-transparent-header-meta":"","adv-header-id-meta":"","stick-header-meta":"","header-above-stick-meta":"","header-main-stick-meta":"","header-below-stick-meta":"","astra-migrate-meta-layouts":"default","ast-page-background-enabled":"default","ast-page-background-meta":{"desktop":{"background-color":"var(--ast-global-color-4)","background-image":"","background-repeat":"repeat","background-position":"center center","background-size":"auto","background-attachment":"scroll","background-type":"","background-media":"","overlay-type":"","overlay-color":"","overlay-opacity":"","overlay-gradient":""},"tablet":{"background-color":"","background-image":"","background-repeat":"repeat","background-position":"center center","background-size":"auto","background-attachment":"scroll","background-type":"","background-media":"","overlay-type":"","overlay-color":"","overlay-opacity":"","overlay-gradient":""},"mobile":{"background-color":"","background-image":"","background-repeat":"repeat","background-position":"center center","background-size":"auto","background-attachment":"scroll","background-type":"","background-media":"","overlay-type":"","overlay-color":"","overlay-opacity":"","overlay-gradient":""}},"ast-content-background-meta":{"desktop":{"background-color":"var(--ast-global-color-5)","background-image":"","background-repeat":"repeat","background-position":"center center","background-size":"auto","background-attachment":"scroll","background-type":"","background-media":"","overlay-type":"","overlay-color":"","overlay-opacity":"","overlay-gradient":""},"tablet":{"background-color":"var(--ast-global-color-5)","background-image":"","background-repeat":"repeat","background-position":"center center","background-size":"auto","background-attachment":"scroll","background-type":"","background-media":"","overlay-type":"","overlay-color":"","overlay-opacity":"","overlay-gradient":""},"mobile":{"background-color":"var(--ast-global-color-5)","background-image":"","background-repeat":"repeat","background-position":"center center","background-size":"auto","background-attachment":"scroll","background-type":"","background-media":"","overlay-type":"","overlay-color":"","overlay-opacity":"","overlay-gradient":""}},"footnotes":""},"categories":[1,29],"tags":[],"class_list":["post-3384","post","type-post","status-publish","format-standard","has-post-thumbnail","hentry","category-general","category-portada"],"post_mailing_queue_ids":[],"_links":{"self":[{"href":"https:\/\/agora.xtec.cat\/iesalfacs\/wp-json\/wp\/v2\/posts\/3384","targetHints":{"allow":["GET"]}}],"collection":[{"href":"https:\/\/agora.xtec.cat\/iesalfacs\/wp-json\/wp\/v2\/posts"}],"about":[{"href":"https:\/\/agora.xtec.cat\/iesalfacs\/wp-json\/wp\/v2\/types\/post"}],"author":[{"embeddable":true,"href":"https:\/\/agora.xtec.cat\/iesalfacs\/wp-json\/wp\/v2\/users\/7"}],"replies":[{"embeddable":true,"href":"https:\/\/agora.xtec.cat\/iesalfacs\/wp-json\/wp\/v2\/comments?post=3384"}],"version-history":[{"count":1,"href":"https:\/\/agora.xtec.cat\/iesalfacs\/wp-json\/wp\/v2\/posts\/3384\/revisions"}],"predecessor-version":[{"id":3386,"href":"https:\/\/agora.xtec.cat\/iesalfacs\/wp-json\/wp\/v2\/posts\/3384\/revisions\/3386"}],"wp:featuredmedia":[{"embeddable":true,"href":"https:\/\/agora.xtec.cat\/iesalfacs\/wp-json\/wp\/v2\/media\/3385"}],"wp:attachment":[{"href":"https:\/\/agora.xtec.cat\/iesalfacs\/wp-json\/wp\/v2\/media?parent=3384"}],"wp:term":[{"taxonomy":"category","embeddable":true,"href":"https:\/\/agora.xtec.cat\/iesalfacs\/wp-json\/wp\/v2\/categories?post=3384"},{"taxonomy":"post_tag","embeddable":true,"href":"https:\/\/agora.xtec.cat\/iesalfacs\/wp-json\/wp\/v2\/tags?post=3384"}],"curies":[{"name":"wp","href":"https:\/\/api.w.org\/{rel}","templated":true}]}}