{"id":2991,"date":"2019-05-06T21:11:07","date_gmt":"2019-05-06T19:11:07","guid":{"rendered":"http:\/\/agora.xtec.cat\/iesalfacs\/?p=2991"},"modified":"2019-05-20T10:20:35","modified_gmt":"2019-05-20T08:20:35","slug":"terra-de-sal-2","status":"publish","type":"post","link":"https:\/\/agora.xtec.cat\/iesalfacs\/general\/terra-de-sal-2\/","title":{"rendered":"TERRA DE SAL"},"content":{"rendered":"<p>&nbsp;<\/p>\n<p>Cliqueu<a href=\"https:\/\/photos.app.goo.gl\/dPmgEyzPLTuLiPYH8\"> aqu\u00ed <\/a>per veure les fotos del grup <strong>2n ESO A <\/strong>(Roser L\u00f3pez i Carme Barber\u00e0)<\/p>\n<p>Cliqueu <a href=\"https:\/\/photos.app.goo.gl\/mrMUBsYvojuXxXk6A\">aqu\u00ed<\/a> per veure les fotos del grup <strong>2n ESO B<\/strong> (Anna Fabregat i Adriana Ferrreres)<\/p>\n<p>Cliqueu <a href=\"https:\/\/photos.app.goo.gl\/ZMCK7SA7bTYE5kNh9\">aqu\u00ed<\/a> per veure les fotos del grup <strong>2n ESO C<\/strong> (Miquel P\u00e9rez i Antonio Mingorance)<\/p>\n<p>Cliqueu <a href=\"https:\/\/photos.app.goo.gl\/o3SL5546H44oDaUb8\">aqu\u00ed<\/a> per veure les fotos del grup <strong>2n ESO D<\/strong>. (Robert Gas i Salom\u00e9 Pla)<\/p>\n<p>&nbsp;<\/p>\n<p>Durant aquest mes de maig els alumnes de 2n ESO aniran visitant el Delta per tal de comen\u00e7ar a configurar el Treball de s\u00edntesi que es realitzar\u00e0 a partir de l&#8217;11 de juny. Com a novetat d&#8217;aquest any es treballar\u00e0 m\u00e9s competencialment i se&#8217;ls proposa un microreportatge relacionat amb algun dels aspectes del Delta (la sal, les aus, la vegetaci\u00f3, les arts de pesca, les pontones&#8230;). La sortida es fa amb la col\u00b7laboraci\u00f3 dels monitors del Camp d&#8217;Aprenentatge i es visita l&#8217;Aluet i tamb\u00e9 M\u00f3nNatura. Cal dir que es tracta d&#8217;una sortida curricular totalment finan\u00e7ada per l&#8217;institut Els Alfacs.<\/p>\n","protected":false},"excerpt":{"rendered":"<p>&nbsp; Cliqueu aqu\u00ed per veure les fotos del grup 2n ESO A (Roser L\u00f3pez i Carme Barber\u00e0) Cliqueu aqu\u00ed per veure les fotos del grup 2n ESO B (Anna Fabregat i Adriana Ferrreres) Cliqueu aqu\u00ed per veure les fotos del grup 2n ESO C (Miquel P\u00e9rez i Antonio Mingorance) Cliqueu aqu\u00ed per veure les fotos [&hellip;]<\/p>\n","protected":false},"author":7,"featured_media":2992,"comment_status":"open","ping_status":"closed","sticky":false,"template":"","format":"standard","meta":{"_bbp_topic_count":0,"_bbp_reply_count":0,"_bbp_total_topic_count":0,"_bbp_total_reply_count":0,"_bbp_voice_count":0,"_bbp_anonymous_reply_count":0,"_bbp_topic_count_hidden":0,"_bbp_reply_count_hidden":0,"_bbp_forum_subforum_count":0,"site-sidebar-layout":"default","site-content-layout":"","ast-site-content-layout":"","site-content-style":"default","site-sidebar-style":"default","ast-global-header-display":"","ast-banner-title-visibility":"","ast-main-header-display":"","ast-hfb-above-header-display":"","ast-hfb-below-header-display":"","ast-hfb-mobile-header-display":"","site-post-title":"","ast-breadcrumbs-content":"","ast-featured-img":"","footer-sml-layout":"","theme-transparent-header-meta":"","adv-header-id-meta":"","stick-header-meta":"","header-above-stick-meta":"","header-main-stick-meta":"","header-below-stick-meta":"","astra-migrate-meta-layouts":"default","ast-page-background-enabled":"default","ast-page-background-meta":{"desktop":{"background-color":"var(--ast-global-color-4)","background-image":"","background-repeat":"repeat","background-position":"center center","background-size":"auto","background-attachment":"scroll","background-type":"","background-media":"","overlay-type":"","overlay-color":"","overlay-opacity":"","overlay-gradient":""},"tablet":{"background-color":"","background-image":"","background-repeat":"repeat","background-position":"center center","background-size":"auto","background-attachment":"scroll","background-type":"","background-media":"","overlay-type":"","overlay-color":"","overlay-opacity":"","overlay-gradient":""},"mobile":{"background-color":"","background-image":"","background-repeat":"repeat","background-position":"center center","background-size":"auto","background-attachment":"scroll","background-type":"","background-media":"","overlay-type":"","overlay-color":"","overlay-opacity":"","overlay-gradient":""}},"ast-content-background-meta":{"desktop":{"background-color":"var(--ast-global-color-5)","background-image":"","background-repeat":"repeat","background-position":"center center","background-size":"auto","background-attachment":"scroll","background-type":"","background-media":"","overlay-type":"","overlay-color":"","overlay-opacity":"","overlay-gradient":""},"tablet":{"background-color":"var(--ast-global-color-5)","background-image":"","background-repeat":"repeat","background-position":"center center","background-size":"auto","background-attachment":"scroll","background-type":"","background-media":"","overlay-type":"","overlay-color":"","overlay-opacity":"","overlay-gradient":""},"mobile":{"background-color":"var(--ast-global-color-5)","background-image":"","background-repeat":"repeat","background-position":"center center","background-size":"auto","background-attachment":"scroll","background-type":"","background-media":"","overlay-type":"","overlay-color":"","overlay-opacity":"","overlay-gradient":""}},"footnotes":""},"categories":[1,29],"tags":[],"class_list":["post-2991","post","type-post","status-publish","format-standard","has-post-thumbnail","hentry","category-general","category-portada"],"post_mailing_queue_ids":[],"_links":{"self":[{"href":"https:\/\/agora.xtec.cat\/iesalfacs\/wp-json\/wp\/v2\/posts\/2991","targetHints":{"allow":["GET"]}}],"collection":[{"href":"https:\/\/agora.xtec.cat\/iesalfacs\/wp-json\/wp\/v2\/posts"}],"about":[{"href":"https:\/\/agora.xtec.cat\/iesalfacs\/wp-json\/wp\/v2\/types\/post"}],"author":[{"embeddable":true,"href":"https:\/\/agora.xtec.cat\/iesalfacs\/wp-json\/wp\/v2\/users\/7"}],"replies":[{"embeddable":true,"href":"https:\/\/agora.xtec.cat\/iesalfacs\/wp-json\/wp\/v2\/comments?post=2991"}],"version-history":[{"count":3,"href":"https:\/\/agora.xtec.cat\/iesalfacs\/wp-json\/wp\/v2\/posts\/2991\/revisions"}],"predecessor-version":[{"id":3027,"href":"https:\/\/agora.xtec.cat\/iesalfacs\/wp-json\/wp\/v2\/posts\/2991\/revisions\/3027"}],"wp:featuredmedia":[{"embeddable":true,"href":"https:\/\/agora.xtec.cat\/iesalfacs\/wp-json\/wp\/v2\/media\/2992"}],"wp:attachment":[{"href":"https:\/\/agora.xtec.cat\/iesalfacs\/wp-json\/wp\/v2\/media?parent=2991"}],"wp:term":[{"taxonomy":"category","embeddable":true,"href":"https:\/\/agora.xtec.cat\/iesalfacs\/wp-json\/wp\/v2\/categories?post=2991"},{"taxonomy":"post_tag","embeddable":true,"href":"https:\/\/agora.xtec.cat\/iesalfacs\/wp-json\/wp\/v2\/tags?post=2991"}],"curies":[{"name":"wp","href":"https:\/\/api.w.org\/{rel}","templated":true}]}}