{"id":2865,"date":"2019-03-30T17:44:18","date_gmt":"2019-03-30T16:44:18","guid":{"rendered":"http:\/\/agora.xtec.cat\/iesalfacs\/?p=2865"},"modified":"2019-04-01T10:23:20","modified_gmt":"2019-04-01T08:23:20","slug":"forum-escoles-verdes","status":"publish","type":"post","link":"https:\/\/agora.xtec.cat\/iesalfacs\/portada\/forum-escoles-verdes\/","title":{"rendered":"F\u00f2rum escoles Verdes"},"content":{"rendered":"<p><a href=\"https:\/\/agora.xtec.cat\/iesalfacs\/wp-content\/uploads\/usu209\/2019\/03\/IMG_20190328_093814-COLLAGE-mini.jpg\"><img loading=\"lazy\" decoding=\"async\" class=\"alignnone size-large wp-image-2866\" src=\"https:\/\/agora.xtec.cat\/iesalfacs\/wp-content\/uploads\/usu209\/2019\/03\/IMG_20190328_093814-COLLAGE-mini-1024x1024.jpg\" alt=\"\" width=\"1024\" height=\"1024\" srcset=\"https:\/\/agora.xtec.cat\/iesalfacs\/wp-content\/uploads\/usu209\/2019\/03\/IMG_20190328_093814-COLLAGE-mini-1024x1024.jpg 1024w, https:\/\/agora.xtec.cat\/iesalfacs\/wp-content\/uploads\/usu209\/2019\/03\/IMG_20190328_093814-COLLAGE-mini-150x150.jpg 150w, https:\/\/agora.xtec.cat\/iesalfacs\/wp-content\/uploads\/usu209\/2019\/03\/IMG_20190328_093814-COLLAGE-mini-300x300.jpg 300w, https:\/\/agora.xtec.cat\/iesalfacs\/wp-content\/uploads\/usu209\/2019\/03\/IMG_20190328_093814-COLLAGE-mini-768x768.jpg 768w, https:\/\/agora.xtec.cat\/iesalfacs\/wp-content\/uploads\/usu209\/2019\/03\/IMG_20190328_093814-COLLAGE-mini.jpg 1535w\" sizes=\"auto, (max-width: 1024px) 100vw, 1024px\" \/><\/a>Dijous 28 de mar\u00e7 va tenir lloc al nostre centre el F\u00f2rum d&#8217;Escoles Verdes de les Terres de l&#8217;Ebre on 39 alumnes i 15 professors de 7 instituts de la nostra demarcaci\u00f3 ens van compartir amb nosaltres els seus projectes mediambientals m\u00e9s exitosos. A la inauguraci\u00f3 van assistir diverses autoritats com ara l&#8217;alcalde, la inspectora de centre i delegaci\u00f3 de Sostenibilitat i Territori a les Terres de l&#8217;Ebre.<\/p>\n<p>La jornada va estar organitzada per l&#8217;organitzaci\u00f3 Cel Rogenc que amb 3 monitors va dinamitzar l&#8217;alumnat i el professorat afavorint l&#8217;intercanvi d&#8217;experi\u00e8ncies. Despr\u00e9s d&#8217;un mat\u00ed de treball ens vam adre\u00e7ar tots al Parc de Garb\u00ed on vam dinar i vam realitzar un actuaci\u00f3 mediambiental consistent en l&#8217;an\u00e0lisi dels micropl\u00e0stics existents a la platja de Garb\u00ed. \u00a0Finalment el regidor d&#8217;ensenyament va fer la cloenda del f\u00f3rum a la mateixa platja de Garb\u00ed.<\/p>\n<p>Des del centre volem agrair als organitzadors del centre (Alejandro Casta\u00f1eda i Anna A\u00f1\u00f3) \u00a0la col\u00b7laboraci\u00f3 aix\u00ed com als alumnes participants, especialment a Lucia Ruiz, Ferran Cartes i Pau Donate.<\/p>\n","protected":false},"excerpt":{"rendered":"<p>Dijous 28 de mar\u00e7 va tenir lloc al nostre centre el F\u00f2rum d&#8217;Escoles Verdes de les Terres de l&#8217;Ebre on 39 alumnes i 15 professors de 7 instituts de la nostra demarcaci\u00f3 ens van compartir amb nosaltres els seus projectes mediambientals m\u00e9s exitosos. A la inauguraci\u00f3 van assistir diverses autoritats com ara l&#8217;alcalde, la inspectora [&hellip;]<\/p>\n","protected":false},"author":112,"featured_media":2866,"comment_status":"open","ping_status":"closed","sticky":false,"template":"","format":"standard","meta":{"_bbp_topic_count":0,"_bbp_reply_count":0,"_bbp_total_topic_count":0,"_bbp_total_reply_count":0,"_bbp_voice_count":0,"_bbp_anonymous_reply_count":0,"_bbp_topic_count_hidden":0,"_bbp_reply_count_hidden":0,"_bbp_forum_subforum_count":0,"site-sidebar-layout":"default","site-content-layout":"","ast-site-content-layout":"","site-content-style":"default","site-sidebar-style":"default","ast-global-header-display":"","ast-banner-title-visibility":"","ast-main-header-display":"","ast-hfb-above-header-display":"","ast-hfb-below-header-display":"","ast-hfb-mobile-header-display":"","site-post-title":"","ast-breadcrumbs-content":"","ast-featured-img":"","footer-sml-layout":"","theme-transparent-header-meta":"","adv-header-id-meta":"","stick-header-meta":"","header-above-stick-meta":"","header-main-stick-meta":"","header-below-stick-meta":"","astra-migrate-meta-layouts":"default","ast-page-background-enabled":"default","ast-page-background-meta":{"desktop":{"background-color":"var(--ast-global-color-4)","background-image":"","background-repeat":"repeat","background-position":"center center","background-size":"auto","background-attachment":"scroll","background-type":"","background-media":"","overlay-type":"","overlay-color":"","overlay-opacity":"","overlay-gradient":""},"tablet":{"background-color":"","background-image":"","background-repeat":"repeat","background-position":"center center","background-size":"auto","background-attachment":"scroll","background-type":"","background-media":"","overlay-type":"","overlay-color":"","overlay-opacity":"","overlay-gradient":""},"mobile":{"background-color":"","background-image":"","background-repeat":"repeat","background-position":"center center","background-size":"auto","background-attachment":"scroll","background-type":"","background-media":"","overlay-type":"","overlay-color":"","overlay-opacity":"","overlay-gradient":""}},"ast-content-background-meta":{"desktop":{"background-color":"var(--ast-global-color-5)","background-image":"","background-repeat":"repeat","background-position":"center center","background-size":"auto","background-attachment":"scroll","background-type":"","background-media":"","overlay-type":"","overlay-color":"","overlay-opacity":"","overlay-gradient":""},"tablet":{"background-color":"var(--ast-global-color-5)","background-image":"","background-repeat":"repeat","background-position":"center center","background-size":"auto","background-attachment":"scroll","background-type":"","background-media":"","overlay-type":"","overlay-color":"","overlay-opacity":"","overlay-gradient":""},"mobile":{"background-color":"var(--ast-global-color-5)","background-image":"","background-repeat":"repeat","background-position":"center center","background-size":"auto","background-attachment":"scroll","background-type":"","background-media":"","overlay-type":"","overlay-color":"","overlay-opacity":"","overlay-gradient":""}},"footnotes":""},"categories":[29],"tags":[],"class_list":["post-2865","post","type-post","status-publish","format-standard","has-post-thumbnail","hentry","category-portada"],"post_mailing_queue_ids":[],"_links":{"self":[{"href":"https:\/\/agora.xtec.cat\/iesalfacs\/wp-json\/wp\/v2\/posts\/2865","targetHints":{"allow":["GET"]}}],"collection":[{"href":"https:\/\/agora.xtec.cat\/iesalfacs\/wp-json\/wp\/v2\/posts"}],"about":[{"href":"https:\/\/agora.xtec.cat\/iesalfacs\/wp-json\/wp\/v2\/types\/post"}],"author":[{"embeddable":true,"href":"https:\/\/agora.xtec.cat\/iesalfacs\/wp-json\/wp\/v2\/users\/112"}],"replies":[{"embeddable":true,"href":"https:\/\/agora.xtec.cat\/iesalfacs\/wp-json\/wp\/v2\/comments?post=2865"}],"version-history":[{"count":1,"href":"https:\/\/agora.xtec.cat\/iesalfacs\/wp-json\/wp\/v2\/posts\/2865\/revisions"}],"predecessor-version":[{"id":2867,"href":"https:\/\/agora.xtec.cat\/iesalfacs\/wp-json\/wp\/v2\/posts\/2865\/revisions\/2867"}],"wp:featuredmedia":[{"embeddable":true,"href":"https:\/\/agora.xtec.cat\/iesalfacs\/wp-json\/wp\/v2\/media\/2866"}],"wp:attachment":[{"href":"https:\/\/agora.xtec.cat\/iesalfacs\/wp-json\/wp\/v2\/media?parent=2865"}],"wp:term":[{"taxonomy":"category","embeddable":true,"href":"https:\/\/agora.xtec.cat\/iesalfacs\/wp-json\/wp\/v2\/categories?post=2865"},{"taxonomy":"post_tag","embeddable":true,"href":"https:\/\/agora.xtec.cat\/iesalfacs\/wp-json\/wp\/v2\/tags?post=2865"}],"curies":[{"name":"wp","href":"https:\/\/api.w.org\/{rel}","templated":true}]}}