{"id":2861,"date":"2019-04-01T10:27:28","date_gmt":"2019-04-01T08:27:28","guid":{"rendered":"http:\/\/agora.xtec.cat\/iesalfacs\/?p=2861"},"modified":"2019-04-02T07:53:34","modified_gmt":"2019-04-02T05:53:34","slug":"poesia-es-creure-en-la-forca-de-les-paraules-per-crear","status":"publish","type":"post","link":"https:\/\/agora.xtec.cat\/iesalfacs\/general\/poesia-es-creure-en-la-forca-de-les-paraules-per-crear\/","title":{"rendered":"Poesia \u00e9s creure en la for\u00e7a de les paraules per crear"},"content":{"rendered":"<p>El passat divendres dia 22 de mar\u00e7, arran del Dia Mundial de la Poesia, els alumnes de 2n de Batxillerat van rebre la visita de Joan Callau, poeta guanyador del Premi Miquel Mart\u00ed i Pol l&#8217;any 2013 i coordinador dels Premis literaris de l&#8217;Ametlla de Mar.<\/p>\n<p><em>&#8220;<img loading=\"lazy\" decoding=\"async\" class=\"alignright \" src=\"http:\/\/drive.google.com\/uc?export=view&amp;id=1Yya9Y5PI8P62xos5i3QKW3G9kksOUIaK\" width=\"417\" height=\"298\" \/>Poesia \u00e9s creure en la for\u00e7a de les paraules per crear, per visualitzar les coses&#8221;.<\/em> Amb aquestes paraules, Callau els va introduir en l&#8217;art de la recitaci\u00f3 po\u00e8tica. Les pauses i silencis van donar ritme a la sessi\u00f3, i la veu experimentada del poeta va dirigir el cor de veus que es va al\u00e7ar des de la classe 2.1. de l&#8217;aulari de l&#8217;institut Els Alfacs.<\/p>\n<p>Entre versos d\u2019Enric S\u00f2ria\u00a0 i Montserrat Abell\u00f3, entre d\u2019altres, ens vam submergir en un m\u00f3n d&#8217;emocions que, bressolades amb les veus dels qui est\u00e0vem all\u00ed, ens van fer plorar, riure i gaudir durant una hora de l&#8217;inesgotable plaer de viure la poesia en primera persona, de fer-la nostra.<\/p>\n<p>L&#8217;experi\u00e8ncia no podria haver tingut un final m\u00e9s emocionant. Per tancar la sessi\u00f3, Joan Callau ens va delectar amb una exclusiva:\u00a0 un parell de poemes del seu \u00faltim llibre encara in\u00e8dit.<\/p>\n<p>Per tal d\u2019arrodonir la visita, Joan Callau tamb\u00e9 va fer una sessi\u00f3 a l&#8217;alumnat de 3r d&#8217;ESO de l&#8217;optativa de Cultura Cl\u00e0ssica i a 4t ESO D. Tots vam quedar embaladits, captivats pel domini de la paraula de tants autors coneguts i d&#8217;altres encara per descobrir.<\/p>\n","protected":false},"excerpt":{"rendered":"<p>El passat divendres dia 22 de mar\u00e7, arran del Dia Mundial de la Poesia, els alumnes de 2n de Batxillerat van rebre la visita de Joan Callau, poeta guanyador del Premi Miquel Mart\u00ed i Pol l&#8217;any 2013 i coordinador dels Premis literaris de l&#8217;Ametlla de Mar. &#8220;Poesia \u00e9s creure en la for\u00e7a de les paraules [&hellip;]<\/p>\n","protected":false},"author":255,"featured_media":2875,"comment_status":"open","ping_status":"closed","sticky":false,"template":"","format":"standard","meta":{"_bbp_topic_count":0,"_bbp_reply_count":0,"_bbp_total_topic_count":0,"_bbp_total_reply_count":0,"_bbp_voice_count":0,"_bbp_anonymous_reply_count":0,"_bbp_topic_count_hidden":0,"_bbp_reply_count_hidden":0,"_bbp_forum_subforum_count":0,"site-sidebar-layout":"default","site-content-layout":"","ast-site-content-layout":"","site-content-style":"default","site-sidebar-style":"default","ast-global-header-display":"","ast-banner-title-visibility":"","ast-main-header-display":"","ast-hfb-above-header-display":"","ast-hfb-below-header-display":"","ast-hfb-mobile-header-display":"","site-post-title":"","ast-breadcrumbs-content":"","ast-featured-img":"","footer-sml-layout":"","theme-transparent-header-meta":"","adv-header-id-meta":"","stick-header-meta":"","header-above-stick-meta":"","header-main-stick-meta":"","header-below-stick-meta":"","astra-migrate-meta-layouts":"default","ast-page-background-enabled":"default","ast-page-background-meta":{"desktop":{"background-color":"var(--ast-global-color-4)","background-image":"","background-repeat":"repeat","background-position":"center center","background-size":"auto","background-attachment":"scroll","background-type":"","background-media":"","overlay-type":"","overlay-color":"","overlay-opacity":"","overlay-gradient":""},"tablet":{"background-color":"","background-image":"","background-repeat":"repeat","background-position":"center center","background-size":"auto","background-attachment":"scroll","background-type":"","background-media":"","overlay-type":"","overlay-color":"","overlay-opacity":"","overlay-gradient":""},"mobile":{"background-color":"","background-image":"","background-repeat":"repeat","background-position":"center center","background-size":"auto","background-attachment":"scroll","background-type":"","background-media":"","overlay-type":"","overlay-color":"","overlay-opacity":"","overlay-gradient":""}},"ast-content-background-meta":{"desktop":{"background-color":"var(--ast-global-color-5)","background-image":"","background-repeat":"repeat","background-position":"center center","background-size":"auto","background-attachment":"scroll","background-type":"","background-media":"","overlay-type":"","overlay-color":"","overlay-opacity":"","overlay-gradient":""},"tablet":{"background-color":"var(--ast-global-color-5)","background-image":"","background-repeat":"repeat","background-position":"center center","background-size":"auto","background-attachment":"scroll","background-type":"","background-media":"","overlay-type":"","overlay-color":"","overlay-opacity":"","overlay-gradient":""},"mobile":{"background-color":"var(--ast-global-color-5)","background-image":"","background-repeat":"repeat","background-position":"center center","background-size":"auto","background-attachment":"scroll","background-type":"","background-media":"","overlay-type":"","overlay-color":"","overlay-opacity":"","overlay-gradient":""}},"footnotes":""},"categories":[1,29],"tags":[],"class_list":["post-2861","post","type-post","status-publish","format-standard","has-post-thumbnail","hentry","category-general","category-portada"],"post_mailing_queue_ids":[],"_links":{"self":[{"href":"https:\/\/agora.xtec.cat\/iesalfacs\/wp-json\/wp\/v2\/posts\/2861","targetHints":{"allow":["GET"]}}],"collection":[{"href":"https:\/\/agora.xtec.cat\/iesalfacs\/wp-json\/wp\/v2\/posts"}],"about":[{"href":"https:\/\/agora.xtec.cat\/iesalfacs\/wp-json\/wp\/v2\/types\/post"}],"author":[{"embeddable":true,"href":"https:\/\/agora.xtec.cat\/iesalfacs\/wp-json\/wp\/v2\/users\/255"}],"replies":[{"embeddable":true,"href":"https:\/\/agora.xtec.cat\/iesalfacs\/wp-json\/wp\/v2\/comments?post=2861"}],"version-history":[{"count":2,"href":"https:\/\/agora.xtec.cat\/iesalfacs\/wp-json\/wp\/v2\/posts\/2861\/revisions"}],"predecessor-version":[{"id":2889,"href":"https:\/\/agora.xtec.cat\/iesalfacs\/wp-json\/wp\/v2\/posts\/2861\/revisions\/2889"}],"wp:featuredmedia":[{"embeddable":true,"href":"https:\/\/agora.xtec.cat\/iesalfacs\/wp-json\/wp\/v2\/media\/2875"}],"wp:attachment":[{"href":"https:\/\/agora.xtec.cat\/iesalfacs\/wp-json\/wp\/v2\/media?parent=2861"}],"wp:term":[{"taxonomy":"category","embeddable":true,"href":"https:\/\/agora.xtec.cat\/iesalfacs\/wp-json\/wp\/v2\/categories?post=2861"},{"taxonomy":"post_tag","embeddable":true,"href":"https:\/\/agora.xtec.cat\/iesalfacs\/wp-json\/wp\/v2\/tags?post=2861"}],"curies":[{"name":"wp","href":"https:\/\/api.w.org\/{rel}","templated":true}]}}