{"id":2796,"date":"2019-03-18T11:31:22","date_gmt":"2019-03-18T10:31:22","guid":{"rendered":"http:\/\/agora.xtec.cat\/iesalfacs\/?p=2796"},"modified":"2019-03-26T23:47:46","modified_gmt":"2019-03-26T22:47:46","slug":"premis-federico-mayor-zaragoza","status":"publish","type":"post","link":"https:\/\/agora.xtec.cat\/iesalfacs\/general\/premis-federico-mayor-zaragoza\/","title":{"rendered":"XII EDICI\u00d3 DELS PREMIS FEDERICO MAYOR ZARAGOZA (TORTOSA 2019)"},"content":{"rendered":"<p>Anna Caballol i Rosanna de la Vega<\/p>\n<p>Enlla\u00e7os per veure els clipmetratges:<\/p>\n<p>EL DELTA DE L&#8217;EBRE:<a href=\"https:\/\/www.youtube.com\/watch?v=1RKtTW-78Ic&amp;feature=youtu.be\">https:\/\/www.youtube.com\/watch?v=1RKtTW-78Ic&amp;feature=youtu.be<\/a><\/p>\n<p>ON S&#8217;AMAGUEN LES ESP\u00c8CIES?:\u00a0<a href=\"https:\/\/www.youtube.com\/watch?v=RrgN7MmguDI&amp;feature=youtu.be\">https:\/\/www.youtube.com\/watch?v=RrgN7MmguDI&amp;feature=youtu.be<\/a><\/p>\n<p>&nbsp;<\/p>\n<p>Sant Carles de la R\u00e0pita, 16 de mar\u00e7 de 2019<\/p>\n<p><strong>XIIa EDICI\u00d3 PREMI FEDERICO MAYOR ZARAGOZA. Tortosa, curs 2018-2019<\/strong><\/p>\n<p><strong>\u00a0\u00a0\u00a0\u00a0\u00a0\u00a0\u00a0\u00a0\u00a0\u00a0\u00a0\u00a0\u00a0\u00a0\u00a0 Amb el lema: \u201cSALVEM EL PLANETA: Actuem ara, dem\u00e0 pot ser tard\u201d<\/strong><\/p>\n<p>Un any m\u00e9s, l\u2019Auditori Felip Pedrell de Tortosa va acollir l\u2019entrega del Premi Federico Mayor Zaragoza, un concurs de creaci\u00f3 de clipmetratges, organitzat per l\u2019Associaci\u00f3 d\u2019Amics i Amigues de la Unesco de Tortosa i adre\u00e7at a tot el m\u00f3n educatiu.<\/p>\n<p>Aquest any ha estat la XII edici\u00f3 amb la tem\u00e0tica: \u201cSALVEM EL PLANETA. Actuem ara, dem\u00e0 pot ser tard!\u201d. S\u2019hi van presentar 65 treballs, entre escoles i instituts. La majoria eren de les Terres de l\u2019Ebre, per\u00f2 tamb\u00e9 es van presentar treballs des de Saragossa, Reinosa, Mallorca i la resta de Catalunya.<\/p>\n<p>Des del Departament de Ci\u00e8ncies Socials i amb el suport de la mat\u00e8ria de Cultura i Valors \u00c8tics vam decidir participar en el concurs amb l\u2019alumnat de segon cicle de la ESO i dos dels clipmetratges presentats han estat guanyadors, concretament: \u201cON S\u2019AMAGUEN AQUESTES ESP\u00c8CIES\u201d d\u2019Al\u00e8xia Brusca i Sara Porres i \u201cEL DELTA DE L\u2019EBRE\u201d de S\u00edlvia G\u00f3mez, Marta Mariano, Gemma Pedroche i Alba Taul\u00e9s.<\/p>\n<p>I des del Departament de Ci\u00e8ncies Socials i tot l\u2019institut Els Alfacs volem felicitar\u00a0 les noies que en dos minuts de v\u00eddeo, van imaginar i crear dos treballs que sintetitzen uns problemes que tenim ben a prop nostre, com \u00e9s la contaminaci\u00f3 i brut\u00edcia i el perill d\u2019extinci\u00f3 de diferents esp\u00e8cies al Delta de l\u2019Ebre.<\/p>\n<p>Treballs premiats que ens fan feli\u00e7os i en donen esperan\u00e7a en la nostra joventut perqu\u00e8 veiem que entenen quin \u00e9s l\u2019objectiu i el saben posar en pr\u00e0ctica per a difondre\u2019l.<\/p>\n<p>&nbsp;<\/p>\n<p>Per\u00f2, qui \u00e9s Federico Mayor Zaragoza?<\/p>\n<p>Federico Mayor Zaragoza, va n\u00e0ixer a Barcelona el 1934, encara que aix\u00f2 no el trau de tenir fortes arrels a Tortosa. \u00c9s Doctor en Farm\u00e0cia i catedr\u00e0tic de Bioqu\u00edmica de la Universitat de Granada. Tamb\u00e9 ha estat dedicat a la pol\u00edtica arribant a ser nomenat Ministre d\u2019Educaci\u00f3 durant el segon govern d\u2019Adolfo Suarez. Posteriorment, va\u00a0 ser escollit eurodiputat al Parlament Europeu. El 1987 va ser designat Director General de la UNESCO, c\u00e0rrec que va presidir fins al 1999 i on va fomentar projectes per la pau, els drets humans, el di\u00e0leg entre cultures i la preservaci\u00f3 del patrimoni mundial tant cultural, hist\u00f2ric com art\u00edstic.<\/p>\n<p>Actualment, presideix la <em>Fundaci\u00f3 per a una Cultura de Pau, <\/em>\u00e9s President del Consell Cient\u00edfic de la Fundaci\u00f3 Ram\u00f3n Areces i co-presideix el Grup d\u2019Alt Nivell per a l\u2019Alian\u00e7a de Civilitzacions.<\/p>\n<p>Federico Mayor Zaragoza \u00e9s una persona implicada amb la Terra, en el nostre m\u00f3n, per qu\u00e8 l\u2019hem de preservar i que hem de tenir present, dia a dia, i tal com ell diu que: \u201dEstem en un moment cr\u00edtic de la hist\u00f2ria de la Terra, en el qual, la humanitat ha d\u2019escollir el seu futur\u201d.<\/p>\n<p>Per aix\u00f2, Federico Mayor Zaragoza fa for\u00e7a perqu\u00e8 sigui responsabilitat intergeneracional el fet de salvaguardar el nostre espai, el nostre h\u00e0bitat, el lloc de tots i totes. I com ho fa?&#8230;Donant empenta amb les paraules de Miquel Mart\u00ed i Pol: \u201cTot est\u00e0 per fer i tot \u00e9s possible&#8230;\u201d I aix\u00f2, com diu ell, \u00e9s feina de dones i homes, nosaltres, els adults, i tamb\u00e9 de noies i nois, el nostre jovent, que hem de posar en pr\u00e0ctica l\u2019Agenda 2030 per assolir els Objectius<\/p>\n<p>&nbsp;<\/p>\n","protected":false},"excerpt":{"rendered":"<p>Anna Caballol i Rosanna de la Vega Enlla\u00e7os per veure els clipmetratges: EL DELTA DE L&#8217;EBRE:https:\/\/www.youtube.com\/watch?v=1RKtTW-78Ic&amp;feature=youtu.be ON S&#8217;AMAGUEN LES ESP\u00c8CIES?:\u00a0https:\/\/www.youtube.com\/watch?v=RrgN7MmguDI&amp;feature=youtu.be &nbsp; Sant Carles de la R\u00e0pita, 16 de mar\u00e7 de 2019 XIIa EDICI\u00d3 PREMI FEDERICO MAYOR ZARAGOZA. Tortosa, curs 2018-2019 \u00a0\u00a0\u00a0\u00a0\u00a0\u00a0\u00a0\u00a0\u00a0\u00a0\u00a0\u00a0\u00a0\u00a0\u00a0 Amb el lema: \u201cSALVEM EL PLANETA: Actuem ara, dem\u00e0 pot ser tard\u201d Un any [&hellip;]<\/p>\n","protected":false},"author":7,"featured_media":2798,"comment_status":"open","ping_status":"closed","sticky":false,"template":"","format":"standard","meta":{"_bbp_topic_count":0,"_bbp_reply_count":0,"_bbp_total_topic_count":0,"_bbp_total_reply_count":0,"_bbp_voice_count":0,"_bbp_anonymous_reply_count":0,"_bbp_topic_count_hidden":0,"_bbp_reply_count_hidden":0,"_bbp_forum_subforum_count":0,"site-sidebar-layout":"default","site-content-layout":"","ast-site-content-layout":"","site-content-style":"default","site-sidebar-style":"default","ast-global-header-display":"","ast-banner-title-visibility":"","ast-main-header-display":"","ast-hfb-above-header-display":"","ast-hfb-below-header-display":"","ast-hfb-mobile-header-display":"","site-post-title":"","ast-breadcrumbs-content":"","ast-featured-img":"","footer-sml-layout":"","theme-transparent-header-meta":"","adv-header-id-meta":"","stick-header-meta":"","header-above-stick-meta":"","header-main-stick-meta":"","header-below-stick-meta":"","astra-migrate-meta-layouts":"default","ast-page-background-enabled":"default","ast-page-background-meta":{"desktop":{"background-color":"var(--ast-global-color-4)","background-image":"","background-repeat":"repeat","background-position":"center center","background-size":"auto","background-attachment":"scroll","background-type":"","background-media":"","overlay-type":"","overlay-color":"","overlay-opacity":"","overlay-gradient":""},"tablet":{"background-color":"","background-image":"","background-repeat":"repeat","background-position":"center center","background-size":"auto","background-attachment":"scroll","background-type":"","background-media":"","overlay-type":"","overlay-color":"","overlay-opacity":"","overlay-gradient":""},"mobile":{"background-color":"","background-image":"","background-repeat":"repeat","background-position":"center center","background-size":"auto","background-attachment":"scroll","background-type":"","background-media":"","overlay-type":"","overlay-color":"","overlay-opacity":"","overlay-gradient":""}},"ast-content-background-meta":{"desktop":{"background-color":"var(--ast-global-color-5)","background-image":"","background-repeat":"repeat","background-position":"center center","background-size":"auto","background-attachment":"scroll","background-type":"","background-media":"","overlay-type":"","overlay-color":"","overlay-opacity":"","overlay-gradient":""},"tablet":{"background-color":"var(--ast-global-color-5)","background-image":"","background-repeat":"repeat","background-position":"center center","background-size":"auto","background-attachment":"scroll","background-type":"","background-media":"","overlay-type":"","overlay-color":"","overlay-opacity":"","overlay-gradient":""},"mobile":{"background-color":"var(--ast-global-color-5)","background-image":"","background-repeat":"repeat","background-position":"center center","background-size":"auto","background-attachment":"scroll","background-type":"","background-media":"","overlay-type":"","overlay-color":"","overlay-opacity":"","overlay-gradient":""}},"footnotes":""},"categories":[1,29],"tags":[],"class_list":["post-2796","post","type-post","status-publish","format-standard","has-post-thumbnail","hentry","category-general","category-portada"],"post_mailing_queue_ids":[],"_links":{"self":[{"href":"https:\/\/agora.xtec.cat\/iesalfacs\/wp-json\/wp\/v2\/posts\/2796","targetHints":{"allow":["GET"]}}],"collection":[{"href":"https:\/\/agora.xtec.cat\/iesalfacs\/wp-json\/wp\/v2\/posts"}],"about":[{"href":"https:\/\/agora.xtec.cat\/iesalfacs\/wp-json\/wp\/v2\/types\/post"}],"author":[{"embeddable":true,"href":"https:\/\/agora.xtec.cat\/iesalfacs\/wp-json\/wp\/v2\/users\/7"}],"replies":[{"embeddable":true,"href":"https:\/\/agora.xtec.cat\/iesalfacs\/wp-json\/wp\/v2\/comments?post=2796"}],"version-history":[{"count":3,"href":"https:\/\/agora.xtec.cat\/iesalfacs\/wp-json\/wp\/v2\/posts\/2796\/revisions"}],"predecessor-version":[{"id":2849,"href":"https:\/\/agora.xtec.cat\/iesalfacs\/wp-json\/wp\/v2\/posts\/2796\/revisions\/2849"}],"wp:featuredmedia":[{"embeddable":true,"href":"https:\/\/agora.xtec.cat\/iesalfacs\/wp-json\/wp\/v2\/media\/2798"}],"wp:attachment":[{"href":"https:\/\/agora.xtec.cat\/iesalfacs\/wp-json\/wp\/v2\/media?parent=2796"}],"wp:term":[{"taxonomy":"category","embeddable":true,"href":"https:\/\/agora.xtec.cat\/iesalfacs\/wp-json\/wp\/v2\/categories?post=2796"},{"taxonomy":"post_tag","embeddable":true,"href":"https:\/\/agora.xtec.cat\/iesalfacs\/wp-json\/wp\/v2\/tags?post=2796"}],"curies":[{"name":"wp","href":"https:\/\/api.w.org\/{rel}","templated":true}]}}