{"id":2485,"date":"2019-01-28T18:42:06","date_gmt":"2019-01-28T17:42:06","guid":{"rendered":"http:\/\/agora.xtec.cat\/iesalfacs\/?p=2485"},"modified":"2019-02-01T09:27:29","modified_gmt":"2019-02-01T08:27:29","slug":"la-placa-del-diamant-teatre-i-ruta-literaria","status":"publish","type":"post","link":"https:\/\/agora.xtec.cat\/iesalfacs\/general\/la-placa-del-diamant-teatre-i-ruta-literaria\/","title":{"rendered":"LA PLA\u00c7A DEL DIAMANT (TEATRE I RUTA LITER\u00c0RIA)"},"content":{"rendered":"<p>N\u00faria Fibla (2n batxillerat B)<\/p>\n<p>El passat dimecres 23 de febrer l\u2019alumnat de 2n de batxillerat va fer una sortida a Barcelona amb l\u2019objectiu de veure l\u2019obra de teatre del llibre de Merc\u00e8 Rodoreda <em>La pla\u00e7a del Diamant<\/em>\u00a0a c\u00e0rrec de la companyia E\u00f2lia i fer la ruta liter\u00e0ria de Merc\u00e8 Rodoreda.<\/p>\n<p>L&#8217;obra cl\u00e0ssica de Merc\u00e8 Rodoreda, va ser representada de la m\u00e0 del director i dramaturg Paco Mir i la Companyia E\u00f2lia al Teatre Vict\u00f2ria.<\/p>\n<p>Amb el rerefons de l&#8217;arribada de la Rep\u00fablica i de la guerra civil, aquesta novel\u00b7la, que inicialment es titulava <em>Colometa<\/em>, se centra en el personatge de la Nat\u00e0lia, la Colometa, una dona jove que en representa moltes d&#8217;altres a qui va tocar viure un per\u00edode de la hist\u00f2ria especialment cruel. La Nat\u00e0lia accepta sense rondinar tot all\u00f2 que la vida, i el seu marit Quimet, li imposen. Arriba a acceptar que li canvi\u00ef el nom pel de Colometa. Com moltes dones de l&#8217;\u00e8poca, veur\u00e0 anar-se&#8217;n i morir a la guerra el seu estimat, passar\u00e0 gana i tindr\u00e0 dificultats per tirar endavant els fills.<\/p>\n<p>Enfonsada en un matrimoni que no li proporciona felicitat i unida a un home egoista, la Nat\u00e0lia renuncia a la seva pr\u00f2pia identitat cedint tot el protagonisme al seu marit, acceptant els convencionalismes d&#8217;una \u00e8poca que deixava la dona en un segon pla. Al llarg del text, el lector va descobrint la resignaci\u00f3 d&#8217;aquesta dona davant la realitat que li ha tocat viure.<\/p>\n<p>La novel\u00b7la \u00e9s tamb\u00e9 una cr\u00f2nica ideal de la Barcelona de postguerra i de com va marcar aquest per\u00edode hist\u00f2ric la vida dels barcelonins.<\/p>\n<p>L\u2019obra va ser realment sorprenent, crec que va agradar molt a tots els alumnes i ens va fer reflexionar bastant sobre aquest per\u00edode hist\u00f2ric i com el context hist\u00f2ric va afectar a\u00a0 Barcelona i sobretot a una dona. La sortida no va englobar nom\u00e9s el teatre sin\u00f3 que despr\u00e9s vam tenir el plaer d\u2019endinsar-nos encara m\u00e9s al mon de Merc\u00e8 Rodoreda, escriptora catalana de gran prestigi.<\/p>\n<p>A la tarda vam poder fer la ruta liter\u00e0ria\u00a0 Merc\u00e8 Rodoreda al barri de Gr\u00e0cia, espai on l\u2019escriptora va situar els personatges de la novel\u00b7la <em>La pla\u00e7a del Diamant.<\/em> Gr\u00e0cia \u00e9s un barri modern de Barcelona per\u00f2 ple de records hist\u00f2rics del que va ser una vila propera a Barcelona. La visita comen\u00e7\u00e0 justament a la pla\u00e7a del Diamant a prop de l\u2019escultura del crit de Xavier Medina Campeny (1984) que representa el final de la novel\u00b7la. Un dels \u201ccrits literaris\u201d m\u00e9s famosos i comentats: el crit d\u2019una dona de guerra i postguerra marcada per una vida plena de sofriments i limitacions que finalment podr\u00e0 alliberar-se a trav\u00e9s d\u2019aquest acte carregat de simbologia.<\/p>\n<p>Ben a prop de la pla\u00e7a del Diamant es troba un dels pocs refugis antiaeris que actualment es poden visitar a Barcelona. Del 1936 al 1939 Barcelona va patir bombardejos 2 o 3 cops per setmana i els resultats van ser m\u00e9s de 1.500 morts.<\/p>\n<p>Al carrer Montseny vam fer parada just al davant de la casa de la Colometa i el Quimet i evidentment vam poder veure el vol d\u2019uns quants coloms esvalotats, que semblava que volien evocar la trista hist\u00f2ria d\u2019una dona a la qual li manllevaren la personalitat i el seu espai personal i vital. Tot seguit, ens vam dirigir al carrer Gran de Gr\u00e0cia i just vam continuar la lectura dels textos de la novel\u00b7la relacionats amb aquest espai. Recordem que El Monumental era el restaurant-bar que la Colometa i el Quimet freq\u00fcentaven els dies de festa. La ruta es va acabar als Jardinets de Gr\u00e0cia, un parc de dimensions redu\u00efdes i on la nostra protagonista solia anar a descansar sobretot en els\u00a0 mesos d\u2019embar\u00e0s.<\/p>\n","protected":false},"excerpt":{"rendered":"<p>N\u00faria Fibla (2n batxillerat B) El passat dimecres 23 de febrer l\u2019alumnat de 2n de batxillerat va fer una sortida a Barcelona amb l\u2019objectiu de veure l\u2019obra de teatre del llibre de Merc\u00e8 Rodoreda La pla\u00e7a del Diamant\u00a0a c\u00e0rrec de la companyia E\u00f2lia i fer la ruta liter\u00e0ria de Merc\u00e8 Rodoreda. L&#8217;obra cl\u00e0ssica de Merc\u00e8 [&hellip;]<\/p>\n","protected":false},"author":7,"featured_media":2486,"comment_status":"open","ping_status":"closed","sticky":false,"template":"","format":"standard","meta":{"_bbp_topic_count":0,"_bbp_reply_count":0,"_bbp_total_topic_count":0,"_bbp_total_reply_count":0,"_bbp_voice_count":0,"_bbp_anonymous_reply_count":0,"_bbp_topic_count_hidden":0,"_bbp_reply_count_hidden":0,"_bbp_forum_subforum_count":0,"site-sidebar-layout":"default","site-content-layout":"","ast-site-content-layout":"","site-content-style":"default","site-sidebar-style":"default","ast-global-header-display":"","ast-banner-title-visibility":"","ast-main-header-display":"","ast-hfb-above-header-display":"","ast-hfb-below-header-display":"","ast-hfb-mobile-header-display":"","site-post-title":"","ast-breadcrumbs-content":"","ast-featured-img":"","footer-sml-layout":"","theme-transparent-header-meta":"","adv-header-id-meta":"","stick-header-meta":"","header-above-stick-meta":"","header-main-stick-meta":"","header-below-stick-meta":"","astra-migrate-meta-layouts":"default","ast-page-background-enabled":"default","ast-page-background-meta":{"desktop":{"background-color":"var(--ast-global-color-4)","background-image":"","background-repeat":"repeat","background-position":"center center","background-size":"auto","background-attachment":"scroll","background-type":"","background-media":"","overlay-type":"","overlay-color":"","overlay-opacity":"","overlay-gradient":""},"tablet":{"background-color":"","background-image":"","background-repeat":"repeat","background-position":"center center","background-size":"auto","background-attachment":"scroll","background-type":"","background-media":"","overlay-type":"","overlay-color":"","overlay-opacity":"","overlay-gradient":""},"mobile":{"background-color":"","background-image":"","background-repeat":"repeat","background-position":"center center","background-size":"auto","background-attachment":"scroll","background-type":"","background-media":"","overlay-type":"","overlay-color":"","overlay-opacity":"","overlay-gradient":""}},"ast-content-background-meta":{"desktop":{"background-color":"var(--ast-global-color-5)","background-image":"","background-repeat":"repeat","background-position":"center center","background-size":"auto","background-attachment":"scroll","background-type":"","background-media":"","overlay-type":"","overlay-color":"","overlay-opacity":"","overlay-gradient":""},"tablet":{"background-color":"var(--ast-global-color-5)","background-image":"","background-repeat":"repeat","background-position":"center center","background-size":"auto","background-attachment":"scroll","background-type":"","background-media":"","overlay-type":"","overlay-color":"","overlay-opacity":"","overlay-gradient":""},"mobile":{"background-color":"var(--ast-global-color-5)","background-image":"","background-repeat":"repeat","background-position":"center center","background-size":"auto","background-attachment":"scroll","background-type":"","background-media":"","overlay-type":"","overlay-color":"","overlay-opacity":"","overlay-gradient":""}},"footnotes":""},"categories":[1,29],"tags":[],"class_list":["post-2485","post","type-post","status-publish","format-standard","has-post-thumbnail","hentry","category-general","category-portada"],"post_mailing_queue_ids":[],"_links":{"self":[{"href":"https:\/\/agora.xtec.cat\/iesalfacs\/wp-json\/wp\/v2\/posts\/2485","targetHints":{"allow":["GET"]}}],"collection":[{"href":"https:\/\/agora.xtec.cat\/iesalfacs\/wp-json\/wp\/v2\/posts"}],"about":[{"href":"https:\/\/agora.xtec.cat\/iesalfacs\/wp-json\/wp\/v2\/types\/post"}],"author":[{"embeddable":true,"href":"https:\/\/agora.xtec.cat\/iesalfacs\/wp-json\/wp\/v2\/users\/7"}],"replies":[{"embeddable":true,"href":"https:\/\/agora.xtec.cat\/iesalfacs\/wp-json\/wp\/v2\/comments?post=2485"}],"version-history":[{"count":2,"href":"https:\/\/agora.xtec.cat\/iesalfacs\/wp-json\/wp\/v2\/posts\/2485\/revisions"}],"predecessor-version":[{"id":2510,"href":"https:\/\/agora.xtec.cat\/iesalfacs\/wp-json\/wp\/v2\/posts\/2485\/revisions\/2510"}],"wp:featuredmedia":[{"embeddable":true,"href":"https:\/\/agora.xtec.cat\/iesalfacs\/wp-json\/wp\/v2\/media\/2486"}],"wp:attachment":[{"href":"https:\/\/agora.xtec.cat\/iesalfacs\/wp-json\/wp\/v2\/media?parent=2485"}],"wp:term":[{"taxonomy":"category","embeddable":true,"href":"https:\/\/agora.xtec.cat\/iesalfacs\/wp-json\/wp\/v2\/categories?post=2485"},{"taxonomy":"post_tag","embeddable":true,"href":"https:\/\/agora.xtec.cat\/iesalfacs\/wp-json\/wp\/v2\/tags?post=2485"}],"curies":[{"name":"wp","href":"https:\/\/api.w.org\/{rel}","templated":true}]}}