{"id":2475,"date":"2019-01-11T17:32:00","date_gmt":"2019-01-11T16:32:00","guid":{"rendered":"http:\/\/agora.xtec.cat\/iesalfacs\/?p=2475"},"modified":"2019-01-11T17:32:00","modified_gmt":"2019-01-11T16:32:00","slug":"iv-premi-de-recerca-en-memoria-democratica","status":"publish","type":"post","link":"https:\/\/agora.xtec.cat\/iesalfacs\/general\/iv-premi-de-recerca-en-memoria-democratica\/","title":{"rendered":"IV Premi de Recerca en Mem\u00f2ria Democr\u00e0tica"},"content":{"rendered":"<p>El dijous 10 de gener es va lliurar el IV Premi de Recerca en Mem\u00f2ria Democr\u00e0tica. En aquesta ocasi\u00f3 es van presentar 14 treballs d\u2019arreu de Catalunya. Entre ells participava l\u2019exalumne del centre Pep Donate Resurrecci\u00f3n amb el treball de recerca que portava per t\u00edtol \u201cPor llanuras y monta\u00f1as guerrilleros libres van. An\u00e0lisi de l\u2019impacte dels maquis a la zona dels Ports i la vila de Vallibona\u201d.<\/p>\n<p>I estem d\u2019enhorabona ja que el nostre centre ha comen\u00e7at l\u2019any de la mateixa manera que el va acabar, \u00e9s a dir, amb un exalumne guardonat pel seu treball de recerca. En Pep va aconseguir el primer premi i aix\u00f2 ens omple de satisfacci\u00f3 vista la qualitat dels treballs que es van presentar. Que els nostres alumnes aconsegueixen premis d\u2019aquesta categoria \u00e9s gr\u00e0cies al seu esfor\u00e7 i perseveran\u00e7a per fer les coses b\u00e9. Per\u00f2, val a dir, que tamb\u00e9 darrera d\u2019ells est\u00e0 el suport de les seves fam\u00edlies i la tasca desenvolupada per tot el professorat del centre. Moltes gr\u00e0cies a tots.<\/p>\n<p>Pep, moltes felicitats pel premi de part de tota la comunitat educativa de l\u2019institut Els Alfacs.<\/p>\n","protected":false},"excerpt":{"rendered":"<p>El dijous 10 de gener es va lliurar el IV Premi de Recerca en Mem\u00f2ria Democr\u00e0tica. En aquesta ocasi\u00f3 es van presentar 14 treballs d\u2019arreu de Catalunya. Entre ells participava l\u2019exalumne del centre Pep Donate Resurrecci\u00f3n amb el treball de recerca que portava per t\u00edtol \u201cPor llanuras y monta\u00f1as guerrilleros libres van. An\u00e0lisi de l\u2019impacte [&hellip;]<\/p>\n","protected":false},"author":8,"featured_media":2476,"comment_status":"open","ping_status":"closed","sticky":false,"template":"","format":"standard","meta":{"_bbp_topic_count":0,"_bbp_reply_count":0,"_bbp_total_topic_count":0,"_bbp_total_reply_count":0,"_bbp_voice_count":0,"_bbp_anonymous_reply_count":0,"_bbp_topic_count_hidden":0,"_bbp_reply_count_hidden":0,"_bbp_forum_subforum_count":0,"site-sidebar-layout":"default","site-content-layout":"","ast-site-content-layout":"","site-content-style":"default","site-sidebar-style":"default","ast-global-header-display":"","ast-banner-title-visibility":"","ast-main-header-display":"","ast-hfb-above-header-display":"","ast-hfb-below-header-display":"","ast-hfb-mobile-header-display":"","site-post-title":"","ast-breadcrumbs-content":"","ast-featured-img":"","footer-sml-layout":"","theme-transparent-header-meta":"","adv-header-id-meta":"","stick-header-meta":"","header-above-stick-meta":"","header-main-stick-meta":"","header-below-stick-meta":"","astra-migrate-meta-layouts":"default","ast-page-background-enabled":"default","ast-page-background-meta":{"desktop":{"background-color":"var(--ast-global-color-4)","background-image":"","background-repeat":"repeat","background-position":"center center","background-size":"auto","background-attachment":"scroll","background-type":"","background-media":"","overlay-type":"","overlay-color":"","overlay-opacity":"","overlay-gradient":""},"tablet":{"background-color":"","background-image":"","background-repeat":"repeat","background-position":"center center","background-size":"auto","background-attachment":"scroll","background-type":"","background-media":"","overlay-type":"","overlay-color":"","overlay-opacity":"","overlay-gradient":""},"mobile":{"background-color":"","background-image":"","background-repeat":"repeat","background-position":"center center","background-size":"auto","background-attachment":"scroll","background-type":"","background-media":"","overlay-type":"","overlay-color":"","overlay-opacity":"","overlay-gradient":""}},"ast-content-background-meta":{"desktop":{"background-color":"var(--ast-global-color-5)","background-image":"","background-repeat":"repeat","background-position":"center center","background-size":"auto","background-attachment":"scroll","background-type":"","background-media":"","overlay-type":"","overlay-color":"","overlay-opacity":"","overlay-gradient":""},"tablet":{"background-color":"var(--ast-global-color-5)","background-image":"","background-repeat":"repeat","background-position":"center center","background-size":"auto","background-attachment":"scroll","background-type":"","background-media":"","overlay-type":"","overlay-color":"","overlay-opacity":"","overlay-gradient":""},"mobile":{"background-color":"var(--ast-global-color-5)","background-image":"","background-repeat":"repeat","background-position":"center center","background-size":"auto","background-attachment":"scroll","background-type":"","background-media":"","overlay-type":"","overlay-color":"","overlay-opacity":"","overlay-gradient":""}},"footnotes":""},"categories":[1,29],"tags":[],"class_list":["post-2475","post","type-post","status-publish","format-standard","has-post-thumbnail","hentry","category-general","category-portada"],"post_mailing_queue_ids":[],"_links":{"self":[{"href":"https:\/\/agora.xtec.cat\/iesalfacs\/wp-json\/wp\/v2\/posts\/2475","targetHints":{"allow":["GET"]}}],"collection":[{"href":"https:\/\/agora.xtec.cat\/iesalfacs\/wp-json\/wp\/v2\/posts"}],"about":[{"href":"https:\/\/agora.xtec.cat\/iesalfacs\/wp-json\/wp\/v2\/types\/post"}],"author":[{"embeddable":true,"href":"https:\/\/agora.xtec.cat\/iesalfacs\/wp-json\/wp\/v2\/users\/8"}],"replies":[{"embeddable":true,"href":"https:\/\/agora.xtec.cat\/iesalfacs\/wp-json\/wp\/v2\/comments?post=2475"}],"version-history":[{"count":1,"href":"https:\/\/agora.xtec.cat\/iesalfacs\/wp-json\/wp\/v2\/posts\/2475\/revisions"}],"predecessor-version":[{"id":2477,"href":"https:\/\/agora.xtec.cat\/iesalfacs\/wp-json\/wp\/v2\/posts\/2475\/revisions\/2477"}],"wp:featuredmedia":[{"embeddable":true,"href":"https:\/\/agora.xtec.cat\/iesalfacs\/wp-json\/wp\/v2\/media\/2476"}],"wp:attachment":[{"href":"https:\/\/agora.xtec.cat\/iesalfacs\/wp-json\/wp\/v2\/media?parent=2475"}],"wp:term":[{"taxonomy":"category","embeddable":true,"href":"https:\/\/agora.xtec.cat\/iesalfacs\/wp-json\/wp\/v2\/categories?post=2475"},{"taxonomy":"post_tag","embeddable":true,"href":"https:\/\/agora.xtec.cat\/iesalfacs\/wp-json\/wp\/v2\/tags?post=2475"}],"curies":[{"name":"wp","href":"https:\/\/api.w.org\/{rel}","templated":true}]}}