{"id":2359,"date":"2018-11-16T13:12:18","date_gmt":"2018-11-16T12:12:18","guid":{"rendered":"http:\/\/agora.xtec.cat\/iesalfacs\/?p=2359"},"modified":"2018-11-16T13:13:12","modified_gmt":"2018-11-16T12:13:12","slug":"comic-boja-per-tu-dia-internacional-per-a-leliminacio-de-la-violencia-contra-les-dones","status":"publish","type":"post","link":"https:\/\/agora.xtec.cat\/iesalfacs\/general\/comic-boja-per-tu-dia-internacional-per-a-leliminacio-de-la-violencia-contra-les-dones\/","title":{"rendered":"C\u00d2MIC BOJA PER TU (Dia internacional per a l&#8217;eliminaci\u00f3 de la viol\u00e8ncia contra les dones)"},"content":{"rendered":"<div>La setmana que ve es realitzaran una s\u00e8rie d&#8217;actes per tal de sensibilitzar l&#8217;alumnat vers la viol\u00e8ncia de g\u00e8nere (<strong>exposici\u00f3 IM-PERFECTES<\/strong>, <strong>TEATRE (acte institucional)<\/strong>\u00a0<em>Laura o &#8230; <strong>dimecres 21 a les 19:00 a l&#8217;Auditori Sixto Mir<\/strong> <\/em>els alumnes de l&#8217;optativa de Cultura Cl\u00e0ssica representaran l&#8217;obra i els alumnes de CVE de 3r mostraran els seus <strong>V\u00cdDEOS<\/strong>, <strong>TEATRE<\/strong> a l&#8217;institut <strong><em>23 de novembre<\/em><\/strong>).<\/div>\n<div><\/div>\n<div>Adjuntem el c\u00f2mic <em><a href=\"http:\/\/www.violenciagenero.igualdad.mpr.gob.es\/sensibilizacionConcienciacion\/campannas\/otromaterialGobierno\/comics\/docs\/PilladaCatala.pdf\">Boja per tu.\u00a0\u00a0<\/a><\/em><\/div>\n<div><\/div>\n<div>(material per a les tutories de 3r i 4t d&#8217;ESO)<\/div>\n<div>\n<p>&nbsp;<\/p>\n<p>El 25 de novembre va ser declarat dia internacional contra la viol\u00e8ncia de g\u00e8nere el juliol de 1981, en el context del primer\u00a0<i>Encuentro Feminista de Latinoam\u00e9rica y del Caribe<\/i>\u00a0celebrat a Bogot\u00e0\u00a0(Col\u00f2mbia). En aquesta trobada les dones van denunciar la viol\u00e8ncia de g\u00e8nere\u00a0en l&#8217;\u00e0mbit dom\u00e8stic\u00a0i la violaci\u00f3 i l&#8217;assetjament sexual\u00a0en l&#8217;\u00e0mbit dels governs, incloent-hi la tortura\u00a0i els abusos\u00a0que patien moltes presoneres pol\u00edtiques.<\/p>\n<p>Es va escollir aquest dia per commemorar el violent assassinat\u00a0de les germanes Mirabal (Patria, Minerva i Maria Teresa), tres activistes pol\u00edtiques assassinades el 25 de novembre de 1960\u00a0mentre anaven a Puerto Plata\u00a0a visitar els seus marits empresonats, en mans de la policia secreta del dictador Rafael Trujillo\u00a0a la Rep\u00fablica Dominicana. Ded\u00e9 Mirabal, que viu a B\u00e8lgica, \u00e9s l&#8217;\u00fanica germana que ha sobreviscut. Els seus cad\u00e0vers destrossats van apar\u00e8ixer al fons d&#8217;un barranc. Per al moviment popular i feminista\u00a0de la Rep\u00fablica Dominicana, hist\u00f2ricament, aquestes dones han simbolitzat la lluita i la resist\u00e8ncia. El 1999, l&#8217;ONU va donar car\u00e0cter oficial a aquesta data.<\/p>\n<\/div>\n<div><\/div>\n<div><\/div>\n<div><\/div>\n","protected":false},"excerpt":{"rendered":"<p>La setmana que ve es realitzaran una s\u00e8rie d&#8217;actes per tal de sensibilitzar l&#8217;alumnat vers la viol\u00e8ncia de g\u00e8nere (exposici\u00f3 IM-PERFECTES, TEATRE (acte institucional)\u00a0Laura o &#8230; dimecres 21 a les 19:00 a l&#8217;Auditori Sixto Mir els alumnes de l&#8217;optativa de Cultura Cl\u00e0ssica representaran l&#8217;obra i els alumnes de CVE de 3r mostraran els seus V\u00cdDEOS, [&hellip;]<\/p>\n","protected":false},"author":7,"featured_media":2360,"comment_status":"open","ping_status":"closed","sticky":false,"template":"","format":"standard","meta":{"_bbp_topic_count":0,"_bbp_reply_count":0,"_bbp_total_topic_count":0,"_bbp_total_reply_count":0,"_bbp_voice_count":0,"_bbp_anonymous_reply_count":0,"_bbp_topic_count_hidden":0,"_bbp_reply_count_hidden":0,"_bbp_forum_subforum_count":0,"site-sidebar-layout":"default","site-content-layout":"","ast-site-content-layout":"","site-content-style":"default","site-sidebar-style":"default","ast-global-header-display":"","ast-banner-title-visibility":"","ast-main-header-display":"","ast-hfb-above-header-display":"","ast-hfb-below-header-display":"","ast-hfb-mobile-header-display":"","site-post-title":"","ast-breadcrumbs-content":"","ast-featured-img":"","footer-sml-layout":"","theme-transparent-header-meta":"","adv-header-id-meta":"","stick-header-meta":"","header-above-stick-meta":"","header-main-stick-meta":"","header-below-stick-meta":"","astra-migrate-meta-layouts":"default","ast-page-background-enabled":"default","ast-page-background-meta":{"desktop":{"background-color":"var(--ast-global-color-4)","background-image":"","background-repeat":"repeat","background-position":"center center","background-size":"auto","background-attachment":"scroll","background-type":"","background-media":"","overlay-type":"","overlay-color":"","overlay-opacity":"","overlay-gradient":""},"tablet":{"background-color":"","background-image":"","background-repeat":"repeat","background-position":"center center","background-size":"auto","background-attachment":"scroll","background-type":"","background-media":"","overlay-type":"","overlay-color":"","overlay-opacity":"","overlay-gradient":""},"mobile":{"background-color":"","background-image":"","background-repeat":"repeat","background-position":"center center","background-size":"auto","background-attachment":"scroll","background-type":"","background-media":"","overlay-type":"","overlay-color":"","overlay-opacity":"","overlay-gradient":""}},"ast-content-background-meta":{"desktop":{"background-color":"var(--ast-global-color-5)","background-image":"","background-repeat":"repeat","background-position":"center center","background-size":"auto","background-attachment":"scroll","background-type":"","background-media":"","overlay-type":"","overlay-color":"","overlay-opacity":"","overlay-gradient":""},"tablet":{"background-color":"var(--ast-global-color-5)","background-image":"","background-repeat":"repeat","background-position":"center center","background-size":"auto","background-attachment":"scroll","background-type":"","background-media":"","overlay-type":"","overlay-color":"","overlay-opacity":"","overlay-gradient":""},"mobile":{"background-color":"var(--ast-global-color-5)","background-image":"","background-repeat":"repeat","background-position":"center center","background-size":"auto","background-attachment":"scroll","background-type":"","background-media":"","overlay-type":"","overlay-color":"","overlay-opacity":"","overlay-gradient":""}},"footnotes":""},"categories":[1,29],"tags":[],"class_list":["post-2359","post","type-post","status-publish","format-standard","has-post-thumbnail","hentry","category-general","category-portada"],"post_mailing_queue_ids":[],"_links":{"self":[{"href":"https:\/\/agora.xtec.cat\/iesalfacs\/wp-json\/wp\/v2\/posts\/2359","targetHints":{"allow":["GET"]}}],"collection":[{"href":"https:\/\/agora.xtec.cat\/iesalfacs\/wp-json\/wp\/v2\/posts"}],"about":[{"href":"https:\/\/agora.xtec.cat\/iesalfacs\/wp-json\/wp\/v2\/types\/post"}],"author":[{"embeddable":true,"href":"https:\/\/agora.xtec.cat\/iesalfacs\/wp-json\/wp\/v2\/users\/7"}],"replies":[{"embeddable":true,"href":"https:\/\/agora.xtec.cat\/iesalfacs\/wp-json\/wp\/v2\/comments?post=2359"}],"version-history":[{"count":1,"href":"https:\/\/agora.xtec.cat\/iesalfacs\/wp-json\/wp\/v2\/posts\/2359\/revisions"}],"predecessor-version":[{"id":2361,"href":"https:\/\/agora.xtec.cat\/iesalfacs\/wp-json\/wp\/v2\/posts\/2359\/revisions\/2361"}],"wp:featuredmedia":[{"embeddable":true,"href":"https:\/\/agora.xtec.cat\/iesalfacs\/wp-json\/wp\/v2\/media\/2360"}],"wp:attachment":[{"href":"https:\/\/agora.xtec.cat\/iesalfacs\/wp-json\/wp\/v2\/media?parent=2359"}],"wp:term":[{"taxonomy":"category","embeddable":true,"href":"https:\/\/agora.xtec.cat\/iesalfacs\/wp-json\/wp\/v2\/categories?post=2359"},{"taxonomy":"post_tag","embeddable":true,"href":"https:\/\/agora.xtec.cat\/iesalfacs\/wp-json\/wp\/v2\/tags?post=2359"}],"curies":[{"name":"wp","href":"https:\/\/api.w.org\/{rel}","templated":true}]}}