{"id":2272,"date":"2018-10-17T10:41:56","date_gmt":"2018-10-17T08:41:56","guid":{"rendered":"http:\/\/agora.xtec.cat\/iesalfacs\/?p=2272"},"modified":"2018-10-17T12:03:28","modified_gmt":"2018-10-17T10:03:28","slug":"comenca-la-recollida-selectiva-de-paper-18-19","status":"publish","type":"post","link":"https:\/\/agora.xtec.cat\/iesalfacs\/portada\/comenca-la-recollida-selectiva-de-paper-18-19\/","title":{"rendered":"Comen\u00e7a la recollida selectiva de paper 18-19"},"content":{"rendered":"<p><a href=\"https:\/\/agora.xtec.cat\/iesalfacs\/wp-content\/uploads\/usu209\/2018\/10\/Collage-2018-10-16-13_32_39.jpg\"><img loading=\"lazy\" decoding=\"async\" class=\"alignnone wp-image-2273\" src=\"https:\/\/agora.xtec.cat\/iesalfacs\/wp-content\/uploads\/usu209\/2018\/10\/Collage-2018-10-16-13_32_39-1024x1024.jpg\" alt=\"\" width=\"773\" height=\"773\" srcset=\"https:\/\/agora.xtec.cat\/iesalfacs\/wp-content\/uploads\/usu209\/2018\/10\/Collage-2018-10-16-13_32_39-1024x1024.jpg 1024w, https:\/\/agora.xtec.cat\/iesalfacs\/wp-content\/uploads\/usu209\/2018\/10\/Collage-2018-10-16-13_32_39-150x150.jpg 150w, https:\/\/agora.xtec.cat\/iesalfacs\/wp-content\/uploads\/usu209\/2018\/10\/Collage-2018-10-16-13_32_39-300x300.jpg 300w, https:\/\/agora.xtec.cat\/iesalfacs\/wp-content\/uploads\/usu209\/2018\/10\/Collage-2018-10-16-13_32_39-768x768.jpg 768w, https:\/\/agora.xtec.cat\/iesalfacs\/wp-content\/uploads\/usu209\/2018\/10\/Collage-2018-10-16-13_32_39.jpg 1080w\" sizes=\"auto, (max-width: 773px) 100vw, 773px\" \/><\/a><\/p>\n<p>Laura \u00c0lvarez Gen\u00e9s (3r ESO C)<\/p>\n<p>Ahir, dia 16 octubre, l&#8217;institut Els Alfacs va iniciar la recollida selectiva de paper. \u00c9s una activitat que consisteix en qu\u00e8 per cada classe de 3r, dos alumnes per ordre alfab\u00e8tic surten de classe per recollir les papereres de cada classe de tots els cursos. Per exemple, de la nostra classe (3r ESO C), dos alumnes van anar a recollir totes les papereres de les classes de 3r. Anaven classe per classe, agafaven la brossa, la portaven a consergeria on els esperava un professor amb una bossa gran per recollir tot el paper de les papereres. Cada dimarts es far\u00e0 aquesta activitat.<\/p>\n<p>&nbsp;<\/p>\n","protected":false},"excerpt":{"rendered":"<p>Laura \u00c0lvarez Gen\u00e9s (3r ESO C) Ahir, dia 16 octubre, l&#8217;institut Els Alfacs va iniciar la recollida selectiva de paper. \u00c9s una activitat que consisteix en qu\u00e8 per cada classe de 3r, dos alumnes per ordre alfab\u00e8tic surten de classe per recollir les papereres de cada classe de tots els cursos. Per exemple, de la [&hellip;]<\/p>\n","protected":false},"author":112,"featured_media":2273,"comment_status":"open","ping_status":"closed","sticky":false,"template":"","format":"standard","meta":{"_bbp_topic_count":0,"_bbp_reply_count":0,"_bbp_total_topic_count":0,"_bbp_total_reply_count":0,"_bbp_voice_count":0,"_bbp_anonymous_reply_count":0,"_bbp_topic_count_hidden":0,"_bbp_reply_count_hidden":0,"_bbp_forum_subforum_count":0,"site-sidebar-layout":"default","site-content-layout":"","ast-site-content-layout":"","site-content-style":"default","site-sidebar-style":"default","ast-global-header-display":"","ast-banner-title-visibility":"","ast-main-header-display":"","ast-hfb-above-header-display":"","ast-hfb-below-header-display":"","ast-hfb-mobile-header-display":"","site-post-title":"","ast-breadcrumbs-content":"","ast-featured-img":"","footer-sml-layout":"","theme-transparent-header-meta":"","adv-header-id-meta":"","stick-header-meta":"","header-above-stick-meta":"","header-main-stick-meta":"","header-below-stick-meta":"","astra-migrate-meta-layouts":"default","ast-page-background-enabled":"default","ast-page-background-meta":{"desktop":{"background-color":"var(--ast-global-color-4)","background-image":"","background-repeat":"repeat","background-position":"center center","background-size":"auto","background-attachment":"scroll","background-type":"","background-media":"","overlay-type":"","overlay-color":"","overlay-opacity":"","overlay-gradient":""},"tablet":{"background-color":"","background-image":"","background-repeat":"repeat","background-position":"center center","background-size":"auto","background-attachment":"scroll","background-type":"","background-media":"","overlay-type":"","overlay-color":"","overlay-opacity":"","overlay-gradient":""},"mobile":{"background-color":"","background-image":"","background-repeat":"repeat","background-position":"center center","background-size":"auto","background-attachment":"scroll","background-type":"","background-media":"","overlay-type":"","overlay-color":"","overlay-opacity":"","overlay-gradient":""}},"ast-content-background-meta":{"desktop":{"background-color":"var(--ast-global-color-5)","background-image":"","background-repeat":"repeat","background-position":"center center","background-size":"auto","background-attachment":"scroll","background-type":"","background-media":"","overlay-type":"","overlay-color":"","overlay-opacity":"","overlay-gradient":""},"tablet":{"background-color":"var(--ast-global-color-5)","background-image":"","background-repeat":"repeat","background-position":"center center","background-size":"auto","background-attachment":"scroll","background-type":"","background-media":"","overlay-type":"","overlay-color":"","overlay-opacity":"","overlay-gradient":""},"mobile":{"background-color":"var(--ast-global-color-5)","background-image":"","background-repeat":"repeat","background-position":"center center","background-size":"auto","background-attachment":"scroll","background-type":"","background-media":"","overlay-type":"","overlay-color":"","overlay-opacity":"","overlay-gradient":""}},"footnotes":""},"categories":[29],"tags":[],"class_list":["post-2272","post","type-post","status-publish","format-standard","has-post-thumbnail","hentry","category-portada"],"post_mailing_queue_ids":[],"_links":{"self":[{"href":"https:\/\/agora.xtec.cat\/iesalfacs\/wp-json\/wp\/v2\/posts\/2272","targetHints":{"allow":["GET"]}}],"collection":[{"href":"https:\/\/agora.xtec.cat\/iesalfacs\/wp-json\/wp\/v2\/posts"}],"about":[{"href":"https:\/\/agora.xtec.cat\/iesalfacs\/wp-json\/wp\/v2\/types\/post"}],"author":[{"embeddable":true,"href":"https:\/\/agora.xtec.cat\/iesalfacs\/wp-json\/wp\/v2\/users\/112"}],"replies":[{"embeddable":true,"href":"https:\/\/agora.xtec.cat\/iesalfacs\/wp-json\/wp\/v2\/comments?post=2272"}],"version-history":[{"count":3,"href":"https:\/\/agora.xtec.cat\/iesalfacs\/wp-json\/wp\/v2\/posts\/2272\/revisions"}],"predecessor-version":[{"id":2278,"href":"https:\/\/agora.xtec.cat\/iesalfacs\/wp-json\/wp\/v2\/posts\/2272\/revisions\/2278"}],"wp:featuredmedia":[{"embeddable":true,"href":"https:\/\/agora.xtec.cat\/iesalfacs\/wp-json\/wp\/v2\/media\/2273"}],"wp:attachment":[{"href":"https:\/\/agora.xtec.cat\/iesalfacs\/wp-json\/wp\/v2\/media?parent=2272"}],"wp:term":[{"taxonomy":"category","embeddable":true,"href":"https:\/\/agora.xtec.cat\/iesalfacs\/wp-json\/wp\/v2\/categories?post=2272"},{"taxonomy":"post_tag","embeddable":true,"href":"https:\/\/agora.xtec.cat\/iesalfacs\/wp-json\/wp\/v2\/tags?post=2272"}],"curies":[{"name":"wp","href":"https:\/\/api.w.org\/{rel}","templated":true}]}}