{"id":2137,"date":"2018-06-05T12:32:02","date_gmt":"2018-06-05T10:32:02","guid":{"rendered":"http:\/\/agora.xtec.cat\/iesalfacs\/?p=2137"},"modified":"2018-06-05T14:33:04","modified_gmt":"2018-06-05T12:33:04","slug":"horaris-i-calendari-final-de-curs-a-partir-de-dijous-7-de-juny","status":"publish","type":"post","link":"https:\/\/agora.xtec.cat\/iesalfacs\/portada\/horaris-i-calendari-final-de-curs-a-partir-de-dijous-7-de-juny\/","title":{"rendered":"HORARIS I CALENDARI FINAL DE CURS  (a partir de dijous 7 de juny)"},"content":{"rendered":"<p>Recordem a les fam\u00edlies que dimecres 6 de juny acaba l\u2019horari normal de classes d\u2019ESO.<\/p>\n<p>Dijous 7 de juny l\u2019alumnat d\u2019ESO far\u00e0 la tradicional sortida a Port-Aventura.<\/p>\n<p>A partir de divendres 8 de juny comen\u00e7a el <em>Treball de s\u00edntesi<\/em> per a 1r, 2n i 3r d\u2019ESO de 9:00 a 13:35 h. i el <em>Projecte de recerca<\/em> de 4t d\u2019ESO de 8:00 a13:35 h.<\/p>\n<p>Dijous 14 de juny els alumnes de 1r i 2n d\u2019ESO han de presentar-se a l\u2019hora acordada al centre\u00a0 per entregar el <em>Treball de s\u00edntesi<\/em>.<\/p>\n<p>Recordem tamb\u00e9 que dijous 14 de juny, els alumnes de 3r d\u2019ESO no han de vindre al centre (han de preparar les exposicions del divendres 15 de juny).<\/p>\n<p>Dijous 14 de juny, els alumnes de 4t d\u2019ESO fan horari normal de <em>Projecte de recerca <\/em>i divendres15 vindran a exposar-lo a l\u2019hora acordada.<\/p>\n<p>Finalment, de dilluns 18 de juny a divendres 22 de juny es realitzaran els ex\u00e0mens de recuperaci\u00f3 per a alumnes amb mat\u00e8ries suspeses i tamb\u00e9 es duran a terme activitats complement\u00e0ries per a la resta d\u2019alumnat. L\u2019alumnat que no vulgui participar en aquestes activitats haur\u00e0 de portar, com l\u2019any passat, un document que se li facilitar\u00e0 on s\u2019indicar\u00e0 clarament la ren\u00fancia a participar en les activitats.<\/p>\n<p>Divendres 22 de juny acaba el curs.<\/p>\n<p>Dilluns 25 de juny a les 19:30 es far\u00e0 l\u2019entrega de notes als pares de 1r i 2n d\u2019ESO.<\/p>\n<p>Dimarts 26 de juny a les 19:30 es far\u00e0 l\u2019entrega de notes als pares dels alumnes de 3r d\u2019ESO, 4t d\u2019ESO i 1r de Batxillerat. Tamb\u00e9 es lliuraran les notes a l\u2019alumnat de 2n de batxillerat dimarts 26 de juny.<\/p>\n","protected":false},"excerpt":{"rendered":"<p>Recordem a les fam\u00edlies que dimecres 6 de juny acaba l\u2019horari normal de classes d\u2019ESO. Dijous 7 de juny l\u2019alumnat d\u2019ESO far\u00e0 la tradicional sortida a Port-Aventura. A partir de divendres 8 de juny comen\u00e7a el Treball de s\u00edntesi per a 1r, 2n i 3r d\u2019ESO de 9:00 a 13:35 h. i el Projecte de [&hellip;]<\/p>\n","protected":false},"author":112,"featured_media":298,"comment_status":"open","ping_status":"closed","sticky":false,"template":"","format":"standard","meta":{"_bbp_topic_count":0,"_bbp_reply_count":0,"_bbp_total_topic_count":0,"_bbp_total_reply_count":0,"_bbp_voice_count":0,"_bbp_anonymous_reply_count":0,"_bbp_topic_count_hidden":0,"_bbp_reply_count_hidden":0,"_bbp_forum_subforum_count":0,"site-sidebar-layout":"default","site-content-layout":"","ast-site-content-layout":"","site-content-style":"default","site-sidebar-style":"default","ast-global-header-display":"","ast-banner-title-visibility":"","ast-main-header-display":"","ast-hfb-above-header-display":"","ast-hfb-below-header-display":"","ast-hfb-mobile-header-display":"","site-post-title":"","ast-breadcrumbs-content":"","ast-featured-img":"","footer-sml-layout":"","theme-transparent-header-meta":"","adv-header-id-meta":"","stick-header-meta":"","header-above-stick-meta":"","header-main-stick-meta":"","header-below-stick-meta":"","astra-migrate-meta-layouts":"default","ast-page-background-enabled":"default","ast-page-background-meta":{"desktop":{"background-color":"var(--ast-global-color-4)","background-image":"","background-repeat":"repeat","background-position":"center center","background-size":"auto","background-attachment":"scroll","background-type":"","background-media":"","overlay-type":"","overlay-color":"","overlay-opacity":"","overlay-gradient":""},"tablet":{"background-color":"","background-image":"","background-repeat":"repeat","background-position":"center center","background-size":"auto","background-attachment":"scroll","background-type":"","background-media":"","overlay-type":"","overlay-color":"","overlay-opacity":"","overlay-gradient":""},"mobile":{"background-color":"","background-image":"","background-repeat":"repeat","background-position":"center center","background-size":"auto","background-attachment":"scroll","background-type":"","background-media":"","overlay-type":"","overlay-color":"","overlay-opacity":"","overlay-gradient":""}},"ast-content-background-meta":{"desktop":{"background-color":"var(--ast-global-color-5)","background-image":"","background-repeat":"repeat","background-position":"center center","background-size":"auto","background-attachment":"scroll","background-type":"","background-media":"","overlay-type":"","overlay-color":"","overlay-opacity":"","overlay-gradient":""},"tablet":{"background-color":"var(--ast-global-color-5)","background-image":"","background-repeat":"repeat","background-position":"center center","background-size":"auto","background-attachment":"scroll","background-type":"","background-media":"","overlay-type":"","overlay-color":"","overlay-opacity":"","overlay-gradient":""},"mobile":{"background-color":"var(--ast-global-color-5)","background-image":"","background-repeat":"repeat","background-position":"center center","background-size":"auto","background-attachment":"scroll","background-type":"","background-media":"","overlay-type":"","overlay-color":"","overlay-opacity":"","overlay-gradient":""}},"footnotes":""},"categories":[29],"tags":[],"class_list":["post-2137","post","type-post","status-publish","format-standard","has-post-thumbnail","hentry","category-portada"],"post_mailing_queue_ids":[],"_links":{"self":[{"href":"https:\/\/agora.xtec.cat\/iesalfacs\/wp-json\/wp\/v2\/posts\/2137","targetHints":{"allow":["GET"]}}],"collection":[{"href":"https:\/\/agora.xtec.cat\/iesalfacs\/wp-json\/wp\/v2\/posts"}],"about":[{"href":"https:\/\/agora.xtec.cat\/iesalfacs\/wp-json\/wp\/v2\/types\/post"}],"author":[{"embeddable":true,"href":"https:\/\/agora.xtec.cat\/iesalfacs\/wp-json\/wp\/v2\/users\/112"}],"replies":[{"embeddable":true,"href":"https:\/\/agora.xtec.cat\/iesalfacs\/wp-json\/wp\/v2\/comments?post=2137"}],"version-history":[{"count":2,"href":"https:\/\/agora.xtec.cat\/iesalfacs\/wp-json\/wp\/v2\/posts\/2137\/revisions"}],"predecessor-version":[{"id":2139,"href":"https:\/\/agora.xtec.cat\/iesalfacs\/wp-json\/wp\/v2\/posts\/2137\/revisions\/2139"}],"wp:featuredmedia":[{"embeddable":true,"href":"https:\/\/agora.xtec.cat\/iesalfacs\/wp-json\/wp\/v2\/media\/298"}],"wp:attachment":[{"href":"https:\/\/agora.xtec.cat\/iesalfacs\/wp-json\/wp\/v2\/media?parent=2137"}],"wp:term":[{"taxonomy":"category","embeddable":true,"href":"https:\/\/agora.xtec.cat\/iesalfacs\/wp-json\/wp\/v2\/categories?post=2137"},{"taxonomy":"post_tag","embeddable":true,"href":"https:\/\/agora.xtec.cat\/iesalfacs\/wp-json\/wp\/v2\/tags?post=2137"}],"curies":[{"name":"wp","href":"https:\/\/api.w.org\/{rel}","templated":true}]}}