{"id":2104,"date":"2018-05-17T13:53:22","date_gmt":"2018-05-17T11:53:22","guid":{"rendered":"http:\/\/agora.xtec.cat\/iesalfacs\/?p=2104"},"modified":"2018-05-17T16:24:12","modified_gmt":"2018-05-17T14:24:12","slug":"visita-empreses-aquicoles-al-delta-de-lebre","status":"publish","type":"post","link":"https:\/\/agora.xtec.cat\/iesalfacs\/portada\/visita-empreses-aquicoles-al-delta-de-lebre\/","title":{"rendered":"VISITA EMPRESES AQ\u00dc\u00cdCOLES AL DELTA DE L\u2019EBRE"},"content":{"rendered":"<p><a href=\"http:\/\/agora.xtec.cat\/iesalfacs\/wp-content\/uploads\/usu209\/2018\/05\/Montse03.jpg\"><img loading=\"lazy\" decoding=\"async\" class=\"alignnone size-large wp-image-2116\" src=\"http:\/\/agora.xtec.cat\/iesalfacs\/wp-content\/uploads\/usu209\/2018\/05\/Montse03-1024x768.jpg\" alt=\"\" width=\"1024\" height=\"768\" srcset=\"https:\/\/agora.xtec.cat\/iesalfacs\/wp-content\/uploads\/usu209\/2018\/05\/Montse03.jpg 1024w, https:\/\/agora.xtec.cat\/iesalfacs\/wp-content\/uploads\/usu209\/2018\/05\/Montse03-300x225.jpg 300w, https:\/\/agora.xtec.cat\/iesalfacs\/wp-content\/uploads\/usu209\/2018\/05\/Montse03-768x576.jpg 768w, https:\/\/agora.xtec.cat\/iesalfacs\/wp-content\/uploads\/usu209\/2018\/05\/Montse03-200x150.jpg 200w\" sizes=\"auto, (max-width: 1024px) 100vw, 1024px\" \/><\/a>Montse Garrido<\/p>\n<p>Dimarts dia 15 de maig, els alumnes de primer curs de grau superior \u00a0i els de grau mitj\u00e0 de l\u2019Escola d\u2019Aq\u00fcicultura van anar a veure les instal\u00b7lacions de tres empreses situades al Delta que es dediquen d\u2019una forma directa a l\u2019AQ\u00dcICULTURA. L\u2019alumnat va poder observar les diferents metodologies i finalitats de l\u2019empresa aq\u00fc\u00edcola: la producci\u00f3 de caviar a PROYECTIA, l\u2019educaci\u00f3 ambiental i la divulgaci\u00f3 de la fauna del territori a l\u2019ECOMUSEU i la reproducci\u00f3 per a fer alliberaments a la natura d\u2019esp\u00e8cies aut\u00f2ctones que es troben en perill d\u2019extinci\u00f3 al CENTRE ICTIOL\u00d2GIC DEL PARC NATURAL.<\/p>\n<p>Si us interessa el tema us recomanem que visiteu la p\u00e0gina web del departament on es detallen les tasques que est\u00e0 duent a terme el CI i els resultats:<\/p>\n<p><a href=\"http:\/\/mediambient.gencat.cat\/ca\/05_ambits_dactuacio\/patrimoni_natural\/fauna-autoctona-protegida\/centres-fauna-salvatge-animals-ferits\/centres-recuperacio-departament\/centre-ictiologic-delta-ebre\/\">http:\/\/mediambient.gencat.cat\/ca\/05_ambits_dactuacio\/patrimoni_natural\/fauna-autoctona-protegida\/centres-fauna-salvatge-animals-ferits\/centres-recuperacio-departament\/centre-ictiologic-delta-ebre\/<\/a><\/p>\n<p><a href=\"http:\/\/agora.xtec.cat\/iesalfacs\/wp-content\/uploads\/usu209\/2018\/05\/Monse02.jpg\"><img loading=\"lazy\" decoding=\"async\" class=\"alignnone size-large wp-image-2118\" src=\"http:\/\/agora.xtec.cat\/iesalfacs\/wp-content\/uploads\/usu209\/2018\/05\/Monse02-1024x768.jpg\" alt=\"\" width=\"1024\" height=\"768\" srcset=\"https:\/\/agora.xtec.cat\/iesalfacs\/wp-content\/uploads\/usu209\/2018\/05\/Monse02-1024x768.jpg 1024w, https:\/\/agora.xtec.cat\/iesalfacs\/wp-content\/uploads\/usu209\/2018\/05\/Monse02-300x225.jpg 300w, https:\/\/agora.xtec.cat\/iesalfacs\/wp-content\/uploads\/usu209\/2018\/05\/Monse02-768x576.jpg 768w, https:\/\/agora.xtec.cat\/iesalfacs\/wp-content\/uploads\/usu209\/2018\/05\/Monse02-200x150.jpg 200w, https:\/\/agora.xtec.cat\/iesalfacs\/wp-content\/uploads\/usu209\/2018\/05\/Monse02.jpg 1210w\" sizes=\"auto, (max-width: 1024px) 100vw, 1024px\" \/><\/a> <a href=\"http:\/\/agora.xtec.cat\/iesalfacs\/wp-content\/uploads\/usu209\/2018\/05\/Montse01.jpg\"><img loading=\"lazy\" decoding=\"async\" class=\"alignnone size-large wp-image-2119\" src=\"http:\/\/agora.xtec.cat\/iesalfacs\/wp-content\/uploads\/usu209\/2018\/05\/Montse01-1024x768.jpg\" alt=\"\" width=\"1024\" height=\"768\" srcset=\"https:\/\/agora.xtec.cat\/iesalfacs\/wp-content\/uploads\/usu209\/2018\/05\/Montse01-1024x768.jpg 1024w, https:\/\/agora.xtec.cat\/iesalfacs\/wp-content\/uploads\/usu209\/2018\/05\/Montse01-300x225.jpg 300w, https:\/\/agora.xtec.cat\/iesalfacs\/wp-content\/uploads\/usu209\/2018\/05\/Montse01-768x576.jpg 768w, https:\/\/agora.xtec.cat\/iesalfacs\/wp-content\/uploads\/usu209\/2018\/05\/Montse01-200x150.jpg 200w, https:\/\/agora.xtec.cat\/iesalfacs\/wp-content\/uploads\/usu209\/2018\/05\/Montse01.jpg 1162w\" sizes=\"auto, (max-width: 1024px) 100vw, 1024px\" \/><\/a><\/p>\n","protected":false},"excerpt":{"rendered":"<p>Montse Garrido Dimarts dia 15 de maig, els alumnes de primer curs de grau superior \u00a0i els de grau mitj\u00e0 de l\u2019Escola d\u2019Aq\u00fcicultura van anar a veure les instal\u00b7lacions de tres empreses situades al Delta que es dediquen d\u2019una forma directa a l\u2019AQ\u00dcICULTURA. L\u2019alumnat va poder observar les diferents metodologies i finalitats de l\u2019empresa aq\u00fc\u00edcola: [&hellip;]<\/p>\n","protected":false},"author":112,"featured_media":2116,"comment_status":"open","ping_status":"closed","sticky":false,"template":"","format":"standard","meta":{"_bbp_topic_count":0,"_bbp_reply_count":0,"_bbp_total_topic_count":0,"_bbp_total_reply_count":0,"_bbp_voice_count":0,"_bbp_anonymous_reply_count":0,"_bbp_topic_count_hidden":0,"_bbp_reply_count_hidden":0,"_bbp_forum_subforum_count":0,"site-sidebar-layout":"default","site-content-layout":"","ast-site-content-layout":"","site-content-style":"default","site-sidebar-style":"default","ast-global-header-display":"","ast-banner-title-visibility":"","ast-main-header-display":"","ast-hfb-above-header-display":"","ast-hfb-below-header-display":"","ast-hfb-mobile-header-display":"","site-post-title":"","ast-breadcrumbs-content":"","ast-featured-img":"","footer-sml-layout":"","theme-transparent-header-meta":"","adv-header-id-meta":"","stick-header-meta":"","header-above-stick-meta":"","header-main-stick-meta":"","header-below-stick-meta":"","astra-migrate-meta-layouts":"default","ast-page-background-enabled":"default","ast-page-background-meta":{"desktop":{"background-color":"var(--ast-global-color-4)","background-image":"","background-repeat":"repeat","background-position":"center center","background-size":"auto","background-attachment":"scroll","background-type":"","background-media":"","overlay-type":"","overlay-color":"","overlay-opacity":"","overlay-gradient":""},"tablet":{"background-color":"","background-image":"","background-repeat":"repeat","background-position":"center center","background-size":"auto","background-attachment":"scroll","background-type":"","background-media":"","overlay-type":"","overlay-color":"","overlay-opacity":"","overlay-gradient":""},"mobile":{"background-color":"","background-image":"","background-repeat":"repeat","background-position":"center center","background-size":"auto","background-attachment":"scroll","background-type":"","background-media":"","overlay-type":"","overlay-color":"","overlay-opacity":"","overlay-gradient":""}},"ast-content-background-meta":{"desktop":{"background-color":"var(--ast-global-color-5)","background-image":"","background-repeat":"repeat","background-position":"center center","background-size":"auto","background-attachment":"scroll","background-type":"","background-media":"","overlay-type":"","overlay-color":"","overlay-opacity":"","overlay-gradient":""},"tablet":{"background-color":"var(--ast-global-color-5)","background-image":"","background-repeat":"repeat","background-position":"center center","background-size":"auto","background-attachment":"scroll","background-type":"","background-media":"","overlay-type":"","overlay-color":"","overlay-opacity":"","overlay-gradient":""},"mobile":{"background-color":"var(--ast-global-color-5)","background-image":"","background-repeat":"repeat","background-position":"center center","background-size":"auto","background-attachment":"scroll","background-type":"","background-media":"","overlay-type":"","overlay-color":"","overlay-opacity":"","overlay-gradient":""}},"footnotes":""},"categories":[29],"tags":[],"class_list":["post-2104","post","type-post","status-publish","format-standard","has-post-thumbnail","hentry","category-portada"],"post_mailing_queue_ids":[],"_links":{"self":[{"href":"https:\/\/agora.xtec.cat\/iesalfacs\/wp-json\/wp\/v2\/posts\/2104","targetHints":{"allow":["GET"]}}],"collection":[{"href":"https:\/\/agora.xtec.cat\/iesalfacs\/wp-json\/wp\/v2\/posts"}],"about":[{"href":"https:\/\/agora.xtec.cat\/iesalfacs\/wp-json\/wp\/v2\/types\/post"}],"author":[{"embeddable":true,"href":"https:\/\/agora.xtec.cat\/iesalfacs\/wp-json\/wp\/v2\/users\/112"}],"replies":[{"embeddable":true,"href":"https:\/\/agora.xtec.cat\/iesalfacs\/wp-json\/wp\/v2\/comments?post=2104"}],"version-history":[{"count":3,"href":"https:\/\/agora.xtec.cat\/iesalfacs\/wp-json\/wp\/v2\/posts\/2104\/revisions"}],"predecessor-version":[{"id":2120,"href":"https:\/\/agora.xtec.cat\/iesalfacs\/wp-json\/wp\/v2\/posts\/2104\/revisions\/2120"}],"wp:featuredmedia":[{"embeddable":true,"href":"https:\/\/agora.xtec.cat\/iesalfacs\/wp-json\/wp\/v2\/media\/2116"}],"wp:attachment":[{"href":"https:\/\/agora.xtec.cat\/iesalfacs\/wp-json\/wp\/v2\/media?parent=2104"}],"wp:term":[{"taxonomy":"category","embeddable":true,"href":"https:\/\/agora.xtec.cat\/iesalfacs\/wp-json\/wp\/v2\/categories?post=2104"},{"taxonomy":"post_tag","embeddable":true,"href":"https:\/\/agora.xtec.cat\/iesalfacs\/wp-json\/wp\/v2\/tags?post=2104"}],"curies":[{"name":"wp","href":"https:\/\/api.w.org\/{rel}","templated":true}]}}