{"id":2084,"date":"2018-05-10T08:45:48","date_gmt":"2018-05-10T06:45:48","guid":{"rendered":"http:\/\/agora.xtec.cat\/iesalfacs\/?p=2084"},"modified":"2018-05-10T08:45:48","modified_gmt":"2018-05-10T06:45:48","slug":"ii-setmana-dorientacio-academica-i-professional","status":"publish","type":"post","link":"https:\/\/agora.xtec.cat\/iesalfacs\/general\/ii-setmana-dorientacio-academica-i-professional\/","title":{"rendered":"II SETMANA D&#8217;ORIENTACI\u00d3 ACAD\u00c8MICA I PROFESSIONAL"},"content":{"rendered":"<p>Durant aquesta setmana es realitzen una s\u00e8rie d&#8217;activitats sobretot per als alumnes de 3r i 4t per tal d&#8217;orientar-los despr\u00e9s dels estudis de secund\u00e0ria obligat\u00f2ria. Al vest\u00edbul hi ha un cartell explicatiu de les diferents opcions per fer la tria i dimecres 9 de maig a la tarda es va convocar una reuni\u00f3 per als pares de l&#8217;alumnat de 4t d&#8217;ESO relacionada amb el tema de l&#8217;orientaci\u00f3 entre altres coses.<\/p>\n<p>El psicopedagog de 2n cicle del centre, Paco Quiles juntament amb la coordinadora de 2n cicle No\u00e8lia Borr\u00e0s, s\u00f3n els encarregats de dinamitzar l&#8217;orientaci\u00f3 i els tutors i tutores desenvolupen un paper important a l&#8217;hora de fer guiatge en aquest sentit. Cal dir tamb\u00e9 que Paco Brunet com a representant del batxillerat, Ra\u00fcl Vidal de cicles formatius de Gesti\u00f3 Administrativa i Marta Gonz\u00e1lez de l&#8217;escola d&#8217;Aq\u00fcicultura han realitzat un torn de xarrades per a l&#8217;alumnat de 4t d&#8217;ESO per tal d&#8217;informa-los de tota l&#8217;oferta educativa postobligat\u00f2ria de l&#8217;institut Els Alfacs.<\/p>\n","protected":false},"excerpt":{"rendered":"<p>Durant aquesta setmana es realitzen una s\u00e8rie d&#8217;activitats sobretot per als alumnes de 3r i 4t per tal d&#8217;orientar-los despr\u00e9s dels estudis de secund\u00e0ria obligat\u00f2ria. Al vest\u00edbul hi ha un cartell explicatiu de les diferents opcions per fer la tria i dimecres 9 de maig a la tarda es va convocar una reuni\u00f3 per als [&hellip;]<\/p>\n","protected":false},"author":7,"featured_media":2085,"comment_status":"open","ping_status":"closed","sticky":false,"template":"","format":"standard","meta":{"_bbp_topic_count":0,"_bbp_reply_count":0,"_bbp_total_topic_count":0,"_bbp_total_reply_count":0,"_bbp_voice_count":0,"_bbp_anonymous_reply_count":0,"_bbp_topic_count_hidden":0,"_bbp_reply_count_hidden":0,"_bbp_forum_subforum_count":0,"site-sidebar-layout":"default","site-content-layout":"","ast-site-content-layout":"","site-content-style":"default","site-sidebar-style":"default","ast-global-header-display":"","ast-banner-title-visibility":"","ast-main-header-display":"","ast-hfb-above-header-display":"","ast-hfb-below-header-display":"","ast-hfb-mobile-header-display":"","site-post-title":"","ast-breadcrumbs-content":"","ast-featured-img":"","footer-sml-layout":"","theme-transparent-header-meta":"","adv-header-id-meta":"","stick-header-meta":"","header-above-stick-meta":"","header-main-stick-meta":"","header-below-stick-meta":"","astra-migrate-meta-layouts":"default","ast-page-background-enabled":"default","ast-page-background-meta":{"desktop":{"background-color":"var(--ast-global-color-4)","background-image":"","background-repeat":"repeat","background-position":"center center","background-size":"auto","background-attachment":"scroll","background-type":"","background-media":"","overlay-type":"","overlay-color":"","overlay-opacity":"","overlay-gradient":""},"tablet":{"background-color":"","background-image":"","background-repeat":"repeat","background-position":"center center","background-size":"auto","background-attachment":"scroll","background-type":"","background-media":"","overlay-type":"","overlay-color":"","overlay-opacity":"","overlay-gradient":""},"mobile":{"background-color":"","background-image":"","background-repeat":"repeat","background-position":"center center","background-size":"auto","background-attachment":"scroll","background-type":"","background-media":"","overlay-type":"","overlay-color":"","overlay-opacity":"","overlay-gradient":""}},"ast-content-background-meta":{"desktop":{"background-color":"var(--ast-global-color-5)","background-image":"","background-repeat":"repeat","background-position":"center center","background-size":"auto","background-attachment":"scroll","background-type":"","background-media":"","overlay-type":"","overlay-color":"","overlay-opacity":"","overlay-gradient":""},"tablet":{"background-color":"var(--ast-global-color-5)","background-image":"","background-repeat":"repeat","background-position":"center center","background-size":"auto","background-attachment":"scroll","background-type":"","background-media":"","overlay-type":"","overlay-color":"","overlay-opacity":"","overlay-gradient":""},"mobile":{"background-color":"var(--ast-global-color-5)","background-image":"","background-repeat":"repeat","background-position":"center center","background-size":"auto","background-attachment":"scroll","background-type":"","background-media":"","overlay-type":"","overlay-color":"","overlay-opacity":"","overlay-gradient":""}},"footnotes":""},"categories":[1,29],"tags":[],"class_list":["post-2084","post","type-post","status-publish","format-standard","has-post-thumbnail","hentry","category-general","category-portada"],"post_mailing_queue_ids":[],"_links":{"self":[{"href":"https:\/\/agora.xtec.cat\/iesalfacs\/wp-json\/wp\/v2\/posts\/2084","targetHints":{"allow":["GET"]}}],"collection":[{"href":"https:\/\/agora.xtec.cat\/iesalfacs\/wp-json\/wp\/v2\/posts"}],"about":[{"href":"https:\/\/agora.xtec.cat\/iesalfacs\/wp-json\/wp\/v2\/types\/post"}],"author":[{"embeddable":true,"href":"https:\/\/agora.xtec.cat\/iesalfacs\/wp-json\/wp\/v2\/users\/7"}],"replies":[{"embeddable":true,"href":"https:\/\/agora.xtec.cat\/iesalfacs\/wp-json\/wp\/v2\/comments?post=2084"}],"version-history":[{"count":1,"href":"https:\/\/agora.xtec.cat\/iesalfacs\/wp-json\/wp\/v2\/posts\/2084\/revisions"}],"predecessor-version":[{"id":2086,"href":"https:\/\/agora.xtec.cat\/iesalfacs\/wp-json\/wp\/v2\/posts\/2084\/revisions\/2086"}],"wp:featuredmedia":[{"embeddable":true,"href":"https:\/\/agora.xtec.cat\/iesalfacs\/wp-json\/wp\/v2\/media\/2085"}],"wp:attachment":[{"href":"https:\/\/agora.xtec.cat\/iesalfacs\/wp-json\/wp\/v2\/media?parent=2084"}],"wp:term":[{"taxonomy":"category","embeddable":true,"href":"https:\/\/agora.xtec.cat\/iesalfacs\/wp-json\/wp\/v2\/categories?post=2084"},{"taxonomy":"post_tag","embeddable":true,"href":"https:\/\/agora.xtec.cat\/iesalfacs\/wp-json\/wp\/v2\/tags?post=2084"}],"curies":[{"name":"wp","href":"https:\/\/api.w.org\/{rel}","templated":true}]}}